{"id":109343,"date":"2025-12-06T14:58:13","date_gmt":"2025-12-06T14:58:13","guid":{"rendered":"https:\/\/www.europesays.com\/fi\/109343\/"},"modified":"2025-12-06T14:58:13","modified_gmt":"2025-12-06T14:58:13","slug":"iso-ongelma-netissa-suuret-sivustot-alhaalla-ikea-mukaan-lukien","status":"publish","type":"post","link":"https:\/\/www.europesays.com\/fi\/109343\/","title":{"rendered":"Iso ongelma netiss\u00e4, suuret sivustot alhaalla Ikea mukaan lukien"},"content":{"rendered":"<p>Viikko sitten vietettiin Black Fridayta. Nyt perjantai oli monelle musta aivan toisesta syyst\u00e4.<\/p>\n<p>5.12. 12:42<\/p>\n<p class=\"article-body mb-nof-24 px-nof-16\">Internetiin iski perjantaina vika, joka esti tai hidasti lukuisten verkkosivustojen k\u00e4ytt\u00f6\u00e4. Viasta k\u00e4rsiv\u00e4t lukemattomat verkkosivustot, esimerkiksi Ikea, Rusta ja Jula. Muun muassa Ikean sivut eiv\u00e4t avautuneet aamup\u00e4iv\u00e4ll\u00e4 ollenkaan hetkeen.<\/p>\n<p class=\"article-body mb-nof-24 px-nof-16\">Syyn\u00e4 oli Cloudflare-palveluntarjoajan tekninen vika. Cloudflaren mukaan verkkosovelluspalomuurin pyynt\u00f6jen j\u00e4sentelyyn tehty muutos aiheutti usean minuutin h\u00e4iri\u00f6n.<\/p>\n<p class=\"article-body mb-nof-24 px-nof-16\">\u2013 Kyseess\u00e4 ei ollut hy\u00f6kk\u00e4ys. Tiimimme teki muutoksen est\u00e4\u00e4kseen t\u00e4ll\u00e4 viikolla React Server Components -teknologiassa paljastuneen laajan haavoittuvuuden hyv\u00e4ksik\u00e4yt\u00f6n.<\/p>\n<p class=\"article-body mb-nof-24 px-nof-16\">Cloudflare on merkitt\u00e4v\u00e4 osa internetin n\u00e4kym\u00e4t\u00f6nt\u00e4 selk\u00e4rankaa. Se on sis\u00e4ll\u00f6njakeluverkko, joka jakaa verkkosivustojen sis\u00e4ll\u00f6n ymp\u00e4ri maailmaa sijaitseviin palvelimiin. K\u00e4ytt\u00e4j\u00e4t lataavat sis\u00e4ll\u00f6n automaattisesti l\u00e4himm\u00e4lt\u00e4 palvelimelta, mik\u00e4 nopeuttaa latausaikaa.<\/p>\n<p class=\"article-body mb-nof-24 px-nof-16\">Kun jakeluverkossa on vikaa, vikaa voi olla my\u00f6s sit\u00e4 hy\u00f6dynt\u00e4viss\u00e4 verkkopalveluissa. Cloudflarea k\u00e4ytt\u00e4v\u00e4t sivut toimivat hitaasti tai eiv\u00e4t lainkaan.<\/p>\n<p class=\"article-body mb-nof-24 px-nof-16\">Palvelussa oli viimeksi vikaa marraskuussa. My\u00f6s silloin ongelmat olivat maailmanlaajuisia ja iskiv\u00e4t my\u00f6s moneen suomalaiseen sivustoon.<\/p>\n<p class=\"article-body mb-nof-24 px-nof-16\">Lue lis\u00e4\u00e4: <a class=\"article-genericlink\" href=\"https:\/\/www.is.fi\/digitoday\/art-2000011635176.html\" rel=\"nofollow noopener\" target=\"_blank\">Internet on taas kunnossa<\/a><\/p>\n<p class=\"article-body mb-nof-24 px-nof-16\">Internetiss\u00e4 on ollut viime aikoina useita laajoja palvelukatkoja. Cloudflaren ohella ongelmista on k\u00e4rsinyt my\u00f6s Amazon Web Services, joka on yksi maailman suurimmista konesaliyhti\u00f6ist\u00e4.<\/p>\n<p class=\"article-body mb-nof-24 px-nof-16\">Katkot ovat her\u00e4tt\u00e4neet keskustelua koko internetin haavoittuvuudesta.<\/p>\n<p class=\"article-body mb-nof-24 px-nof-16\">Vain v\u00e4h\u00e4n ennen perjantain ongelmia Cloudflare <a class=\"article-genericlink\" href=\"https:\/\/blog.cloudflare.com\/ddos-threat-report-2025-q3\/\" rel=\"nofollow noopener\" target=\"_blank\">kertoi est\u00e4neens\u00e4<\/a> harvinaisen voimakkaan palvelunestohy\u00f6kk\u00e4yksen nime\u00e4m\u00e4t\u00f6nt\u00e4 kohdetta vastaan. Cloudflare ei kertonut, koska hy\u00f6kk\u00e4yst\u00e4 yritettiin, mutta palvelu sai sen aisoihin v\u00e4h\u00e4n yli minuutissa.<\/p>\n<p class=\"article-body mb-nof-24 px-nof-16\">Hy\u00f6kk\u00e4yksess\u00e4 k\u00e4ytettiin Aisuru-bottiverkkoa, eli saastuneista ja internetiin kytketyist\u00e4 laitteista muodostuvaa kokonaisuutta.<\/p>\n","protected":false},"excerpt":{"rendered":"Viikko sitten vietettiin Black Fridayta. Nyt perjantai oli monelle musta aivan toisesta syyst\u00e4. 5.12. 12:42 Internetiin iski perjantaina&hellip;\n","protected":false},"author":2,"featured_media":109344,"comment_status":"","ping_status":"","sticky":false,"template":"","format":"standard","meta":{"footnotes":""},"categories":[87],"tags":[33,31,30,34,148,32,91,92],"class_list":{"0":"post-109343","1":"post","2":"type-post","3":"status-publish","4":"format-standard","5":"has-post-thumbnail","7":"category-internet","8":"tag-fi","9":"tag-finland","10":"tag-finnish","11":"tag-ilta-sanomat","12":"tag-internet","13":"tag-suomi","14":"tag-technology","15":"tag-teknologia"},"share_on_mastodon":{"url":"https:\/\/pubeurope.com\/@fi\/115673215973335819","error":""},"_links":{"self":[{"href":"https:\/\/www.europesays.com\/fi\/wp-json\/wp\/v2\/posts\/109343","targetHints":{"allow":["GET"]}}],"collection":[{"href":"https:\/\/www.europesays.com\/fi\/wp-json\/wp\/v2\/posts"}],"about":[{"href":"https:\/\/www.europesays.com\/fi\/wp-json\/wp\/v2\/types\/post"}],"author":[{"embeddable":true,"href":"https:\/\/www.europesays.com\/fi\/wp-json\/wp\/v2\/users\/2"}],"replies":[{"embeddable":true,"href":"https:\/\/www.europesays.com\/fi\/wp-json\/wp\/v2\/comments?post=109343"}],"version-history":[{"count":0,"href":"https:\/\/www.europesays.com\/fi\/wp-json\/wp\/v2\/posts\/109343\/revisions"}],"wp:featuredmedia":[{"embeddable":true,"href":"https:\/\/www.europesays.com\/fi\/wp-json\/wp\/v2\/media\/109344"}],"wp:attachment":[{"href":"https:\/\/www.europesays.com\/fi\/wp-json\/wp\/v2\/media?parent=109343"}],"wp:term":[{"taxonomy":"category","embeddable":true,"href":"https:\/\/www.europesays.com\/fi\/wp-json\/wp\/v2\/categories?post=109343"},{"taxonomy":"post_tag","embeddable":true,"href":"https:\/\/www.europesays.com\/fi\/wp-json\/wp\/v2\/tags?post=109343"}],"curies":[{"name":"wp","href":"https:\/\/api.w.org\/{rel}","templated":true}]}}