{"id":109351,"date":"2025-12-06T15:09:08","date_gmt":"2025-12-06T15:09:08","guid":{"rendered":"https:\/\/www.europesays.com\/fi\/109351\/"},"modified":"2025-12-06T15:09:08","modified_gmt":"2025-12-06T15:09:08","slug":"netflixista-poistuu-huippuohjaajan-sotadraama-kertoo-tarkka-ampujasta-persianlahden-sodassa","status":"publish","type":"post","link":"https:\/\/www.europesays.com\/fi\/109351\/","title":{"rendered":"Netflixist\u00e4 poistuu huippuohjaajan sotadraama \u2013 kertoo tarkka-ampujasta Persianlahden sodassa"},"content":{"rendered":"<p>Merijalkav\u00e4en mies (Jarhead, 2005) poistuu Netflixist\u00e4 10. joulukuuta..<\/p>\n<p>Oscar-voittaja <strong>Sam Mendesin<\/strong> (American Beauty, 1917) ohjaama sotadraama perustuu <strong>Anthony Swoffordin<\/strong> muistelmiin. Elokuva kertoo tarkka-ampuja Swoffordin kokemuksista Persianlahden sodassa. Sota lopulta ei olekaan niin j\u00e4nnitt\u00e4v\u00e4\u00e4 ja toiminnant\u00e4yteist\u00e4 kuin alun perin voisi kuvitella.<\/p>\n<p>Lue my\u00f6s: <a href=\"https:\/\/www.episodi.fi\/uutiset\/viela-hetken-netflixissa-2010-luvun-paras-mysteerielokuva-kieroutuneessa-leffa-taynna-kaanteita\/\" title=\"Viel\u00e4 hetken Netflixiss\u00e4: 2010-luvun paras mysteerielokuva? Kieroutunut leffa t\u00e4ynn\u00e4 k\u00e4\u00e4nteit\u00e4!\" class=\"underline-custom !font-montserrat !font-bold !underline-offset-4 !decoration-4 !decoration-episodi-blue !text-md\" rel=\"nofollow noopener\" target=\"_blank\">Viel\u00e4 hetken Netflixiss\u00e4: 2010-luvun paras mysteerielokuva? Kieroutunut leffa t\u00e4ynn\u00e4 k\u00e4\u00e4nteit\u00e4!<\/a><\/p>\n<p>Lue my\u00f6s: <a href=\"https:\/\/www.episodi.fi\/uutiset\/nyt-netflixissa-bruce-willisin-uusintaversio-vuoden-1974-toimintaklassikosta\/\" title=\"Nyt Netflixiss\u00e4: Bruce Willisin uusintaversio vuoden 1974 toimintaklassikosta\" class=\"underline-custom !font-montserrat !font-bold !underline-offset-4 !decoration-4 !decoration-episodi-blue !text-md\" rel=\"nofollow noopener\" target=\"_blank\">Nyt Netflixiss\u00e4: Bruce Willisin uusintaversio vuoden 1974 toimintaklassikosta<\/a><\/p>\n<p>P\u00e4\u00e4osissa n\u00e4hd\u00e4\u00e4n <strong>Jake Gyllenhaal<\/strong>, <strong>Peter Sarsgaard<\/strong>, <strong>Chris Cooper<\/strong>, <strong>Dennis Haysbert<\/strong>, <strong>Jamie Foxx<\/strong> ja <strong>Lucas Black<\/strong>.<\/p>\n<p>Elokuvan <a href=\"https:\/\/www.rottentomatoes.com\/m\/1152567-jarhead\" rel=\"noreferrer noopener nofollow\" target=\"_blank\">Rotten Tomatoes -prosentti<\/a> on 61.<\/p>\n<p>Katso traileri alta. <\/p>\n<p><img loading=\"lazy\" decoding=\"async\" alt=\"YouTube video\" width=\"480\" height=\"360\" data-pin-nopin=\"true\" nopin=\"nopin\" class=\"perfmatters-lazy\" src=\"https:\/\/www.europesays.com\/fi\/wp-content\/uploads\/2025\/12\/1765033748_576_hqdefault.jpg\"\/><\/p>\n<p>Lue my\u00f6s: <a href=\"https:\/\/www.episodi.fi\/uutiskirje\/?uutiskirjemainos=tekstilinkkimainos\" title=\"Tilaa Episodin uutiskirje ja voit voittaa leffalippuja! Nappaa tv-vinkit suoraan s\u00e4hk\u00f6postiin t\u00e4st\u00e4.\" class=\"underline-custom !font-montserrat !font-bold !underline-offset-4 !decoration-4 !decoration-episodi-blue !text-md\" rel=\"nofollow noopener\" target=\"_blank\">Tilaa Episodin uutiskirje ja voit voittaa leffalippuja! Nappaa katseluvinkit suoraan s\u00e4hk\u00f6postiin t\u00e4st\u00e4.<\/a><\/p>\n","protected":false},"excerpt":{"rendered":"Merijalkav\u00e4en mies (Jarhead, 2005) poistuu Netflixist\u00e4 10. joulukuuta.. Oscar-voittaja Sam Mendesin (American Beauty, 1917) ohjaama sotadraama perustuu Anthony&hellip;\n","protected":false},"author":2,"featured_media":109352,"comment_status":"","ping_status":"","sticky":false,"template":"","format":"standard","meta":{"footnotes":""},"categories":[130],"tags":[137,33,31,30,217,32,109],"class_list":{"0":"post-109351","1":"post","2":"type-post","3":"status-publish","4":"format-standard","5":"has-post-thumbnail","7":"category-viihde","8":"tag-entertainment","9":"tag-fi","10":"tag-finland","11":"tag-finnish","12":"tag-netflix","13":"tag-suomi","14":"tag-viihde"},"share_on_mastodon":{"url":"https:\/\/pubeurope.com\/@fi\/115673259328088403","error":""},"_links":{"self":[{"href":"https:\/\/www.europesays.com\/fi\/wp-json\/wp\/v2\/posts\/109351","targetHints":{"allow":["GET"]}}],"collection":[{"href":"https:\/\/www.europesays.com\/fi\/wp-json\/wp\/v2\/posts"}],"about":[{"href":"https:\/\/www.europesays.com\/fi\/wp-json\/wp\/v2\/types\/post"}],"author":[{"embeddable":true,"href":"https:\/\/www.europesays.com\/fi\/wp-json\/wp\/v2\/users\/2"}],"replies":[{"embeddable":true,"href":"https:\/\/www.europesays.com\/fi\/wp-json\/wp\/v2\/comments?post=109351"}],"version-history":[{"count":0,"href":"https:\/\/www.europesays.com\/fi\/wp-json\/wp\/v2\/posts\/109351\/revisions"}],"wp:featuredmedia":[{"embeddable":true,"href":"https:\/\/www.europesays.com\/fi\/wp-json\/wp\/v2\/media\/109352"}],"wp:attachment":[{"href":"https:\/\/www.europesays.com\/fi\/wp-json\/wp\/v2\/media?parent=109351"}],"wp:term":[{"taxonomy":"category","embeddable":true,"href":"https:\/\/www.europesays.com\/fi\/wp-json\/wp\/v2\/categories?post=109351"},{"taxonomy":"post_tag","embeddable":true,"href":"https:\/\/www.europesays.com\/fi\/wp-json\/wp\/v2\/tags?post=109351"}],"curies":[{"name":"wp","href":"https:\/\/api.w.org\/{rel}","templated":true}]}}