{"id":109357,"date":"2025-12-06T15:14:08","date_gmt":"2025-12-06T15:14:08","guid":{"rendered":"https:\/\/www.europesays.com\/fi\/109357\/"},"modified":"2025-12-06T15:14:08","modified_gmt":"2025-12-06T15:14:08","slug":"nuori-mies-kuoli-yliajon-uhrina-poliisin-mukaan-autoilija-yritti-osua-kolmeen-muuhunkin","status":"publish","type":"post","link":"https:\/\/www.europesays.com\/fi\/109357\/","title":{"rendered":"Nuori mies kuoli yliajon uhrina, poliisin mukaan autoilija yritti osua kolmeen muuhunkin"},"content":{"rendered":"<p>Heinola|Poliisin mukaan uhrin seurue ja ep\u00e4ilty olivat ennen yliajoa asioineet samaan aikaan l\u00e4heisell\u00e4 grillikioskilla.<\/p>\n<p class=\"article-body mb-nof-24 px-nof-16\">Nuori mies kuoli lauantain vastaisena y\u00f6n\u00e4 yliajossa Heinolassa, H\u00e4meen poliisi kertoo tiedotteessaan. Yliajon uhri on noin 20-vuotias paikallinen mies.<\/p>\n<p class=\"article-body mb-nof-24 px-nof-16\">Poliisin mukaan uhri oli ollut puoleny\u00f6n j\u00e4lkeen jalkak\u00e4yt\u00e4v\u00e4ll\u00e4 k\u00e4velem\u00e4ss\u00e4 kolmen muun samaan seurueeseen kuuluneen miehen kanssa Virtakatua pitkin kohti Kauppakatua.<\/p>\n<p class=\"article-body mb-nof-24 px-nof-16\">Hieman ennen Kauppakadun risteyst\u00e4 seurueen takaa oli tullut farmarimallinen auto, joka oli ennen seurueen sivuuttamista koukannut ajoradalta jalkak\u00e4yt\u00e4v\u00e4lle ja osunut uhriin.<\/p>\n<p class=\"article-body mb-nof-24 px-nof-16\">Miehen seurassa olleet muut ihmiset v\u00e4istiv\u00e4t autoa. He eiv\u00e4t loukkaantuneet tilanteessa.<\/p>\n<p class=\"article-body mb-nof-24 px-nof-16\">Poliisin mukaan uhrin seurue ja ep\u00e4ilty autoilija olivat hetke\u00e4 aiemmin asioineet samaan aikaan l\u00e4heisell\u00e4 grillikioskilla.<\/p>\n<p class=\"article-body mb-nof-24 px-nof-16\">Rikoskomisario <a class=\"article-personlink\" href=\"https:\/\/www.hs.fi\/haku\/?query=Ville%20Hahl\" rel=\"nofollow noopener\" target=\"_blank\">Ville Hahl<\/a> H\u00e4meen poliisilaitokselta kertoo seurueen ja ep\u00e4illyn olleen grillikioskilla jonkinlaisessa kontaktissa kesken\u00e4\u00e4n. Hahlin mukaan poliisi selvitt\u00e4\u00e4 viel\u00e4, onko heid\u00e4n v\u00e4lilleen syttynyt esimerkiksi jonkinlainen riita.<\/p>\n<p class=\"article-body mb-nof-24 px-nof-16\">\u201dKyse on ollut ennemminkin negatiivisesta kuin positiivisesta kontaktista.\u201d<\/p>\n<p class=\"article-body mb-nof-24 px-nof-16\">Ep\u00e4ilty ei tuntenut uhria ja t\u00e4m\u00e4n seuruetta ennalta.<\/p>\n<p class=\"article-body mb-nof-24 px-nof-16\">Tapahtuneen j\u00e4lkeen autoilija jatkoi matkaansa. Poliisi l\u00f6ysi auton hyl\u00e4ttyn\u00e4 Heinolan keskusta-alueen ulkopuolelta.<\/p>\n<p class=\"article-body mb-nof-24 px-nof-16\">Poliisi tavoitti ajoneuvon ep\u00e4illyn kuljettajan l\u00e4hialueen kadulta. Kyseess\u00e4 on noin 30-vuotias mies, Hahl kertoo. Poliisi on ottanut ep\u00e4illyn kiinni.<\/p>\n<p class=\"article-body mb-nof-24 px-nof-16\">Poliisi ep\u00e4ilee h\u00e4nt\u00e4 taposta, kolmesta tapon yrityksest\u00e4 ja t\u00f6rke\u00e4st\u00e4 rattijuopumuksesta.<\/p>\n<p class=\"article-body mb-nof-24 px-nof-16\">Poliisi pyyt\u00e4\u00e4 havaintoja ep\u00e4illyn k\u00e4yt\u00f6ss\u00e4 olleesta, harmaan sinert\u00e4v\u00e4n V50 farmari-Volvon liikkeist\u00e4 Heinolan keskustassa perjantain ja lauantain v\u00e4lisen\u00e4 y\u00f6n\u00e4.<\/p>\n<p class=\"article-body mb-nof-24 px-nof-16\">Poliisille on kerrottu, ett\u00e4 v\u00e4litt\u00f6m\u00e4sti tapahtuman j\u00e4lkeen paikalle olisi pys\u00e4htynyt autolla liikkunut sivullinen mies, joka oli hetken aikaa keskustellut uhrin seurueen kanssa. Samoin tapahtumapaikalle oli pys\u00e4htynyt jalkaisin liikkeell\u00e4 ollut sivullinen nainen. Poliisi pyyt\u00e4\u00e4 n\u00e4it\u00e4 sivullisia ilmoittautumaan H\u00e4meen poliisille. Heit\u00e4 ei ep\u00e4ill\u00e4 rikoksesta.<\/p>\n<p class=\"article-body mb-nof-24 px-nof-16\">Tietoja pyydet\u00e4\u00e4n H\u00e4meen poliisin numeroon 050-4130594 tai s\u00e4hk\u00f6postitse: vihjeet.hame@poliisi.fi.<\/p>\n","protected":false},"excerpt":{"rendered":"Heinola|Poliisin mukaan uhrin seurue ja ep\u00e4ilty olivat ennen yliajoa asioineet samaan aikaan l\u00e4heisell\u00e4 grillikioskilla. Nuori mies kuoli lauantain&hellip;\n","protected":false},"author":2,"featured_media":96697,"comment_status":"","ping_status":"","sticky":false,"template":"","format":"standard","meta":{"footnotes":""},"categories":[12],"tags":[22,23,26,27,33,31,30,17,46,24,25,28,29,15,18,21,32,19,20,16],"class_list":{"0":"post-109357","1":"post","2":"type-post","3":"status-publish","4":"format-standard","5":"has-post-thumbnail","7":"category-suomi","8":"tag-breaking-news","9":"tag-breakingnews","10":"tag-featured-news","11":"tag-featurednews","12":"tag-fi","13":"tag-finland","14":"tag-finnish","15":"tag-headlines","16":"tag-helsingin-sanomat","17":"tag-latest-news","18":"tag-latestnews","19":"tag-main-news","20":"tag-mainnews","21":"tag-news","22":"tag-otsikot","23":"tag-paauutiset","24":"tag-suomi","25":"tag-top-stories","26":"tag-topstories","27":"tag-uutiset"},"share_on_mastodon":{"url":"https:\/\/pubeurope.com\/@fi\/115673278966640531","error":""},"_links":{"self":[{"href":"https:\/\/www.europesays.com\/fi\/wp-json\/wp\/v2\/posts\/109357","targetHints":{"allow":["GET"]}}],"collection":[{"href":"https:\/\/www.europesays.com\/fi\/wp-json\/wp\/v2\/posts"}],"about":[{"href":"https:\/\/www.europesays.com\/fi\/wp-json\/wp\/v2\/types\/post"}],"author":[{"embeddable":true,"href":"https:\/\/www.europesays.com\/fi\/wp-json\/wp\/v2\/users\/2"}],"replies":[{"embeddable":true,"href":"https:\/\/www.europesays.com\/fi\/wp-json\/wp\/v2\/comments?post=109357"}],"version-history":[{"count":0,"href":"https:\/\/www.europesays.com\/fi\/wp-json\/wp\/v2\/posts\/109357\/revisions"}],"wp:featuredmedia":[{"embeddable":true,"href":"https:\/\/www.europesays.com\/fi\/wp-json\/wp\/v2\/media\/96697"}],"wp:attachment":[{"href":"https:\/\/www.europesays.com\/fi\/wp-json\/wp\/v2\/media?parent=109357"}],"wp:term":[{"taxonomy":"category","embeddable":true,"href":"https:\/\/www.europesays.com\/fi\/wp-json\/wp\/v2\/categories?post=109357"},{"taxonomy":"post_tag","embeddable":true,"href":"https:\/\/www.europesays.com\/fi\/wp-json\/wp\/v2\/tags?post=109357"}],"curies":[{"name":"wp","href":"https:\/\/api.w.org\/{rel}","templated":true}]}}