{"id":109360,"date":"2025-12-06T15:27:09","date_gmt":"2025-12-06T15:27:09","guid":{"rendered":"https:\/\/www.europesays.com\/fi\/109360\/"},"modified":"2025-12-06T15:27:09","modified_gmt":"2025-12-06T15:27:09","slug":"elon-muskilta-raju-viesti-henna-virkkuselle","status":"publish","type":"post","link":"https:\/\/www.europesays.com\/fi\/109360\/","title":{"rendered":"Elon Muskilta raju viesti Henna Virkkuselle"},"content":{"rendered":"<p>Elon Musk ei sulattanut Henna Virkkusen julkaisua X:ss\u00e4.<\/p>\n<p><img decoding=\"async\" class=\"image image-show image-preview\" src=\"https:\/\/www.europesays.com\/fi\/wp-content\/uploads\/2025\/12\/bca1b06666c60c42706544ab1ee80352dad58938d3585dceec975059ab7eef91.jpg\" alt=\"\"\/><img decoding=\"async\" class=\"image image-show\" src=\"https:\/\/www.europesays.com\/fi\/wp-content\/uploads\/2025\/12\/1765034829_895_bca1b06666c60c42706544ab1ee80352dad58938d3585dceec975059ab7eef91.jpg\" alt=\"\"\/><\/p>\n<p>Elon Muskin omistamalle X:lle m\u00e4\u00e4r\u00e4ttiin 120 miljoonan euron sakko. AOP<\/p>\n<p class=\"paragraph\">Digiasioista vastaava EU-komissaari <strong>Henna Virkkunen<\/strong> (kok) joutui <strong>Elon Muskin<\/strong> hampaisiin viestipalvelu X:ss\u00e4.<\/p>\n<p class=\"paragraph\">\u2013 Rakastat sensuuria enemm\u00e4n kuin el\u00e4m\u00e4\u00e4. My\u00f6nn\u00e4 vain se, Musk latasi Virkkuselle X:ss\u00e4.<\/p>\n<p class=\"paragraph\">Jos upotus ei n\u00e4y, voit katsoa sen <a href=\"https:\/\/x.com\/elonmusk\/status\/1997010691325145531?s=19\" target=\"_blank\" rel=\"noopener nofollow\">t\u00e4st\u00e4<\/a>.<\/p>\n<p class=\"paragraph\">Virkkunen ei ole vastannut Muskin tylytykseen.<\/p>\n<p class=\"paragraph\">Muskin vuodatus liittyi Virkkusen perjantaina X:ss\u00e4 julkaisemaan viestin, jossa h\u00e4n kertoi EU-komission m\u00e4\u00e4r\u00e4nneen X:lle sakon l\u00e4pin\u00e4kyvyysvelvoitteiden rikkomisesta.<\/p>\n<p class=\"paragraph\">EU-komission sakon suuruus on 120 miljoonaa euroa. Komissio katsoi X:n rikkoneen EU:n digipalvelus\u00e4\u00e4d\u00f6st\u00e4.<\/p>\n<p class=\"paragraph\">Komission mukaan X:n saama j\u00e4ttisakko johtui muun muassa harhaanjohtavuudesta, mainosrekisterin puutteista ja julkisten tietojen antamatta j\u00e4tt\u00e4misest\u00e4 tutkijoille.<\/p>\n<p class=\"paragraph\">Maailman rikkaimpiin ihmisiin lukeutuva Musk osti X:n vuonna 2022. Silloin palvelu tunnettiin viel\u00e4 Twitterin\u00e4.<\/p>\n","protected":false},"excerpt":{"rendered":"Elon Musk ei sulattanut Henna Virkkusen julkaisua X:ss\u00e4. Elon Muskin omistamalle X:lle m\u00e4\u00e4r\u00e4ttiin 120 miljoonan euron sakko. AOP&hellip;\n","protected":false},"author":2,"featured_media":109361,"comment_status":"","ping_status":"","sticky":false,"template":"","format":"standard","meta":{"footnotes":""},"categories":[136],"tags":[35,407,137,33,31,30,408,70,5679,2260,637,32,4385,109],"class_list":{"0":"post-109360","1":"post","2":"type-post","3":"status-publish","4":"format-standard","5":"has-post-thumbnail","7":"category-julkkikset","8":"tag-24h","9":"tag-celebrities","10":"tag-entertainment","11":"tag-fi","12":"tag-finland","13":"tag-finnish","14":"tag-julkkikset","15":"tag-kansainvalinen-politiikka","16":"tag-kansainvaliset-organisaatiot-ja-sopimukset","17":"tag-kansainvalisyys","18":"tag-politiikka","19":"tag-suomi","20":"tag-ulkopolitiikka-ja-kansainvalinen-politiikka","21":"tag-viihde"},"share_on_mastodon":{"url":"https:\/\/pubeurope.com\/@fi\/115673330268924085","error":""},"_links":{"self":[{"href":"https:\/\/www.europesays.com\/fi\/wp-json\/wp\/v2\/posts\/109360","targetHints":{"allow":["GET"]}}],"collection":[{"href":"https:\/\/www.europesays.com\/fi\/wp-json\/wp\/v2\/posts"}],"about":[{"href":"https:\/\/www.europesays.com\/fi\/wp-json\/wp\/v2\/types\/post"}],"author":[{"embeddable":true,"href":"https:\/\/www.europesays.com\/fi\/wp-json\/wp\/v2\/users\/2"}],"replies":[{"embeddable":true,"href":"https:\/\/www.europesays.com\/fi\/wp-json\/wp\/v2\/comments?post=109360"}],"version-history":[{"count":0,"href":"https:\/\/www.europesays.com\/fi\/wp-json\/wp\/v2\/posts\/109360\/revisions"}],"wp:featuredmedia":[{"embeddable":true,"href":"https:\/\/www.europesays.com\/fi\/wp-json\/wp\/v2\/media\/109361"}],"wp:attachment":[{"href":"https:\/\/www.europesays.com\/fi\/wp-json\/wp\/v2\/media?parent=109360"}],"wp:term":[{"taxonomy":"category","embeddable":true,"href":"https:\/\/www.europesays.com\/fi\/wp-json\/wp\/v2\/categories?post=109360"},{"taxonomy":"post_tag","embeddable":true,"href":"https:\/\/www.europesays.com\/fi\/wp-json\/wp\/v2\/tags?post=109360"}],"curies":[{"name":"wp","href":"https:\/\/api.w.org\/{rel}","templated":true}]}}