{"id":109364,"date":"2025-12-06T15:34:09","date_gmt":"2025-12-06T15:34:09","guid":{"rendered":"https:\/\/www.europesays.com\/fi\/109364\/"},"modified":"2025-12-06T15:34:09","modified_gmt":"2025-12-06T15:34:09","slug":"suomi-aloitti-salibandyn-mm-kisat-tasapelilla","status":"publish","type":"post","link":"https:\/\/www.europesays.com\/fi\/109364\/","title":{"rendered":"Suomi aloitti salibandyn MM-kisat tasapelill\u00e4"},"content":{"rendered":"<p>Salibandy|Suomen salibandyn naisten maajoukkue pani hallitsevan maailmanmestarin koville.<\/p>\n<p class=\"article-body mb-nof-24 px-nof-16\">Ruotsi\u2013Suomi 3\u20133<\/p>\n<p class=\"article-body mb-nof-24 px-nof-16\">Suomen salibandyn naisten maajoukkue aloitti MM-kisat T\u0161ekin Brnossa venym\u00e4ll\u00e4 3\u20133-tasapeliin hallitsevaa maailmanmestaria Ruotsia vastaan.<\/p>\n<p class=\"article-body mb-nof-24 px-nof-16\">Ruotsi johti ottelua puoliv\u00e4liss\u00e4 2\u20130, mutta sen j\u00e4lkeen Suomen <a class=\"article-personlink\" href=\"https:\/\/www.hs.fi\/haku\/?query=Suvi%20H%C3%A4m%C3%A4l%C3%A4inen\" rel=\"nofollow noopener\" target=\"_blank\">Suvi H\u00e4m\u00e4l\u00e4inen<\/a>, <a class=\"article-personlink\" href=\"https:\/\/www.hs.fi\/haku\/?query=Milla%20Nordlund\" rel=\"nofollow noopener\" target=\"_blank\">Milla Nordlund<\/a> ja <a class=\"article-personlink\" href=\"https:\/\/www.hs.fi\/haku\/?query=Meri-Helmi%20H%C3%B6yn%C3%A4l%C3%A4\" rel=\"nofollow noopener\" target=\"_blank\">Meri-Helmi H\u00f6yn\u00e4l\u00e4<\/a> k\u00e4\u00e4nsiv\u00e4t maaleillaan tilanteen Suomen eduksi.<\/p>\n<p class=\"article-body mb-nof-24 px-nof-16\">Ruotsi ei joutunut paniikkiin, vaan nousi tasoihin toisen er\u00e4n lopussa <a class=\"article-personlink\" href=\"https:\/\/www.hs.fi\/haku\/?query=Ellen%20Lundinin\" rel=\"nofollow noopener\" target=\"_blank\">Ellen Lundinin<\/a> osumalla.<\/p>\n<p class=\"article-body mb-nof-24 px-nof-16\">Ottelun viimeinen er\u00e4 oli maaliton.<\/p>\n<p class=\"article-body mb-nof-24 px-nof-16\">Suomen parhaana ottelussa palkittiin maalivahti <a class=\"article-personlink\" href=\"https:\/\/www.hs.fi\/haku\/?query=Miia%20Maaranen\" rel=\"nofollow noopener\" target=\"_blank\">Miia Maaranen<\/a>, joka torjui ottelussa 13 laukausta. Ruotsin maalivahdille <a class=\"article-personlink\" href=\"https:\/\/www.hs.fi\/haku\/?query=Lovisa%20Hedinille\" rel=\"nofollow noopener\" target=\"_blank\">Lovisa Hedinille<\/a> merkittiin 14 torjuntaa.<\/p>\n<p class=\"article-body mb-nof-24 px-nof-16\">Ruotsi on voittanut yhdeks\u00e4n viimeisint\u00e4 salibandyn naisten maailmanmestaruutta. Suomi sijoittui kaksissa viime MM-kisoissa hopealle.<\/p>\n<p class=\"article-body mb-nof-24 px-nof-16\">Suomi kohtaa seuraavassa kisaottelussaan Slovakian sunnuntaina.<\/p>\n","protected":false},"excerpt":{"rendered":"Salibandy|Suomen salibandyn naisten maajoukkue pani hallitsevan maailmanmestarin koville. Ruotsi\u2013Suomi 3\u20133 Suomen salibandyn naisten maajoukkue aloitti MM-kisat T\u0161ekin Brnossa&hellip;\n","protected":false},"author":2,"featured_media":109365,"comment_status":"","ping_status":"","sticky":false,"template":"","format":"standard","meta":{"footnotes":""},"categories":[158],"tags":[33,31,30,46,159,32,160],"class_list":{"0":"post-109364","1":"post","2":"type-post","3":"status-publish","4":"format-standard","5":"has-post-thumbnail","7":"category-urheilu","8":"tag-fi","9":"tag-finland","10":"tag-finnish","11":"tag-helsingin-sanomat","12":"tag-sports","13":"tag-suomi","14":"tag-urheilu"},"share_on_mastodon":{"url":"https:\/\/pubeurope.com\/@fi\/115673357786844534","error":""},"_links":{"self":[{"href":"https:\/\/www.europesays.com\/fi\/wp-json\/wp\/v2\/posts\/109364","targetHints":{"allow":["GET"]}}],"collection":[{"href":"https:\/\/www.europesays.com\/fi\/wp-json\/wp\/v2\/posts"}],"about":[{"href":"https:\/\/www.europesays.com\/fi\/wp-json\/wp\/v2\/types\/post"}],"author":[{"embeddable":true,"href":"https:\/\/www.europesays.com\/fi\/wp-json\/wp\/v2\/users\/2"}],"replies":[{"embeddable":true,"href":"https:\/\/www.europesays.com\/fi\/wp-json\/wp\/v2\/comments?post=109364"}],"version-history":[{"count":0,"href":"https:\/\/www.europesays.com\/fi\/wp-json\/wp\/v2\/posts\/109364\/revisions"}],"wp:featuredmedia":[{"embeddable":true,"href":"https:\/\/www.europesays.com\/fi\/wp-json\/wp\/v2\/media\/109365"}],"wp:attachment":[{"href":"https:\/\/www.europesays.com\/fi\/wp-json\/wp\/v2\/media?parent=109364"}],"wp:term":[{"taxonomy":"category","embeddable":true,"href":"https:\/\/www.europesays.com\/fi\/wp-json\/wp\/v2\/categories?post=109364"},{"taxonomy":"post_tag","embeddable":true,"href":"https:\/\/www.europesays.com\/fi\/wp-json\/wp\/v2\/tags?post=109364"}],"curies":[{"name":"wp","href":"https:\/\/api.w.org\/{rel}","templated":true}]}}