{"id":109368,"date":"2025-12-06T15:38:10","date_gmt":"2025-12-06T15:38:10","guid":{"rendered":"https:\/\/www.europesays.com\/fi\/109368\/"},"modified":"2025-12-06T15:38:10","modified_gmt":"2025-12-06T15:38:10","slug":"pc-valmistajat-nostavat-pian-kilpaa-hintojaan-syyna-viime-aikainen-ikava-ilmio","status":"publish","type":"post","link":"https:\/\/www.europesays.com\/fi\/109368\/","title":{"rendered":"PC-valmistajat nostavat pian kilpaa hintojaan \u2013 syyn\u00e4 viime aikainen ik\u00e4v\u00e4 ilmi\u00f6"},"content":{"rendered":"<p>Dell nostaa huhujen mukaan PC-hintoja 15\u201320 prosenttia ja Lenovo seuraa per\u00e4ss\u00e4 tammikuussa<\/p>\n<p>Dell valmistautuu nostamaan PC-hintojaan 15\u201320 prosentilla jo joulukuun puoliv\u00e4liss\u00e4, <a href=\"https:\/\/www.trendforce.com\/news\/2025\/12\/05\/exclusive-memory-crunch-hits-pcs-dell-hikes-prices-15-20-mid-december-lenovo-from-january-2026\/\" target=\"_blank\" rel=\"noreferrer noopener nofollow\">TrendForcen<\/a> l\u00e4hteet kertovat. Hintakorotusten taustalla on erityisesti DRAM-muistin raju kallistuminen. <\/p>\n<p>DDR5-moduulien hinnat ovat nousseet vuodessa noin 70 %, ja tietyiss\u00e4 komponenteissa piikki on ylitt\u00e4nyt 170 prosenttia. Dellin operatiivinen johtaja Jeff Clarke kuvailee tilannetta poikkeukselliseksi ja toteaa, ettei ole koskaan n\u00e4hnyt muistisirujen hintojen nousevan yht\u00e4 nopeasti.<\/p>\n<p>Lenovo on jo varoittanut asiakkaitaan, ett\u00e4 hinnat nousevat alkuvuodesta 2026. Kaikki nykyiset tarjoukset umpeutuvat 1. tammikuuta, ja yritys kehottaa tilaamaan laitteita mahdollisimman pian muistipulan ja AI-laitteiden kasvavan kysynn\u00e4n vuoksi. <\/p>\n<p>My\u00f6s HP, Samsung ja LG tarkastelevat ensi vuoden tuotesuunnitelmiaan uudelleen, etenkin AI-PC- ja tablettisegmenteiss\u00e4. HP:n toimitusjohtaja Enrique Lores arvioi, ett\u00e4 vuoden 2026 j\u00e4lkipuolisko voi tuoda lis\u00e4\u00e4 hinnankorotuksia, sill\u00e4 muistin osuus PC:n kokonaiskustannuksista on noin 15\u201318 prosenttia.<\/p>\n","protected":false},"excerpt":{"rendered":"Dell nostaa huhujen mukaan PC-hintoja 15\u201320 prosenttia ja Lenovo seuraa per\u00e4ss\u00e4 tammikuussa Dell valmistautuu nostamaan PC-hintojaan 15\u201320 prosentilla&hellip;\n","protected":false},"author":2,"featured_media":109369,"comment_status":"","ping_status":"","sticky":false,"template":"","format":"standard","meta":{"footnotes":""},"categories":[76],"tags":[79,20441,77,33,31,30,32,78],"class_list":{"0":"post-109368","1":"post","2":"type-post","3":"status-publish","4":"format-standard","5":"has-post-thumbnail","7":"category-talous","8":"tag-business","9":"tag-dell","10":"tag-economy","11":"tag-fi","12":"tag-finland","13":"tag-finnish","14":"tag-suomi","15":"tag-talous"},"share_on_mastodon":{"url":"https:\/\/pubeurope.com\/@fi\/115673374283585143","error":""},"_links":{"self":[{"href":"https:\/\/www.europesays.com\/fi\/wp-json\/wp\/v2\/posts\/109368","targetHints":{"allow":["GET"]}}],"collection":[{"href":"https:\/\/www.europesays.com\/fi\/wp-json\/wp\/v2\/posts"}],"about":[{"href":"https:\/\/www.europesays.com\/fi\/wp-json\/wp\/v2\/types\/post"}],"author":[{"embeddable":true,"href":"https:\/\/www.europesays.com\/fi\/wp-json\/wp\/v2\/users\/2"}],"replies":[{"embeddable":true,"href":"https:\/\/www.europesays.com\/fi\/wp-json\/wp\/v2\/comments?post=109368"}],"version-history":[{"count":0,"href":"https:\/\/www.europesays.com\/fi\/wp-json\/wp\/v2\/posts\/109368\/revisions"}],"wp:featuredmedia":[{"embeddable":true,"href":"https:\/\/www.europesays.com\/fi\/wp-json\/wp\/v2\/media\/109369"}],"wp:attachment":[{"href":"https:\/\/www.europesays.com\/fi\/wp-json\/wp\/v2\/media?parent=109368"}],"wp:term":[{"taxonomy":"category","embeddable":true,"href":"https:\/\/www.europesays.com\/fi\/wp-json\/wp\/v2\/categories?post=109368"},{"taxonomy":"post_tag","embeddable":true,"href":"https:\/\/www.europesays.com\/fi\/wp-json\/wp\/v2\/tags?post=109368"}],"curies":[{"name":"wp","href":"https:\/\/api.w.org\/{rel}","templated":true}]}}