{"id":109370,"date":"2025-12-06T15:39:11","date_gmt":"2025-12-06T15:39:11","guid":{"rendered":"https:\/\/www.europesays.com\/fi\/109370\/"},"modified":"2025-12-06T15:39:11","modified_gmt":"2025-12-06T15:39:11","slug":"ukraina-iski-oljynjalostamoon-ja-ammustehtaaseen-uutiset","status":"publish","type":"post","link":"https:\/\/www.europesays.com\/fi\/109370\/","title":{"rendered":"Ukraina iski \u00f6ljynjalostamoon ja ammustehtaaseen | Uutiset"},"content":{"rendered":"<p>      <a aria-disabled=\"false\" aria-busy=\"false\" href=\"#yle__contentAnchor\" class=\"ydscr__sc-17sr1bx-0 ydscr__sc-17sr1bx-2 kBPfWh gbyyfi\">Hypp\u00e4\u00e4 sis\u00e4lt\u00f6\u00f6n<\/a><a aria-disabled=\"false\" aria-busy=\"false\" href=\"#yle__contentAnchor\" class=\"ydscr__sc-17sr1bx-0 ydscr__sc-17sr1bx-2 nWLCX gbyyfi\">Hypp\u00e4\u00e4 sis\u00e4lt\u00f6\u00f6n<\/a><a href=\"https:\/\/yle.fi\/\" class=\"_1pvcnaa0 _15d48jz0 _15d48jz1 fck75q3\" data-testid=\"header-frontpage-link\" aria-label=\"Yle.fi etusivu\" lang=\"fi\" rel=\"nofollow noopener\" target=\"_blank\"><\/p>\n<p>Etusivu<\/p>\n<p><\/a><a class=\"_1ffsr5h1 eopu3j0\" href=\"https:\/\/yle.fi\/t\/18-334977\/fi\" lang=\"fi\" data-testid=\"header-bar-current-topic-link\" rel=\"nofollow noopener\" target=\"_blank\">Ven\u00e4j\u00e4n hy\u00f6kk\u00e4ys<\/a><a class=\"_1ffsr5h1 eopu3j0\" href=\"https:\/\/yle.fi\/t\/18-332106\/fi\" lang=\"fi\" data-testid=\"header-bar-current-topic-link\" rel=\"nofollow noopener\" target=\"_blank\">Pentulive<\/a><a class=\"_1ffsr5h1 eopu3j0\" href=\"https:\/\/yle.fi\/t\/18-219772\/fi\" lang=\"fi\" data-testid=\"header-bar-current-topic-link\" rel=\"nofollow noopener\" target=\"_blank\">Urheilustudio<\/a><a href=\"https:\/\/haku.yle.fi\" data-testid=\"header-bar-search-link\" class=\"c63d5h1 fck75q3 eopu3j0\" aria-labelledby=\"header-2023-id-\u00abRii\u00bb-bar-item\" rel=\"nofollow noopener\" target=\"_blank\"><\/p>\n<p>Hae<\/p>\n<p><\/a><\/p>\n<p>Valikko<\/p>\n<ul class=\"bqq79o8 bqq79o0 bqq79o3\">\n<li>\n<p>Haemme s\u00e4\u00e4tietoja&#8230;<\/p>\n<\/li>\n<li><a class=\"_1bvm4mm2 eopu3j0\" href=\"https:\/\/haku.yle.fi\" rel=\"nofollow noopener\" target=\"_blank\">Hae Ylen sis\u00e4lt\u00f6j\u00e4<\/a><\/li>\n<li><a class=\"_1bvm4mm2 eopu3j0\" href=\"https:\/\/yle.fi\/a\/74-20031519\" data-testid=\"header-drawer-sendmedia-link\" rel=\"nofollow noopener\" target=\"_blank\">L\u00e4het\u00e4 uutiskuva tai \u2011video<\/a><\/li>\n<\/ul>\n<p id=\"header-2023-id-\u00abRnmi\u00bb-drawer-current-topics-title\" class=\"fck75q2\">Pinnalla nyt<\/p>\n<ul class=\"_1d856qp0\" id=\"header-2023-drawer-current-topics\" aria-labelledby=\"header-2023-id-\u00abRnmi\u00bb-drawer-current-topics-title\">\n<li class=\"_1d856qp1\"><a href=\"https:\/\/yle.fi\/t\/18-334977\/fi\" class=\"_1d856qp2 fck75q5 _15d48jz0\" data-testid=\"header-drawer-current-topic-link\" rel=\"nofollow noopener\" target=\"_blank\">Ven\u00e4j\u00e4n hy\u00f6kk\u00e4ys<\/a><\/li>\n<li class=\"_1d856qp1\"><a href=\"https:\/\/yle.fi\/t\/18-332106\/fi\" class=\"_1d856qp2 fck75q5 _15d48jz0\" data-testid=\"header-drawer-current-topic-link\" rel=\"nofollow noopener\" target=\"_blank\">Pentulive<\/a><\/li>\n<li class=\"_1d856qp1\"><a href=\"https:\/\/yle.fi\/t\/18-219772\/fi\" class=\"_1d856qp2 fck75q5 _15d48jz0\" data-testid=\"header-drawer-current-topic-link\" rel=\"nofollow noopener\" target=\"_blank\">Urheilustudio<\/a><\/li>\n<li class=\"_1d856qp1\"><a href=\"https:\/\/yle.fi\/a\/74-20131998\" class=\"_1d856qp2 fck75q5 _15d48jz0\" data-testid=\"header-drawer-current-topic-link\" rel=\"nofollow noopener\" target=\"_blank\">Sanapyramidi<\/a><\/li>\n<li class=\"_1d856qp1\"><a href=\"https:\/\/yle.fi\/a\/74-20196747\" class=\"_1d856qp2 fck75q5 _15d48jz0\" data-testid=\"header-drawer-current-topic-link\" rel=\"nofollow noopener\" target=\"_blank\">Urheilustudion pipovisa<\/a><\/li>\n<\/ul>\n<ul class=\"bqq79o7 bqq79o0 bqq79o1\" id=\"header-2023-drawer-submenu\" style=\"--bqq79o6:6\">\n<li class=\"bqq79o3\"><a class=\"_1bvm4mm2 eopu3j0\" href=\"https:\/\/yle.fi\/\" data-testid=\"header-drawer-submenu-link\" rel=\"nofollow noopener\" target=\"_blank\">Etusivu<\/a><\/li>\n<li class=\"\"><a class=\"_1bvm4mm2 eopu3j0\" href=\"https:\/\/yle.fi\/uutiset\" lang=\"fi\" data-testid=\"header-drawer-submenu-link\" rel=\"nofollow noopener\" target=\"_blank\">Uutisia lyhyesti<\/a><\/li>\n<li class=\"\"><a class=\"_1bvm4mm2 eopu3j0\" href=\"https:\/\/yle.fi\/tuoreimmat\" lang=\"fi\" data-testid=\"header-drawer-submenu-link\" rel=\"nofollow noopener\" target=\"_blank\">Tuoreimmat<\/a><\/li>\n<li class=\"\"><a class=\"_1bvm4mm2 eopu3j0\" href=\"https:\/\/yle.fi\/urheilu\" lang=\"fi\" data-testid=\"header-drawer-submenu-link\" rel=\"nofollow noopener\" target=\"_blank\">Urheilu<\/a><\/li>\n<li class=\"\"><a class=\"_1bvm4mm2 eopu3j0\" href=\"https:\/\/yle.fi\/saa\" lang=\"fi\" data-testid=\"header-drawer-submenu-link\" rel=\"nofollow noopener\" target=\"_blank\">S\u00e4\u00e4<\/a><\/li>\n<li class=\"\"><a class=\"_1bvm4mm2 eopu3j0\" href=\"https:\/\/yle.fi\/uutiset\/paikallisuutiset\" lang=\"fi\" data-testid=\"header-drawer-submenu-link\" rel=\"nofollow noopener\" target=\"_blank\">Paikallisuutiset<\/a><\/li>\n<li class=\"\"><a class=\"_1bvm4mm2 eopu3j0\" href=\"https:\/\/yle.fi\/t\/18-34837\/fi\" lang=\"fi\" data-testid=\"header-drawer-submenu-link\" rel=\"nofollow noopener\" target=\"_blank\">Kotimaa<\/a><\/li>\n<li class=\"\"><a class=\"_1bvm4mm2 eopu3j0\" href=\"https:\/\/yle.fi\/t\/18-34953\/fi\" lang=\"fi\" data-testid=\"header-drawer-submenu-link\" rel=\"nofollow noopener\" target=\"_blank\">Ulkomaat<\/a><\/li>\n<li class=\"\"><a class=\"_1bvm4mm2 eopu3j0\" href=\"https:\/\/yle.fi\/t\/18-220306\/fi\" lang=\"fi\" data-testid=\"header-drawer-submenu-link\" rel=\"nofollow noopener\" target=\"_blank\">Politiikka<\/a><\/li>\n<li class=\"\"><a class=\"_1bvm4mm2 eopu3j0\" href=\"https:\/\/yle.fi\/t\/18-204933\/fi\" lang=\"fi\" data-testid=\"header-drawer-submenu-link\" rel=\"nofollow noopener\" target=\"_blank\">Talous<\/a><\/li>\n<li class=\"\"><a class=\"_1bvm4mm2 eopu3j0\" href=\"https:\/\/yle.fi\/kulttuuri\" lang=\"fi\" data-testid=\"header-drawer-submenu-link\" rel=\"nofollow noopener\" target=\"_blank\">Kulttuuri<\/a><\/li>\n<li class=\"\"><a class=\"_1bvm4mm2 eopu3j0\" href=\"https:\/\/yle.fi\/tiede\" lang=\"fi\" data-testid=\"header-drawer-submenu-link\" rel=\"nofollow noopener\" target=\"_blank\">Tiede<\/a><\/li>\n<li class=\"\"><a class=\"_1bvm4mm2 eopu3j0\" href=\"https:\/\/yle.fi\/luonto\" lang=\"fi\" data-testid=\"header-drawer-submenu-link\" rel=\"nofollow noopener\" target=\"_blank\">Luonto<\/a><\/li>\n<li class=\"\"><a class=\"_1bvm4mm2 eopu3j0\" href=\"https:\/\/yle.fi\/oppiminen\" lang=\"fi\" data-testid=\"header-drawer-submenu-link\" rel=\"nofollow noopener\" target=\"_blank\">Oppiminen<\/a><\/li>\n<li class=\"\"><a class=\"_1bvm4mm2 eopu3j0\" href=\"https:\/\/yle.fi\/abitreenit\" lang=\"fi\" data-testid=\"header-drawer-submenu-link\" rel=\"nofollow noopener\" target=\"_blank\">Abitreenit<\/a><\/li>\n<li class=\"\"><a class=\"_1bvm4mm2 eopu3j0\" href=\"https:\/\/yle.fi\/t\/18-215844\/fi\" lang=\"fi\" data-testid=\"header-drawer-submenu-link\" rel=\"nofollow noopener\" target=\"_blank\">Kolumnit<\/a><\/li>\n<li class=\"bqq79o2\"><a class=\"_1bvm4mm2 eopu3j0\" href=\"https:\/\/areena.yle.fi\/1-3253227\" lang=\"fi\" data-testid=\"header-drawer-submenu-link\" rel=\"nofollow noopener\" target=\"_blank\">Uutiset viittomakielell\u00e4<\/a><\/li>\n<li class=\"\"><a class=\"_1bvm4mm2 eopu3j0\" href=\"https:\/\/yle.fi\/selkouutiset\" lang=\"fi\" data-testid=\"header-drawer-submenu-link\" rel=\"nofollow noopener\" target=\"_blank\">Selkouutiset<\/a><\/li>\n<li class=\"\"><a class=\"_1bvm4mm2 eopu3j0\" href=\"https:\/\/yle.fi\/uutisluokka\" lang=\"fi\" data-testid=\"header-drawer-submenu-link\" rel=\"nofollow noopener\" target=\"_blank\">Uutisluokka<\/a><\/li>\n<li class=\"\"><a class=\"_1bvm4mm2 eopu3j0\" href=\"https:\/\/yle.fi\/elavaarkisto\" lang=\"fi\" data-testid=\"header-drawer-submenu-link\" rel=\"nofollow noopener\" target=\"_blank\">El\u00e4v\u00e4 arkisto<\/a><\/li>\n<li class=\"\"><a class=\"_1bvm4mm2 eopu3j0\" href=\"https:\/\/yle.fi\/aihe\/tekstitv\" lang=\"fi\" data-testid=\"header-drawer-submenu-link\" rel=\"nofollow noopener\" target=\"_blank\">Teksti-TV<\/a><\/li>\n<li class=\"\"><a class=\"_1bvm4mm2 eopu3j0\" href=\"https:\/\/tunnus.yle.fi\/viestiasetukset\" lang=\"fi\" data-testid=\"header-drawer-submenu-link\" rel=\"nofollow noopener\" target=\"_blank\">Uutiskirjeet<\/a><\/li>\n<li class=\"\"><a class=\"_1bvm4mm2 eopu3j0\" href=\"https:\/\/areena.yle.fi\/tv\/opas\" lang=\"fi\" data-testid=\"header-drawer-submenu-link\" rel=\"nofollow noopener\" target=\"_blank\">TV-opas<\/a><\/li>\n<li class=\"\"><a class=\"_1bvm4mm2 eopu3j0\" href=\"https:\/\/areena.yle.fi\/podcastit\/opas\" lang=\"fi\" data-testid=\"header-drawer-submenu-link\" rel=\"nofollow noopener\" target=\"_blank\">Radio-opas<\/a><\/li>\n<li class=\"\"><a class=\"_1bvm4mm2 eopu3j0\" href=\"https:\/\/yle.fi\/rss\" lang=\"fi\" data-testid=\"header-drawer-submenu-link\" rel=\"nofollow noopener\" target=\"_blank\">RSS-sy\u00f6tteet<\/a><\/li>\n<\/ul>\n<p><a href=\"https:\/\/areena.yle.fi\" class=\"_1m3quf81 eopu3j0\" data-testid=\"header-areena-promo\" rel=\"nofollow noopener\" target=\"_blank\">Yle Areena.Sarjat. Podcastit. Suorat.<\/a><\/p>\n<ul class=\"bqq79o8 bqq79o0\" id=\"header-2023-drawer-sitemenu\">\n<li><a class=\"_1bvm4mm2 eopu3j0\" href=\"https:\/\/svenska.yle.fi\" lang=\"sv\" data-testid=\"header-drawer-sitemenu-link\" rel=\"nofollow noopener\" target=\"_blank\">Svenska<\/a><\/li>\n<li><a class=\"_1bvm4mm2 eopu3j0\" href=\"https:\/\/yle.fi\/sapmi\" lang=\"se\" data-testid=\"header-drawer-sitemenu-link\" rel=\"nofollow noopener\" target=\"_blank\">S\u00e1pmi<\/a><\/li>\n<li><a class=\"_1bvm4mm2 eopu3j0\" href=\"https:\/\/yle.fi\/news\" lang=\"en\" data-testid=\"header-drawer-sitemenu-link\" rel=\"nofollow noopener\" target=\"_blank\">News<\/a><\/li>\n<li><a class=\"_1bvm4mm2 eopu3j0\" href=\"https:\/\/yle.fi\/novosti\" lang=\"ru\" data-testid=\"header-drawer-sitemenu-link\" rel=\"nofollow noopener\" target=\"_blank\">\u041d\u043e\u0432\u043e\u0441\u0442\u0438<\/a><\/li>\n<li><a class=\"_1bvm4mm2 eopu3j0\" href=\"https:\/\/yle.fi\/novyny\" lang=\"uk\" data-testid=\"header-drawer-sitemenu-link\" rel=\"nofollow noopener\" target=\"_blank\">\u041d\u043e\u0432\u0438\u043d\u0438<\/a><\/li>\n<li><a class=\"_1bvm4mm2 eopu3j0\" href=\"https:\/\/yle.fi\/t\/18-44136\/fi\" lang=\"krl\" data-testid=\"header-drawer-sitemenu-link\" rel=\"nofollow noopener\" target=\"_blank\">Uudizet karjalakse<\/a><\/li>\n<\/ul>\n<ul class=\"bqq79o8 bqq79o0\" id=\"header-2023-drawer-links\">\n<li class=\"bqq79o4\"><a class=\"_1bvm4mm2 eopu3j0\" href=\"https:\/\/yle.fi\/a\/74-20031519\" lang=\"fi\" data-testid=\"header-drawer-links-link\" rel=\"nofollow noopener\" target=\"_blank\">L\u00e4het\u00e4 uutiskuva tai \u2011video<\/a><\/li>\n<li><a class=\"_1bvm4mm2 eopu3j0\" href=\"https:\/\/asiakaspalvelu.yle.fi\" data-testid=\"header-drawer-links-link\" rel=\"nofollow noopener\" target=\"_blank\">Asiakas\u00adpalvelu<\/a><\/li>\n<li><a class=\"_1bvm4mm2 eopu3j0\" href=\"https:\/\/yle.fi\/aihe\/yleisradio\/ylen-yhteystiedot\" data-testid=\"header-drawer-links-link\" rel=\"nofollow noopener\" target=\"_blank\">Ylen yhteystiedot<\/a><\/li>\n<li><a class=\"_1bvm4mm2 eopu3j0\" href=\"https:\/\/yle.fi\/uutiset\/yhteystiedot\" data-testid=\"header-drawer-links-link\" rel=\"nofollow noopener\" target=\"_blank\">Uutisten yhteystiedot<\/a><\/li>\n<li>Ev\u00e4ste\u00adasetukset<\/li>\n<\/ul>\n<p>Sulje valikko<a aria-disabled=\"false\" aria-busy=\"false\" href=\"https:\/\/yle.fi\/\" tabindex=\"-1\" data-testid=\"sticky-header-home-button\" class=\"ydscr__sc-17sr1bx-0 ydscr__sc-17sr1bx-3 fscjGJ gDUbgb\" rel=\"nofollow noopener\" target=\"_blank\">Etusivulle<\/a>JaaSuosituimmat<\/p>\n<ol aria-labelledby=\"sb-most-read\">\n<li class=\"MinimalHeadlines__TriggeredItem-sc-f2811a1-0 bOTOdX\">\n<p>1<\/p>\n<p><a href=\"https:\/\/yle.fi\/t\/18-219937\/fi\" data-testid=\"minimal-headline-tag\" aria-label=\"Juhlat \u2013 Lis\u00e4\u00e4 aiheesta\" class=\"ydscr__sc-w5hh4y-0 eOGiSH MinimalHeadlines__Concept-sc-f2811a1-9 ezVWSa\" rel=\"nofollow noopener\" target=\"_blank\">Juhlat<\/a><a href=\"https:\/\/yle.fi\/a\/74-20195990\" class=\"MinimalHeadlines__Title-sc-f2811a1-6 eUXYcX visitable-link\" rel=\"nofollow noopener\" target=\"_blank\">Linnan juhlat alkavat puoli tuntia aiemmin \u2013 t\u00e4ss\u00e4 itsen\u00e4isyys\u00adp\u00e4iv\u00e4n tapahtumat ja aikataulut<\/a><\/li>\n<li class=\"MinimalHeadlines__TriggeredItem-sc-f2811a1-0 bOTOdX\">\n<p>2<\/p>\n<p><a href=\"https:\/\/yle.fi\/t\/18-218580\/fi\" data-testid=\"minimal-headline-tag\" aria-label=\"Mielenosoitukset \u2013 Lis\u00e4\u00e4 aiheesta\" class=\"ydscr__sc-w5hh4y-0 eOGiSH MinimalHeadlines__Concept-sc-f2811a1-9 ezVWSa\" rel=\"nofollow noopener\" target=\"_blank\">Mielenosoitukset<\/a><a href=\"https:\/\/yle.fi\/a\/74-20198249\" class=\"MinimalHeadlines__Title-sc-f2811a1-6 eUXYcX visitable-link\" rel=\"nofollow noopener\" target=\"_blank\">\u00c4\u00e4rioikeistolaisen mielenosoituksen soihdut aiheuttivat vaaraa, poliisi sulkenut T\u00f6\u00f6l\u00f6ntorin t\u00e4ysin<\/a><\/li>\n<li class=\"MinimalHeadlines__TriggeredItem-sc-f2811a1-0 bOTOdX\">\n<p>3<\/p>\n<p><a href=\"https:\/\/yle.fi\/t\/18-219937\/fi\" data-testid=\"minimal-headline-tag\" aria-label=\"Juhlat \u2013 Lis\u00e4\u00e4 aiheesta\" class=\"ydscr__sc-w5hh4y-0 eOGiSH MinimalHeadlines__Concept-sc-f2811a1-9 ezVWSa\" rel=\"nofollow noopener\" target=\"_blank\">Juhlat<\/a><a href=\"https:\/\/yle.fi\/a\/74-20198227\" class=\"MinimalHeadlines__Title-sc-f2811a1-6 eUXYcX visitable-link\" rel=\"nofollow noopener\" target=\"_blank\">Presidenttipari tervehti ylioppilaita Linnan parvekkeelta \u2013 Suzanne Innes-Stubbilla vaalea iltapuku<\/a><\/li>\n<li class=\"MinimalHeadlines__TriggeredItem-sc-f2811a1-0 bOTOdX\">\n<p>4<\/p>\n<p><a href=\"https:\/\/yle.fi\/t\/18-205530\/fi\" data-testid=\"minimal-headline-tag\" aria-label=\"Identiteetit \u2013 Lis\u00e4\u00e4 aiheesta\" class=\"ydscr__sc-w5hh4y-0 eOGiSH MinimalHeadlines__Concept-sc-f2811a1-9 ezVWSa\" rel=\"nofollow noopener\" target=\"_blank\">Identiteetit<\/a><a href=\"https:\/\/yle.fi\/a\/74-20197883\" class=\"MinimalHeadlines__Title-sc-f2811a1-6 eUXYcX visitable-link\" rel=\"nofollow noopener\" target=\"_blank\">Ylen testi jakaa suomalaiset kuuteen ryhm\u00e4\u00e4n \u2013 katso, mihin niist\u00e4 itse kuulut<\/a><\/li>\n<li class=\"MinimalHeadlines__TriggeredItem-sc-f2811a1-0 bOTOdX\">\n<p>5<\/p>\n<p><a href=\"https:\/\/yle.fi\/t\/18-218737\/fi\" data-testid=\"minimal-headline-tag\" aria-label=\"Ty\u00f6el\u00e4m\u00e4 \u2013 Lis\u00e4\u00e4 aiheesta\" class=\"ydscr__sc-w5hh4y-0 eOGiSH MinimalHeadlines__Concept-sc-f2811a1-9 ezVWSa\" rel=\"nofollow noopener\" target=\"_blank\">Ty\u00f6el\u00e4m\u00e4<\/a><a href=\"https:\/\/yle.fi\/a\/74-20198259\" class=\"MinimalHeadlines__Title-sc-f2811a1-6 eUXYcX visitable-link\" rel=\"nofollow noopener\" target=\"_blank\">Kelan hallituksen puheenjohtaja ei ole yritt\u00e4nyt selvitt\u00e4\u00e4 Lehtosen paluuta<\/a><\/li>\n<\/ol>\n<p>Tuoreimmat<\/p>\n<ol aria-labelledby=\"sb-most-recent\">\n<li class=\"MinimalHeadlines__TriggeredItem-sc-f2811a1-0 bOTOdX\">17:22<a href=\"https:\/\/yle.fi\/t\/18-207533\/fi\" data-testid=\"minimal-headline-tag\" aria-label=\"Yhdistetty \u2013 Lis\u00e4\u00e4 aiheesta\" class=\"ydscr__sc-w5hh4y-0 eOGiSH MinimalHeadlines__Concept-sc-f2811a1-9 ezVWSa\" rel=\"nofollow noopener\" target=\"_blank\">Yhdistetty<\/a><a href=\"https:\/\/yle.fi\/a\/74-20198274\" class=\"MinimalHeadlines__Title-sc-f2811a1-6 eUXYcX visitable-link\" rel=\"nofollow noopener\" target=\"_blank\">Minja Korhonen ja Heta Hirvonen onnistuivat yhdistetyn maailmancup-kauden avauksessa<\/a><\/li>\n<li class=\"MinimalHeadlines__TriggeredItem-sc-f2811a1-0 bOTOdX\">17:20<a href=\"https:\/\/yle.fi\/t\/18-219937\/fi\" data-testid=\"minimal-headline-tag\" aria-label=\"Juhlat \u2013 Lis\u00e4\u00e4 aiheesta\" class=\"ydscr__sc-w5hh4y-0 eOGiSH MinimalHeadlines__Concept-sc-f2811a1-9 ezVWSa\" rel=\"nofollow noopener\" target=\"_blank\">Juhlat<\/a><a href=\"https:\/\/yle.fi\/a\/74-20198278\" class=\"MinimalHeadlines__Title-sc-f2811a1-6 eUXYcX visitable-link\" rel=\"nofollow noopener\" target=\"_blank\">Ensimm\u00e4inen kuva Stubbeista juhla-asuissa julki<\/a><\/li>\n<li class=\"MinimalHeadlines__TriggeredItem-sc-f2811a1-0 bOTOdX\">17:14<a href=\"https:\/\/yle.fi\/t\/18-205598\/fi\" data-testid=\"minimal-headline-tag\" aria-label=\"Jalkapallo \u2013 Lis\u00e4\u00e4 aiheesta\" class=\"ydscr__sc-w5hh4y-0 eOGiSH MinimalHeadlines__Concept-sc-f2811a1-9 ezVWSa\" rel=\"nofollow noopener\" target=\"_blank\">Jalkapallo<\/a><a href=\"https:\/\/yle.fi\/a\/74-20198271\" class=\"MinimalHeadlines__Title-sc-f2811a1-6 eUXYcX visitable-link\" rel=\"nofollow noopener\" target=\"_blank\">Naatan Skytt\u00e4\u00e4 hehkutetaan Saksassa \u2013 osui j\u00e4lleen ja alusti toisenkin maalin<\/a><\/li>\n<li class=\"MinimalHeadlines__TriggeredItem-sc-f2811a1-0 bOTOdX\">17:12<a href=\"https:\/\/yle.fi\/t\/18-173265\/fi\" data-testid=\"minimal-headline-tag\" aria-label=\"Formula 1 \u2013 Lis\u00e4\u00e4 aiheesta\" class=\"ydscr__sc-w5hh4y-0 eOGiSH MinimalHeadlines__Concept-sc-f2811a1-9 ezVWSa\" rel=\"nofollow noopener\" target=\"_blank\">Formula 1<\/a><a href=\"https:\/\/yle.fi\/a\/74-20198268\" class=\"MinimalHeadlines__Title-sc-f2811a1-6 eUXYcX visitable-link\" rel=\"nofollow noopener\" target=\"_blank\">Max Verstappen viritti sunnuntaille F1-trillerin ainekset \u2013 n\u00e4ilt\u00e4 kuljettajilta h\u00e4n tarvitsee apuja<\/a><\/li>\n<li class=\"MinimalHeadlines__TriggeredItem-sc-f2811a1-0 bOTOdX\">17:05<a href=\"https:\/\/yle.fi\/t\/18-219772\/fi\" data-testid=\"minimal-headline-tag\" aria-label=\"Hiihto \u2013 Lis\u00e4\u00e4 aiheesta\" class=\"ydscr__sc-w5hh4y-0 eOGiSH MinimalHeadlines__Concept-sc-f2811a1-9 ezVWSa\" rel=\"nofollow noopener\" target=\"_blank\">Hiihto<\/a><a href=\"https:\/\/yle.fi\/a\/74-20198270\" class=\"MinimalHeadlines__Title-sc-f2811a1-6 eUXYcX visitable-link\" rel=\"nofollow noopener\" target=\"_blank\">Aino-Kaisa Saariselta kova arvio Iivo Niskasen ongelmista \u2013 \u201dTaitaa tehd\u00e4 aika kipe\u00e4\u00e4\u201d<\/a><\/li>\n<li class=\"MinimalHeadlines__TriggeredItem-sc-f2811a1-0 bOTOdX\">17:02<a href=\"https:\/\/yle.fi\/t\/18-213332\/fi\" data-testid=\"minimal-headline-tag\" aria-label=\"Kansainv\u00e4linen politiikka \u2013 Lis\u00e4\u00e4 aiheesta\" class=\"ydscr__sc-w5hh4y-0 eOGiSH MinimalHeadlines__Concept-sc-f2811a1-9 ezVWSa\" rel=\"nofollow noopener\" target=\"_blank\">Kansainv\u00e4linen politiikka<\/a><a href=\"https:\/\/yle.fi\/a\/74-20198272\" class=\"MinimalHeadlines__Title-sc-f2811a1-6 eUXYcX visitable-link\" rel=\"nofollow noopener\" target=\"_blank\">Zelenskyi onnitteli Suomea itsen\u00e4isyysp\u00e4iv\u00e4n\u00e4<\/a><\/li>\n<li class=\"MinimalHeadlines__TriggeredItem-sc-f2811a1-0 bOTOdX\">16:14<a href=\"https:\/\/yle.fi\/t\/18-213947\/fi\" data-testid=\"minimal-headline-tag\" aria-label=\"Poliisi \u2013 Lis\u00e4\u00e4 aiheesta\" class=\"ydscr__sc-w5hh4y-0 eOGiSH MinimalHeadlines__Concept-sc-f2811a1-9 ezVWSa\" rel=\"nofollow noopener\" target=\"_blank\">Poliisi<\/a><a href=\"https:\/\/yle.fi\/a\/74-20198269\" class=\"MinimalHeadlines__Title-sc-f2811a1-6 eUXYcX visitable-link\" rel=\"nofollow noopener\" target=\"_blank\">Poliisi: Auton kuljettaja ajoi jalkak\u00e4yt\u00e4v\u00e4lle Heinolassa \u2013 nuori mies kuoli<\/a><\/li>\n<li class=\"MinimalHeadlines__TriggeredItem-sc-f2811a1-0 bOTOdX\">16:04<a href=\"https:\/\/yle.fi\/t\/18-218737\/fi\" data-testid=\"minimal-headline-tag\" aria-label=\"Ty\u00f6el\u00e4m\u00e4 \u2013 Lis\u00e4\u00e4 aiheesta\" class=\"ydscr__sc-w5hh4y-0 eOGiSH MinimalHeadlines__Concept-sc-f2811a1-9 ezVWSa\" rel=\"nofollow noopener\" target=\"_blank\">Ty\u00f6el\u00e4m\u00e4<\/a><a href=\"https:\/\/yle.fi\/a\/74-20198259\" class=\"MinimalHeadlines__Title-sc-f2811a1-6 eUXYcX visitable-link\" rel=\"nofollow noopener\" target=\"_blank\">Kelan hallituksen puheenjohtaja ei ole yritt\u00e4nyt selvitt\u00e4\u00e4 Lehtosen paluuta<\/a><\/li>\n<li class=\"MinimalHeadlines__TriggeredItem-sc-f2811a1-0 bOTOdX\">16:03<a href=\"https:\/\/yle.fi\/t\/18-35057\/fi\" data-testid=\"minimal-headline-tag\" aria-label=\"Media \u2013 Lis\u00e4\u00e4 aiheesta\" class=\"ydscr__sc-w5hh4y-0 eOGiSH MinimalHeadlines__Concept-sc-f2811a1-9 ezVWSa\" rel=\"nofollow noopener\" target=\"_blank\">Media<\/a><a href=\"https:\/\/yle.fi\/a\/74-20198267\" class=\"MinimalHeadlines__Title-sc-f2811a1-6 eUXYcX visitable-link\" rel=\"nofollow noopener\" target=\"_blank\">Sakoista suivaantunut Elon Musk vaatii EU:n lakkauttamista<\/a><\/li>\n<li class=\"MinimalHeadlines__TriggeredItem-sc-f2811a1-0 bOTOdX\">15:16<a href=\"https:\/\/yle.fi\/t\/18-218480\/fi\" data-testid=\"minimal-headline-tag\" aria-label=\"Onnettomuudet \u2013 Lis\u00e4\u00e4 aiheesta\" class=\"ydscr__sc-w5hh4y-0 eOGiSH MinimalHeadlines__Concept-sc-f2811a1-9 ezVWSa\" rel=\"nofollow noopener\" target=\"_blank\">Onnettomuudet<\/a><a href=\"https:\/\/yle.fi\/a\/74-20198260\" class=\"MinimalHeadlines__Title-sc-f2811a1-6 eUXYcX visitable-link\" rel=\"nofollow noopener\" target=\"_blank\">Poliisi etsii edelleen Polvij\u00e4rven rivitalopalon sytytt\u00e4j\u00e4\u00e4 \u2013 ket\u00e4\u00e4n ei ole t\u00e4ll\u00e4 hetkell\u00e4 kiinniotettuna<\/a><\/li>\n<li class=\"MinimalHeadlines__TriggeredItem-sc-f2811a1-0 bOTOdX\">15:14<a href=\"https:\/\/yle.fi\/t\/18-219937\/fi\" data-testid=\"minimal-headline-tag\" aria-label=\"Juhlat \u2013 Lis\u00e4\u00e4 aiheesta\" class=\"ydscr__sc-w5hh4y-0 eOGiSH MinimalHeadlines__Concept-sc-f2811a1-9 ezVWSa\" rel=\"nofollow noopener\" target=\"_blank\">Juhlat<\/a><a href=\"https:\/\/yle.fi\/a\/74-20197780\" class=\"MinimalHeadlines__Title-sc-f2811a1-6 eUXYcX visitable-link\" rel=\"nofollow noopener\" target=\"_blank\">Puolustus\u00advoimien paraati ker\u00e4si Kouvolan kaduille 15 000 katsojaa \u2013 t\u00e4lt\u00e4 siell\u00e4 n\u00e4ytti<\/a><\/li>\n<li class=\"MinimalHeadlines__TriggeredItem-sc-f2811a1-0 bOTOdX\">15:13<a href=\"https:\/\/yle.fi\/t\/18-219772\/fi\" data-testid=\"minimal-headline-tag\" aria-label=\"Hiihto \u2013 Lis\u00e4\u00e4 aiheesta\" class=\"ydscr__sc-w5hh4y-0 eOGiSH MinimalHeadlines__Concept-sc-f2811a1-9 ezVWSa\" rel=\"nofollow noopener\" target=\"_blank\">Hiihto<\/a><a href=\"https:\/\/yle.fi\/a\/74-20198245\" class=\"MinimalHeadlines__Title-sc-f2811a1-6 eUXYcX visitable-link\" rel=\"nofollow noopener\" target=\"_blank\">Suomen ykk\u00f6st\u00e4hdet kaukana k\u00e4rjest\u00e4: Krista P\u00e4rm\u00e4koski selitti homeisesta s\u00e4mpyl\u00e4st\u00e4, Kerttu Niskanen suksista<\/a><\/li>\n<li class=\"MinimalHeadlines__TriggeredItem-sc-f2811a1-0 bOTOdX\">15:09<a href=\"https:\/\/yle.fi\/t\/18-354470\/fi\" data-testid=\"minimal-headline-tag\" aria-label=\"Gazan sota \u2013 Lis\u00e4\u00e4 aiheesta\" class=\"ydscr__sc-w5hh4y-0 eOGiSH MinimalHeadlines__Concept-sc-f2811a1-9 ezVWSa\" rel=\"nofollow noopener\" target=\"_blank\">Gazan sota<\/a><a href=\"https:\/\/yle.fi\/a\/74-20198262\" class=\"MinimalHeadlines__Title-sc-f2811a1-6 eUXYcX visitable-link\" rel=\"nofollow noopener\" target=\"_blank\">Gazan tulitauon seuraavasta askeleesta neuvotellaan \u2013 Ministeri: Gaza tarvitsee poliisivoimat<\/a><\/li>\n<li class=\"MinimalHeadlines__TriggeredItem-sc-f2811a1-0 bOTOdX\">14:03<a href=\"https:\/\/yle.fi\/t\/18-217877\/fi\" data-testid=\"minimal-headline-tag\" aria-label=\"Lumilautailu \u2013 Lis\u00e4\u00e4 aiheesta\" class=\"ydscr__sc-w5hh4y-0 eOGiSH MinimalHeadlines__Concept-sc-f2811a1-9 ezVWSa\" rel=\"nofollow noopener\" target=\"_blank\">Lumilautailu<\/a><a href=\"https:\/\/yle.fi\/a\/74-20198256\" class=\"MinimalHeadlines__Title-sc-f2811a1-6 eUXYcX visitable-link\" rel=\"nofollow noopener\" target=\"_blank\">Rene Rinnekangas palautti Suomen palkinto\u00adkorokkeelle lumilautailussa<\/a><\/li>\n<li class=\"MinimalHeadlines__TriggeredItem-sc-f2811a1-0 bOTOdX\">\n<p>13:46<\/p>\n<p><a href=\"https:\/\/yle.fi\/t\/18-205598\/fi\" data-testid=\"minimal-headline-tag\" aria-label=\"Jalkapallo \u2013 Lis\u00e4\u00e4 aiheesta\" class=\"ydscr__sc-w5hh4y-0 eOGiSH MinimalHeadlines__Concept-sc-f2811a1-9 ezVWSa\" rel=\"nofollow noopener\" target=\"_blank\">Jalkapallo<\/a><a href=\"https:\/\/yle.fi\/a\/74-20198255\" class=\"MinimalHeadlines__Title-sc-f2811a1-6 eUXYcX visitable-link\" rel=\"nofollow noopener\" target=\"_blank\">TPS:n kahden lajin suuruus Matti Sundelin on kuollut<\/a><\/li>\n<\/ol>\n<p>T\u00e4st\u00e4 keskustellaan nyt<\/p>\n<ol aria-labelledby=\"sb-most-commented\">\n<li class=\"MinimalHeadlines__TriggeredItem-sc-f2811a1-0 bOTOdX\">\n<p>1<\/p>\n<p><a href=\"https:\/\/yle.fi\/t\/18-207309\/fi\" data-testid=\"minimal-headline-tag\" aria-label=\"Maanpuolustus \u2013 Lis\u00e4\u00e4 aiheesta\" class=\"ydscr__sc-w5hh4y-0 eOGiSH MinimalHeadlines__Concept-sc-f2811a1-9 ezVWSa\" rel=\"nofollow noopener\" target=\"_blank\">Maanpuolustus<\/a><a href=\"https:\/\/yle.fi\/a\/74-20197945\" class=\"MinimalHeadlines__Title-sc-f2811a1-6 eUXYcX visitable-link\" rel=\"nofollow noopener\" target=\"_blank\">Puolustus\u00advoimain komentaja asevelvollisuudesta ik\u00e4luokkien pienentyess\u00e4: \u201dMist\u00e4 muualta se otetaan kuin naisista?\u201d<\/a><a href=\"https:\/\/yle.fi\/a\/74-20197945#comments\" class=\"Typography-sc-8becf565-0 StoryCommentsCount__CommentsLink-sc-c017df14-0 YmdeV gsunmv MinimalHeadlines__StyledStoryCommentsCount-sc-f2811a1-5 bXToFu\" aria-label=\"Keskustele, 333 kommenttia\" rel=\"nofollow noopener\" target=\"_blank\">333<\/a><\/li>\n<li class=\"MinimalHeadlines__TriggeredItem-sc-f2811a1-0 bOTOdX\">\n<p>2<\/p>\n<p><a href=\"https:\/\/yle.fi\/t\/18-205530\/fi\" data-testid=\"minimal-headline-tag\" aria-label=\"Identiteetit \u2013 Lis\u00e4\u00e4 aiheesta\" class=\"ydscr__sc-w5hh4y-0 eOGiSH MinimalHeadlines__Concept-sc-f2811a1-9 ezVWSa\" rel=\"nofollow noopener\" target=\"_blank\">Identiteetit<\/a><a href=\"https:\/\/yle.fi\/a\/74-20197883\" class=\"MinimalHeadlines__Title-sc-f2811a1-6 eUXYcX visitable-link\" rel=\"nofollow noopener\" target=\"_blank\">Ylen testi jakaa suomalaiset kuuteen ryhm\u00e4\u00e4n \u2013 katso, mihin niist\u00e4 itse kuulut<\/a><a href=\"https:\/\/yle.fi\/a\/74-20197883#comments\" class=\"Typography-sc-8becf565-0 StoryCommentsCount__CommentsLink-sc-c017df14-0 YmdeV gsunmv MinimalHeadlines__StyledStoryCommentsCount-sc-f2811a1-5 bXToFu\" aria-label=\"Keskustele, 239 kommenttia\" rel=\"nofollow noopener\" target=\"_blank\">239<\/a><\/li>\n<li class=\"MinimalHeadlines__TriggeredItem-sc-f2811a1-0 bOTOdX\">\n<p>3<\/p>\n<p><a href=\"https:\/\/yle.fi\/t\/18-204465\/fi\" data-testid=\"minimal-headline-tag\" aria-label=\"Musiikki \u2013 Lis\u00e4\u00e4 aiheesta\" class=\"ydscr__sc-w5hh4y-0 eOGiSH MinimalHeadlines__Concept-sc-f2811a1-9 ezVWSa\" rel=\"nofollow noopener\" target=\"_blank\">Musiikki<\/a><a href=\"https:\/\/yle.fi\/a\/74-20191508\" class=\"MinimalHeadlines__Title-sc-f2811a1-6 eUXYcX visitable-link\" rel=\"nofollow noopener\" target=\"_blank\">\u201dKaikki on Suomessa paremmin kuin koskaan\u201d, sanoo laulaja Olli Halonen<\/a><a href=\"https:\/\/yle.fi\/a\/74-20191508#comments\" class=\"Typography-sc-8becf565-0 StoryCommentsCount__CommentsLink-sc-c017df14-0 YmdeV gsunmv MinimalHeadlines__StyledStoryCommentsCount-sc-f2811a1-5 bXToFu\" aria-label=\"Keskustele, 96 kommenttia\" rel=\"nofollow noopener\" target=\"_blank\">96<\/a><\/li>\n<\/ol>\n<p>Takaisin sivun alkuun<\/p>\n<ul class=\"GridSystem__GridCell-sc-886966b2-0 Footer__List-sc-fb857fe3-4 juZbVM gANPZE\">\n<li><a href=\"https:\/\/yle.fi\/aihe\/yleisradio\" class=\"Typography-sc-8becf565-0 coXzWz link-accent\" rel=\"nofollow noopener\" target=\"_blank\">Yle yhti\u00f6n\u00e4<\/a><\/li>\n<li><a href=\"https:\/\/yle.fi\/aihe\/yleisradio\/tietosuoja\" class=\"Typography-sc-8becf565-0 coXzWz link-accent\" rel=\"nofollow noopener\" target=\"_blank\">Tietosuojalauseke<\/a><\/li>\n<li><a href=\"https:\/\/yle.fi\/aihe\/a\/20-10008759\" class=\"Typography-sc-8becf565-0 coXzWz link-accent\" rel=\"nofollow noopener\" target=\"_blank\">Saavutettavuusseloste<\/a><\/li>\n<li><a href=\"https:\/\/yle.fi\/aihe\/s\/yleisradio\/evastekaytannot\" class=\"Typography-sc-8becf565-0 coXzWz link-accent\" rel=\"nofollow noopener\" target=\"_blank\">Ev\u00e4stek\u00e4yt\u00e4nn\u00f6t<\/a><\/li>\n<li><a href=\"https:\/\/asiakaspalvelu.yle.fi\" class=\"Typography-sc-8becf565-0 coXzWz link-accent\" rel=\"nofollow noopener\" target=\"_blank\">Asiakaspalvelu<\/a><\/li>\n<li><a href=\"https:\/\/yle.fi\/aihe\/yleisradio\/toihin-ylelle\" class=\"Typography-sc-8becf565-0 coXzWz link-accent\" rel=\"nofollow noopener\" target=\"_blank\">Avoimet ty\u00f6paikat<\/a><\/li>\n<li><a href=\"https:\/\/yle.fi\/aihe\/yleisradio\/ylen-yhteystiedot\" class=\"Typography-sc-8becf565-0 coXzWz link-accent\" rel=\"nofollow noopener\" target=\"_blank\">Ylen perus- ja yhteystiedot<\/a><\/li>\n<\/ul>\n<p><img decoding=\"async\" loading=\"lazy\" src=\"https:\/\/yle.fi\/ukko\/assets\/img\/vastuullista-journalismia.svg\" alt=\"Vastuullista journalismia\" class=\"Footer__JSNBadge-sc-fb857fe3-5 hMDLjs\"\/><a href=\"https:\/\/yle.fi\" rel=\"nofollow noopener\" target=\"_blank\"><\/a><\/p>\n","protected":false},"excerpt":{"rendered":"Hypp\u00e4\u00e4 sis\u00e4lt\u00f6\u00f6nHypp\u00e4\u00e4 sis\u00e4lt\u00f6\u00f6n Etusivu Ven\u00e4j\u00e4n hy\u00f6kk\u00e4ysPentuliveUrheilustudio Hae Valikko Haemme s\u00e4\u00e4tietoja&#8230; Hae Ylen sis\u00e4lt\u00f6j\u00e4 L\u00e4het\u00e4 uutiskuva tai \u2011video Pinnalla&hellip;\n","protected":false},"author":2,"featured_media":74,"comment_status":"","ping_status":"","sticky":false,"template":"","format":"standard","meta":{"footnotes":""},"categories":[14],"tags":[22,23,26,27,33,31,30,17,24,25,28,29,15,18,21,32,19,20,56,16,59,60,61],"class_list":{"0":"post-109370","1":"post","2":"type-post","3":"status-publish","4":"format-standard","5":"has-post-thumbnail","7":"category-ulkomaat","8":"tag-breaking-news","9":"tag-breakingnews","10":"tag-featured-news","11":"tag-featurednews","12":"tag-fi","13":"tag-finland","14":"tag-finnish","15":"tag-headlines","16":"tag-latest-news","17":"tag-latestnews","18":"tag-main-news","19":"tag-mainnews","20":"tag-news","21":"tag-otsikot","22":"tag-paauutiset","23":"tag-suomi","24":"tag-top-stories","25":"tag-topstories","26":"tag-ulkomaat","27":"tag-uutiset","28":"tag-world","29":"tag-world-news","30":"tag-worldnews"},"share_on_mastodon":{"url":"https:\/\/pubeurope.com\/@fi\/115673377295155678","error":""},"_links":{"self":[{"href":"https:\/\/www.europesays.com\/fi\/wp-json\/wp\/v2\/posts\/109370","targetHints":{"allow":["GET"]}}],"collection":[{"href":"https:\/\/www.europesays.com\/fi\/wp-json\/wp\/v2\/posts"}],"about":[{"href":"https:\/\/www.europesays.com\/fi\/wp-json\/wp\/v2\/types\/post"}],"author":[{"embeddable":true,"href":"https:\/\/www.europesays.com\/fi\/wp-json\/wp\/v2\/users\/2"}],"replies":[{"embeddable":true,"href":"https:\/\/www.europesays.com\/fi\/wp-json\/wp\/v2\/comments?post=109370"}],"version-history":[{"count":0,"href":"https:\/\/www.europesays.com\/fi\/wp-json\/wp\/v2\/posts\/109370\/revisions"}],"wp:featuredmedia":[{"embeddable":true,"href":"https:\/\/www.europesays.com\/fi\/wp-json\/wp\/v2\/media\/74"}],"wp:attachment":[{"href":"https:\/\/www.europesays.com\/fi\/wp-json\/wp\/v2\/media?parent=109370"}],"wp:term":[{"taxonomy":"category","embeddable":true,"href":"https:\/\/www.europesays.com\/fi\/wp-json\/wp\/v2\/categories?post=109370"},{"taxonomy":"post_tag","embeddable":true,"href":"https:\/\/www.europesays.com\/fi\/wp-json\/wp\/v2\/tags?post=109370"}],"curies":[{"name":"wp","href":"https:\/\/api.w.org\/{rel}","templated":true}]}}