{"id":109371,"date":"2025-12-06T15:40:10","date_gmt":"2025-12-06T15:40:10","guid":{"rendered":"https:\/\/www.europesays.com\/fi\/109371\/"},"modified":"2025-12-06T15:40:10","modified_gmt":"2025-12-06T15:40:10","slug":"palaneesta-omakotitalosta-loytyi-kuolleena-nelja-ihmista-savonlinnassa","status":"publish","type":"post","link":"https:\/\/www.europesays.com\/fi\/109371\/","title":{"rendered":"Palaneesta omakotitalosta l\u00f6ytyi kuolleena nelj\u00e4 ihmist\u00e4 Savonlinnassa"},"content":{"rendered":"<p>Ruumiita ei ole pystytty viel\u00e4 tunnistamaan.<\/p>\n<p class=\"article-body mb-nof-24 px-nof-16\">Palaneesta savonlinnalaisesta omakotitalosta on l\u00f6ytynyt kuolleena nelj\u00e4 ihmist\u00e4, tiedottaa poliisi.<\/p>\n<p class=\"article-body mb-nof-24 px-nof-16\">Ruumiita ei ole pystytty viel\u00e4 tunnistamaan.<\/p>\n<p class=\"article-body mb-nof-24 px-nof-16\">H\u00e4t\u00e4keskukseen tuli ilmoitus palosta noin aamukahdeksan aikaan lauantaina. Viranomaisten saapuessa paikalle talo oli t\u00e4ysin tulessa. Palanut omakotitalo sijaitsee Hattukalliontiell\u00e4 Louhen kyl\u00e4ss\u00e4.<\/p>\n<p class=\"article-body mb-nof-24 px-nof-16\">Rikoskomisario <a class=\"article-personlink\" href=\"https:\/\/www.aamulehti.fi\/haku\/?query=Markku%20K%C3%A4rp%C3%A4nen\" rel=\"nofollow noopener\" target=\"_blank\">Markku K\u00e4rp\u00e4nen<\/a> It\u00e4-Suomen poliisilaitokselta kertoo, ett\u00e4 talossa asui perhe.<\/p>\n<p class=\"article-body mb-nof-24 px-nof-16\">Viel\u00e4 ei kuitenkaan ole pystytty varmistamaan, ovatko kuolleet yht\u00e4 perhett\u00e4, sill\u00e4 ruumiita ei ole viel\u00e4 tunnistettu, K\u00e4rp\u00e4nen sanoo. K\u00e4rp\u00e4nen ei ota kantaa siihen, montako ihmist\u00e4 talossa asui.<\/p>\n<p class=\"article-body mb-nof-24 px-nof-16\">Rikoskomisario ei my\u00f6sk\u00e4\u00e4n toistaiseksi ota kantaa siihen, mink\u00e4 ik\u00e4isi\u00e4 uhrit ovat.<\/p>\n<p class=\"article-body mb-nof-24 px-nof-16\">Pelastuslaitos ei l\u00f6yt\u00e4nyt palavasta talosta elossa olevia, joita pelastaa, K\u00e4rp\u00e4nen kertoo.<\/p>\n<p class=\"article-body mb-nof-24 px-nof-16\">K\u00e4rp\u00e4sen k\u00e4sityksen mukaan palo on saatu sammutettua ja palopaikalla on siirrytty raivaust\u00f6ihin.<\/p>\n<p class=\"article-body mb-nof-24 px-nof-16\">\u201dTekninen tutkinta on vasta alussa. Kun kyse on tulipalosta, ei v\u00e4ltt\u00e4m\u00e4tt\u00e4 p\u00e4\u00e4st\u00e4 kuumuuden vuoksi heti t\u00e4yteen vauhtiin. Teknist\u00e4 tutkintaa jatketaan sunnuntaina\u201d, K\u00e4rp\u00e4nen sanoo.<\/p>\n<p class=\"article-body mb-nof-24 px-nof-16\">Rikoskomisario sanoo, ettei spekuloi palon tarkalla syttymisajankohdalla. Toistaiseksi ei tiedet\u00e4, mist\u00e4 palo l\u00e4hti liikkeelle.<\/p>\n<p class=\"article-body mb-nof-24 px-nof-16\">K\u00e4rp\u00e4nen sanoo, ett\u00e4 tapahtuma on h\u00e4nen urallaan poikkeuksellinen.<\/p>\n<p class=\"article-body mb-nof-24 px-nof-16\">\u201dEn muista, onko l\u00e4hivuosina ollut paloja, miss\u00e4 on n\u00e4in monta uhria.\u201d<\/p>\n<p class=\"article-body mb-nof-24 px-nof-16\">\u201dSanoisin, ett\u00e4 eritt\u00e4in harvinainen [tapaus].\u201d<\/p>\n","protected":false},"excerpt":{"rendered":"Ruumiita ei ole pystytty viel\u00e4 tunnistamaan. Palaneesta savonlinnalaisesta omakotitalosta on l\u00f6ytynyt kuolleena nelj\u00e4 ihmist\u00e4, tiedottaa poliisi. Ruumiita ei&hellip;\n","protected":false},"author":2,"featured_media":109372,"comment_status":"","ping_status":"","sticky":false,"template":"","format":"standard","meta":{"footnotes":""},"categories":[12],"tags":[157,22,23,26,27,33,31,30,17,24,25,28,29,15,18,21,32,19,20,16],"class_list":{"0":"post-109371","1":"post","2":"type-post","3":"status-publish","4":"format-standard","5":"has-post-thumbnail","7":"category-suomi","8":"tag-aamulehti","9":"tag-breaking-news","10":"tag-breakingnews","11":"tag-featured-news","12":"tag-featurednews","13":"tag-fi","14":"tag-finland","15":"tag-finnish","16":"tag-headlines","17":"tag-latest-news","18":"tag-latestnews","19":"tag-main-news","20":"tag-mainnews","21":"tag-news","22":"tag-otsikot","23":"tag-paauutiset","24":"tag-suomi","25":"tag-top-stories","26":"tag-topstories","27":"tag-uutiset"},"share_on_mastodon":{"url":"","error":""},"_links":{"self":[{"href":"https:\/\/www.europesays.com\/fi\/wp-json\/wp\/v2\/posts\/109371","targetHints":{"allow":["GET"]}}],"collection":[{"href":"https:\/\/www.europesays.com\/fi\/wp-json\/wp\/v2\/posts"}],"about":[{"href":"https:\/\/www.europesays.com\/fi\/wp-json\/wp\/v2\/types\/post"}],"author":[{"embeddable":true,"href":"https:\/\/www.europesays.com\/fi\/wp-json\/wp\/v2\/users\/2"}],"replies":[{"embeddable":true,"href":"https:\/\/www.europesays.com\/fi\/wp-json\/wp\/v2\/comments?post=109371"}],"version-history":[{"count":0,"href":"https:\/\/www.europesays.com\/fi\/wp-json\/wp\/v2\/posts\/109371\/revisions"}],"wp:featuredmedia":[{"embeddable":true,"href":"https:\/\/www.europesays.com\/fi\/wp-json\/wp\/v2\/media\/109372"}],"wp:attachment":[{"href":"https:\/\/www.europesays.com\/fi\/wp-json\/wp\/v2\/media?parent=109371"}],"wp:term":[{"taxonomy":"category","embeddable":true,"href":"https:\/\/www.europesays.com\/fi\/wp-json\/wp\/v2\/categories?post=109371"},{"taxonomy":"post_tag","embeddable":true,"href":"https:\/\/www.europesays.com\/fi\/wp-json\/wp\/v2\/tags?post=109371"}],"curies":[{"name":"wp","href":"https:\/\/api.w.org\/{rel}","templated":true}]}}