{"id":109373,"date":"2025-12-06T15:41:09","date_gmt":"2025-12-06T15:41:09","guid":{"rendered":"https:\/\/www.europesays.com\/fi\/109373\/"},"modified":"2025-12-06T15:41:09","modified_gmt":"2025-12-06T15:41:09","slug":"volvo-kuski-koukkasi-jalkakaytavalle-ja-ajoi-yli-nuori-mies-kuoli","status":"publish","type":"post","link":"https:\/\/www.europesays.com\/fi\/109373\/","title":{"rendered":"Volvo-kuski koukkasi jalkak\u00e4yt\u00e4v\u00e4lle ja ajoi yli \u2013 Nuori mies kuoli"},"content":{"rendered":"<p>Poliisi ep\u00e4ilee Volvo-kuljettajaa muun muassa taposta.<\/p>\n<p><img decoding=\"async\" class=\"image image-show image-preview\" src=\"https:\/\/www.europesays.com\/fi\/wp-content\/uploads\/2025\/11\/1764002169_227_402f9ffd2dec90ae057a72a7b531a4fc2a67d1453c59075a5a2144d3f603c36b.jpg\" alt=\"\"\/><img decoding=\"async\" class=\"image image-show\" src=\"https:\/\/www.europesays.com\/fi\/wp-content\/uploads\/2025\/11\/1762351451_150_402f9ffd2dec90ae057a72a7b531a4fc2a67d1453c59075a5a2144d3f603c36b.jpg\" alt=\"\"\/><\/p>\n<p>Poliisin mukaan ep\u00e4ilty ja uhri olivat asioineet hieman aiemmin samalla grillikioskilla. Inka Soveri<\/p>\n<p class=\"paragraph\">Noin 20-vuotias mies kuoli Heinolassa itsen\u00e4isyysp\u00e4iv\u00e4n vastaisena y\u00f6n\u00e4, kun henkil\u00f6auto t\u00f6rm\u00e4si h\u00e4neen.<\/p>\n<p class=\"paragraph\">Poliisin mukaan heinolalainen mies oli k\u00e4vellyt y\u00f6ll\u00e4 kello 0.20 kolmen muun henkil\u00f6n kanssa jalkak\u00e4yt\u00e4v\u00e4ll\u00e4 Heinolan Virtakadulla.<\/p>\n<p class=\"paragraph\">Hieman ennen Kauppakadun risteyst\u00e4 seurueen takaa oli tullut farmarimallinen Volvo, joka koukkasi ajoradalta jalkak\u00e4yt\u00e4v\u00e4lle ja osui uhriin. Seurueen muut henkil\u00f6t onnistuivat v\u00e4ist\u00e4m\u00e4\u00e4n auton.<\/p>\n<p class=\"paragraph\">Poliisin mukaan uhrin seurue ja autoa kuljettanut henkil\u00f6 olivat hetke\u00e4 aiemmin asioineet samaan aikaan l\u00e4heisell\u00e4 grillikioskilla.<\/p>\n<p class=\"paragraph\">Uhriin t\u00f6rm\u00e4nnyt Volvo jatkoi matkaa. Poliisi l\u00f6ysi auton hieman my\u00f6hemmin hyl\u00e4ttyn\u00e4 Heinolan keskusta-alueen ulkopuolelta.<\/p>\n<p class=\"paragraph\">Poliisi tavoitti ja otti kiinni auton ep\u00e4illyn kuljettajan samoihin aikoihin kadulta l\u00e4hialueella.<\/p>\n<p class=\"paragraph\">Poliisi tutkii asiaa tappona, kolmena tapon yrityksen\u00e4 ja t\u00f6rke\u00e4n\u00e4 rattijuopumuksena.<\/p>\n<p class=\"paragraph\">Poliisi pyyt\u00e4\u00e4 havaintoja ep\u00e4illyn k\u00e4yt\u00f6ss\u00e4 olleen harmaan sinert\u00e4v\u00e4n farmarimallisen V50-Volvon liikkeist\u00e4 Heinolan keskustasta perjantain ja lauantain v\u00e4liselt\u00e4 y\u00f6lt\u00e4.<\/p>\n<p class=\"paragraph\">Poliisille on kerrottu, ett\u00e4 v\u00e4litt\u00f6m\u00e4sti tapahtuman j\u00e4lkeen t\u00f6rm\u00e4yspaikalle olisi pys\u00e4htynyt autolla liikkunut sivullinen mies, joka oli hetken aikaa keskustellut uhrin seurueen kanssa.<\/p>\n<p class=\"paragraph\">Samoin tapahtumapaikalle oli poliisin mukaan pys\u00e4htynyt jalkaisin liikkeell\u00e4 ollut sivullinen nainen.<\/p>\n<p class=\"paragraph\">Poliisi pyyt\u00e4\u00e4 n\u00e4it\u00e4 sivullisia ilmoittautumaan H\u00e4meen poliisille. Heit\u00e4 ei ep\u00e4ill\u00e4 rikoksesta.<\/p>\n<p class=\"paragraph\">Tietoja pyydet\u00e4\u00e4n H\u00e4meen poliisin numeroon 050-4130594 tai s\u00e4hk\u00f6postitse osoitteeseen vihjeet.hame@poliisi.fi.<\/p>\n","protected":false},"excerpt":{"rendered":"Poliisi ep\u00e4ilee Volvo-kuljettajaa muun muassa taposta. Poliisin mukaan ep\u00e4ilty ja uhri olivat asioineet hieman aiemmin samalla grillikioskilla. Inka&hellip;\n","protected":false},"author":2,"featured_media":109374,"comment_status":"","ping_status":"","sticky":false,"template":"","format":"standard","meta":{"footnotes":""},"categories":[5],"tags":[35,648,22,23,26,27,33,31,30,17,24,25,121,28,29,82,15,18,21,52,32,128,19,20,16],"class_list":{"0":"post-109373","1":"post","2":"type-post","3":"status-publish","4":"format-standard","5":"has-post-thumbnail","7":"category-otsikot","8":"tag-24h","9":"tag-autot","10":"tag-breaking-news","11":"tag-breakingnews","12":"tag-featured-news","13":"tag-featurednews","14":"tag-fi","15":"tag-finland","16":"tag-finnish","17":"tag-headlines","18":"tag-latest-news","19":"tag-latestnews","20":"tag-liikenne-ja-kuljetus","21":"tag-main-news","22":"tag-mainnews","23":"tag-moottoriajoneuvot","24":"tag-news","25":"tag-otsikot","26":"tag-paauutiset","27":"tag-poliisi","28":"tag-suomi","29":"tag-tieliikenne","30":"tag-top-stories","31":"tag-topstories","32":"tag-uutiset"},"share_on_mastodon":{"url":"https:\/\/pubeurope.com\/@fi\/115673385254657755","error":""},"_links":{"self":[{"href":"https:\/\/www.europesays.com\/fi\/wp-json\/wp\/v2\/posts\/109373","targetHints":{"allow":["GET"]}}],"collection":[{"href":"https:\/\/www.europesays.com\/fi\/wp-json\/wp\/v2\/posts"}],"about":[{"href":"https:\/\/www.europesays.com\/fi\/wp-json\/wp\/v2\/types\/post"}],"author":[{"embeddable":true,"href":"https:\/\/www.europesays.com\/fi\/wp-json\/wp\/v2\/users\/2"}],"replies":[{"embeddable":true,"href":"https:\/\/www.europesays.com\/fi\/wp-json\/wp\/v2\/comments?post=109373"}],"version-history":[{"count":0,"href":"https:\/\/www.europesays.com\/fi\/wp-json\/wp\/v2\/posts\/109373\/revisions"}],"wp:featuredmedia":[{"embeddable":true,"href":"https:\/\/www.europesays.com\/fi\/wp-json\/wp\/v2\/media\/109374"}],"wp:attachment":[{"href":"https:\/\/www.europesays.com\/fi\/wp-json\/wp\/v2\/media?parent=109373"}],"wp:term":[{"taxonomy":"category","embeddable":true,"href":"https:\/\/www.europesays.com\/fi\/wp-json\/wp\/v2\/categories?post=109373"},{"taxonomy":"post_tag","embeddable":true,"href":"https:\/\/www.europesays.com\/fi\/wp-json\/wp\/v2\/tags?post=109373"}],"curies":[{"name":"wp","href":"https:\/\/api.w.org\/{rel}","templated":true}]}}