{"id":109377,"date":"2025-12-06T15:53:11","date_gmt":"2025-12-06T15:53:11","guid":{"rendered":"https:\/\/www.europesays.com\/fi\/109377\/"},"modified":"2025-12-06T15:53:11","modified_gmt":"2025-12-06T15:53:11","slug":"savonlinnan-louhella-tuhoutuneessa-talossa-asui-perhe","status":"publish","type":"post","link":"https:\/\/www.europesays.com\/fi\/109377\/","title":{"rendered":"Savonlinnan Louhella tuhoutuneessa talossa asui perhe"},"content":{"rendered":"<p>Poliisi jatkaa turmapaikan tutkintaa Savonlinnassa viikonlopun ylitse.<\/p>\n<p>Palavasta talosta l\u00f6ytyi nelj\u00e4 kuollutta lauantaina. <\/p>\n<p class=\"article-body mb-nof-24 px-nof-16\">Savonlinnan Louhella itsen\u00e4isyysp\u00e4iv\u00e4n\u00e4 palaneessa omakotitalossa asui perhe, kertoo tutkinnanjohtaja, rikoskomisario <a class=\"article-personlink\" href=\"https:\/\/www.is.fi\/haku\/?query=Markku%20K%C3%A4rp%C3%A4nen\" rel=\"nofollow noopener\" target=\"_blank\">Markku K\u00e4rp\u00e4nen<\/a>. Poliisi ei kuitenkaan toistaiseksi pysty varmentamaan, ett\u00e4 juuri t\u00e4m\u00e4 perhe olisi l\u00f6ytynyt kuolleena palavasta talosta.<\/p>\n<p class=\"article-body mb-nof-24 px-nof-16\">\u2013 Siihen emme ota kantaa, mutta se on paljon mahdollista, tutkinnanjohtaja sanoo ja painottaa, ettei kuolleiden henkil\u00f6llisyytt\u00e4 ole varmistettu.<\/p>\n<p class=\"article-body mb-nof-24 px-nof-16\">\u2013 Kliseeh\u00e4n se on sanoa, mutta esitutkinta todella on alkuvaiheessa. Paikkatutkinta on kesken ja sit\u00e4 jatketaan viikonlopun ylitse.<\/p>\n<p class=\"article-body mb-nof-24 px-nof-16\">Alkujaan pelastuslaitos sai h\u00e4lytyksen tulipalosta Hattukalliontiell\u00e4 kello kahdeksalta lauantaiaamuna. Talossa kirjoilla ollut perhe asui siin\u00e4 vuokralla.<\/p>\n<p class=\"article-body mb-nof-24 px-nof-16\">Poliisi tiedotti aiemmin lauantaina, ett\u00e4 palaneesta talosta l\u00f6ydettiin nelj\u00e4 kuollutta. K\u00e4rp\u00e4nen ei kommentoi tarkemmin uhrien ik\u00e4\u00e4 tai sukupuolta. Sen h\u00e4n kertoo, ett\u00e4 kaikki ruumiit l\u00f6ytyiv\u00e4t talon sis\u00e4lt\u00e4, l\u00e4helt\u00e4 toisiaan.<\/p>\n<p class=\"article-body mb-nof-24 px-nof-16\">Kuolleille tehd\u00e4\u00e4n oikeusl\u00e4\u00e4ketieteellinen ruumiinavaus, jonka avulla heid\u00e4n kuolinsyyns\u00e4 selvi\u00e4\u00e4.<\/p>\n<p class=\"article-body mb-nof-24 px-nof-16\">Poliisilla ei toistaiseksi ole kommentoitavaa palon syttymissyyst\u00e4. Tapauksen mahdolliset rikosnimikkeet selvi\u00e4v\u00e4t teknisen tutkinnan edetess\u00e4.<\/p>\n","protected":false},"excerpt":{"rendered":"Poliisi jatkaa turmapaikan tutkintaa Savonlinnassa viikonlopun ylitse. Palavasta talosta l\u00f6ytyi nelj\u00e4 kuollutta lauantaina. Savonlinnan Louhella itsen\u00e4isyysp\u00e4iv\u00e4n\u00e4 palaneessa omakotitalossa&hellip;\n","protected":false},"author":2,"featured_media":109378,"comment_status":"","ping_status":"","sticky":false,"template":"","format":"standard","meta":{"footnotes":""},"categories":[136],"tags":[407,137,33,31,30,34,408,32,109],"class_list":{"0":"post-109377","1":"post","2":"type-post","3":"status-publish","4":"format-standard","5":"has-post-thumbnail","7":"category-julkkikset","8":"tag-celebrities","9":"tag-entertainment","10":"tag-fi","11":"tag-finland","12":"tag-finnish","13":"tag-ilta-sanomat","14":"tag-julkkikset","15":"tag-suomi","16":"tag-viihde"},"share_on_mastodon":{"url":"https:\/\/pubeurope.com\/@fi\/115673432288990486","error":""},"_links":{"self":[{"href":"https:\/\/www.europesays.com\/fi\/wp-json\/wp\/v2\/posts\/109377","targetHints":{"allow":["GET"]}}],"collection":[{"href":"https:\/\/www.europesays.com\/fi\/wp-json\/wp\/v2\/posts"}],"about":[{"href":"https:\/\/www.europesays.com\/fi\/wp-json\/wp\/v2\/types\/post"}],"author":[{"embeddable":true,"href":"https:\/\/www.europesays.com\/fi\/wp-json\/wp\/v2\/users\/2"}],"replies":[{"embeddable":true,"href":"https:\/\/www.europesays.com\/fi\/wp-json\/wp\/v2\/comments?post=109377"}],"version-history":[{"count":0,"href":"https:\/\/www.europesays.com\/fi\/wp-json\/wp\/v2\/posts\/109377\/revisions"}],"wp:featuredmedia":[{"embeddable":true,"href":"https:\/\/www.europesays.com\/fi\/wp-json\/wp\/v2\/media\/109378"}],"wp:attachment":[{"href":"https:\/\/www.europesays.com\/fi\/wp-json\/wp\/v2\/media?parent=109377"}],"wp:term":[{"taxonomy":"category","embeddable":true,"href":"https:\/\/www.europesays.com\/fi\/wp-json\/wp\/v2\/categories?post=109377"},{"taxonomy":"post_tag","embeddable":true,"href":"https:\/\/www.europesays.com\/fi\/wp-json\/wp\/v2\/tags?post=109377"}],"curies":[{"name":"wp","href":"https:\/\/api.w.org\/{rel}","templated":true}]}}