{"id":10938,"date":"2025-08-20T07:28:08","date_gmt":"2025-08-20T07:28:08","guid":{"rendered":"https:\/\/www.europesays.com\/fi\/10938\/"},"modified":"2025-08-20T07:28:08","modified_gmt":"2025-08-20T07:28:08","slug":"john-crawley-on-kuollut","status":"publish","type":"post","link":"https:\/\/www.europesays.com\/fi\/10938\/","title":{"rendered":"John Crawley on kuollut"},"content":{"rendered":"<p>Tunnettu tiktokkaaja menehtyi t\u00e4ll\u00e4 viikolla.<\/p>\n<p><img decoding=\"async\" class=\"image image-show image-preview\" src=\"https:\/\/www.europesays.com\/fi\/wp-content\/uploads\/2025\/08\/61c1b9453543fd5afcc6a9ccd65fde4014beee4b5f350130c22d405d0f20d5b6.jpg\" alt=\"\"\/><img decoding=\"async\" class=\"image image-show\" src=\"https:\/\/www.europesays.com\/fi\/wp-content\/uploads\/2025\/08\/1755674888_859_61c1b9453543fd5afcc6a9ccd65fde4014beee4b5f350130c22d405d0f20d5b6.jpg\" alt=\"\"\/><\/p>\n<p>Tunnettu tiktokkaaja kuoli maanantaina. AOP<\/p>\n<p class=\"paragraph\">Amerikkalainen Tiktok-t\u00e4hti <strong>John Crawley<\/strong>, joka tunnettiin my\u00f6s taiteilijanimell\u00e4\u00e4n KingBeardX, on kuollut. H\u00e4n kuoli maanantaina 47-vuotiaana. Miehen yst\u00e4v\u00e4 <strong>Anthony Caruso<\/strong> kertoi asiasta julkisesti perustamallaan varainkeruusivustolla, kertoi <a href=\"https:\/\/nypost.com\/2025\/08\/19\/entertainment\/tiktok-star-john-crawley-dead-at-47\/\" rel=\"noopener nofollow\" target=\"_blank\">New York Post<\/a>.<\/p>\n<p class=\"paragraph\">Aiemmin t\u00e4ss\u00e4 kuussa huumorivideoistaan tunnettu Crawley meni Tupelossa, Pohjois-Missisippiss\u00e4 sairaalaan hengitysvaikeuksien takia. H\u00e4nen tilansa pysyi ep\u00e4vakaana, ja my\u00f6hemmin mies joutui teho-osastolle hoitoon. Crawleylla ei ollut terveysvakuutusta, joten perhe pyysi yst\u00e4v\u00e4\u00e4 Anthony Carusoa ker\u00e4\u00e4m\u00e4\u00e4n varoja Tiktok-t\u00e4hden sairaalakustannuksiin.<\/p>\n<p class=\"paragraph\">Yst\u00e4v\u00e4n mukaan traagisen uutisen j\u00e4lkeen varainkeruu jatkuu, ja sill\u00e4 katetaan nyt Crawleyn hautajaiskustannukset.<\/p>\n<p class=\"paragraph\">Crawleyll\u00e4 oli 3,5 miljoonaa seuraajaa Tiktokissa ja Instagramissa. Fanit ovat ottaneet osaa kuuluisan tiktokkaajan kuolemaan.<\/p>\n<p class=\"paragraph\">\u2013 T\u00e4m\u00e4 on niin surullista. Osanottoni h\u00e4nen yst\u00e4villeen ja perheelleen. Rakastin katsoa h\u00e4nen videoitaan. H\u00e4n sai aina minut nauramaan. Lep\u00e4\u00e4 rauhassa, kirjoitti er\u00e4s fani.<\/p>\n<p class=\"paragraph\">\u2013 T\u00e4m\u00e4 mies oli niin ihana sosiaalisessa mediassa. Hauska ja v\u00e4litt\u00e4v\u00e4. Osanottoni h\u00e4nen perheelleen, kirjoitti toinen fani.<\/p>\n<p class=\"paragraph\">\u2013 Sait minut aina nauramaan huononakin p\u00e4iv\u00e4n\u00e4, muisteli kolmas seuraaja.<\/p>\n","protected":false},"excerpt":{"rendered":"Tunnettu tiktokkaaja menehtyi t\u00e4ll\u00e4 viikolla. Tunnettu tiktokkaaja kuoli maanantaina. AOP Amerikkalainen Tiktok-t\u00e4hti John Crawley, joka tunnettiin my\u00f6s taiteilijanimell\u00e4\u00e4n&hellip;\n","protected":false},"author":2,"featured_media":10939,"comment_status":"","ping_status":"","sticky":false,"template":"","format":"standard","meta":{"footnotes":""},"categories":[136],"tags":[35,407,137,33,31,30,408,501,2461,764,32,765,502,167,109],"class_list":{"0":"post-10938","1":"post","2":"type-post","3":"status-publish","4":"format-standard","5":"has-post-thumbnail","7":"category-julkkikset","8":"tag-24h","9":"tag-celebrities","10":"tag-entertainment","11":"tag-fi","12":"tag-finland","13":"tag-finnish","14":"tag-julkkikset","15":"tag-laakaripalvelut","16":"tag-sairaalat-ja-terveyskeskukset","17":"tag-sairaudet","18":"tag-suomi","19":"tag-taudit-ja-hairiot","20":"tag-terveydenhoito","21":"tag-terveys","22":"tag-viihde"},"share_on_mastodon":{"url":"","error":""},"_links":{"self":[{"href":"https:\/\/www.europesays.com\/fi\/wp-json\/wp\/v2\/posts\/10938","targetHints":{"allow":["GET"]}}],"collection":[{"href":"https:\/\/www.europesays.com\/fi\/wp-json\/wp\/v2\/posts"}],"about":[{"href":"https:\/\/www.europesays.com\/fi\/wp-json\/wp\/v2\/types\/post"}],"author":[{"embeddable":true,"href":"https:\/\/www.europesays.com\/fi\/wp-json\/wp\/v2\/users\/2"}],"replies":[{"embeddable":true,"href":"https:\/\/www.europesays.com\/fi\/wp-json\/wp\/v2\/comments?post=10938"}],"version-history":[{"count":0,"href":"https:\/\/www.europesays.com\/fi\/wp-json\/wp\/v2\/posts\/10938\/revisions"}],"wp:featuredmedia":[{"embeddable":true,"href":"https:\/\/www.europesays.com\/fi\/wp-json\/wp\/v2\/media\/10939"}],"wp:attachment":[{"href":"https:\/\/www.europesays.com\/fi\/wp-json\/wp\/v2\/media?parent=10938"}],"wp:term":[{"taxonomy":"category","embeddable":true,"href":"https:\/\/www.europesays.com\/fi\/wp-json\/wp\/v2\/categories?post=10938"},{"taxonomy":"post_tag","embeddable":true,"href":"https:\/\/www.europesays.com\/fi\/wp-json\/wp\/v2\/tags?post=10938"}],"curies":[{"name":"wp","href":"https:\/\/api.w.org\/{rel}","templated":true}]}}