{"id":109391,"date":"2025-12-06T16:19:08","date_gmt":"2025-12-06T16:19:08","guid":{"rendered":"https:\/\/www.europesays.com\/fi\/109391\/"},"modified":"2025-12-06T16:19:08","modified_gmt":"2025-12-06T16:19:08","slug":"kuvagalleria-nain-julkkikset-juhlivat-itsenaisyyspaivaa","status":"publish","type":"post","link":"https:\/\/www.europesays.com\/fi\/109391\/","title":{"rendered":"Kuvagalleria: N\u00e4in julkkikset juhlivat itsen\u00e4isyysp\u00e4iv\u00e4\u00e4"},"content":{"rendered":"<p>Suomalaisjulkimot ovat viihtyneet is\u00e4nmaallisissa tunnelmissa.<\/p>\n<p class=\"article-body mb-nof-24 px-nof-16\">My\u00f6s kansakuntamme julkimot ovat viihtyneet t\u00e4n\u00e4\u00e4n is\u00e4nmaallisissa tunnelmissa.<\/p>\n<p class=\"article-body mb-nof-24 px-nof-16\">IS on koonnut t\u00e4h\u00e4n juttuun eri suomalaisjulkkisten itsen\u00e4isyysp\u00e4iv\u00e4kuvia.<\/p>\n<p class=\"article-body mb-nof-24 px-nof-16\">Esimerkiksi m\u00e4kikotka <a class=\"article-personlink\" href=\"https:\/\/www.is.fi\/haku\/?query=Matti%20Nyk%C3%A4sen\" rel=\"nofollow noopener\" target=\"_blank\">Matti Nyk\u00e4sen<\/a> (1963\u20132019) leski <a class=\"article-personlink\" href=\"https:\/\/www.is.fi\/haku\/?query=Pia%20Nyk%C3%A4nen\" rel=\"nofollow noopener\" target=\"_blank\">Pia Nyk\u00e4nen<\/a> on julkaissut kuvia pariskunnan vierailusta Linnan juhlissa vuonna 2015.<\/p>\n<p class=\"article-body mb-nof-24 px-nof-16\">Kuvissa Matti suutelee Piaa poskelle.<\/p>\n<p class=\"article-body mb-nof-24 px-nof-16\">\u2013 Voi meit\u00e4&#8230; ihaninta ihanaa muistoa&#8230; Ei unohdu koskaan, Pia Nyk\u00e4nen kirjoittaa.<\/p>\n<p class=\"article-body mb-nof-24 px-nof-16\">Kokki-juontaja <a class=\"article-personlink\" href=\"https:\/\/www.is.fi\/haku\/?query=Sikke%20Sumari\" rel=\"nofollow noopener\" target=\"_blank\">Sikke Sumari <\/a>oli puolisonsa <a class=\"article-personlink\" href=\"https:\/\/www.is.fi\/haku\/?query=Tony%20Ilmonin\" rel=\"nofollow noopener\" target=\"_blank\">Tony Ilmonin<\/a> kanssa Linnassa vuonna 2004. Sumarilla oli tuolloin yll\u00e4\u00e4n leopardikuvioinen asu.<\/p>\n<p class=\"article-body mb-nof-24 px-nof-16\">H\u00e4n muistelee, ett\u00e4 se her\u00e4tti aikoinaan keskustelua.<\/p>\n<p class=\"article-body mb-nof-24 px-nof-16\">\u2013 T\u00e4st\u00e4 Versacen <a class=\"article-personlink\" href=\"https:\/\/www.is.fi\/haku\/?query=Linda%20Evangelistalle\" rel=\"nofollow noopener\" target=\"_blank\">Linda Evangelistalle<\/a> valmistamasta puvusta oltiin vuonna 2004 montaa mielt\u00e4. Sopiiko leopardikuvio arvokkaisiin juhliin? Oliko halkio liian paljon s\u00e4\u00e4rt\u00e4 paljastava? Ent\u00e4p\u00e4 puuhka? Liikaa sekin?<\/p>\n<p class=\"article-body mb-nof-24 px-nof-16\">\u2013<a class=\"article-personlink\" href=\"https:\/\/www.is.fi\/haku\/?query=%20Jaakko%20Selin\" rel=\"nofollow noopener\" target=\"_blank\"> Jaakko Selin<\/a> selosti, ett\u00e4 se olisi ollut illan kallein puku\u2026 saattaa ollakin, ett\u00e4 se on alunperin ollut kalliskin, minulle se ei kuitenkaan maksanut mit\u00e4\u00e4n, koska \u2019that\u2019s what friends are for\u2019 \u2764\ufe0f. Sit\u00e4paitsi- leopardi on voimael\u00e4imeni, kuinka olisin voinut valita toisin\u2026?<\/p>\n<p class=\"article-body mb-nof-24 px-nof-16\">\u2013 Oli miten oli &#8211; hyvin siin\u00e4 itsen\u00e4isyyden juhliminen sujui!<\/p>\n<p class=\"article-body mb-nof-24 px-nof-16\">T\u00e4m\u00e4 ilta sujuu Sumarilla kotisohvalla.<\/p>\n<p class=\"article-body mb-nof-24 px-nof-16\">J\u00e4\u00e4kiekkoilija <a class=\"article-personlink\" href=\"https:\/\/www.is.fi\/haku\/?query=Teemu%20Sel%C3%A4nteen\" rel=\"nofollow noopener\" target=\"_blank\">Teemu Sel\u00e4nteen<\/a> vaimo <a class=\"article-personlink\" href=\"https:\/\/www.is.fi\/haku\/?query=Sirpa%20Sel%C3%A4nne\" rel=\"nofollow noopener\" target=\"_blank\">Sirpa Sel\u00e4nne<\/a> on julkaissut kuvan \u00e4idist\u00e4\u00e4n Tertusta ja 18 vuotta t\u00e4ytt\u00e4neest\u00e4 tytt\u00e4rest\u00e4\u00e4n Veerasta.<\/p>\n<p class=\"article-body mb-nof-24 px-nof-16\">\u2013 N\u00e4\u00e4 kaksi, h\u00e4n kirjoittaa syd\u00e4men kera.<\/p>\n<p class=\"article-body mb-nof-24 px-nof-16\">Tv-kasvo <a class=\"article-personlink\" href=\"https:\/\/www.is.fi\/haku\/?query=Timo%20T.%20A.%20Mikkosen\" rel=\"nofollow noopener\" target=\"_blank\">Timo T. A. Mikkosen<\/a> leski <a class=\"article-personlink\" href=\"https:\/\/www.is.fi\/haku\/?query=Nina%20Mikkonen\" rel=\"nofollow noopener\" target=\"_blank\">Nina Mikkonen<\/a> on julkaissut kuvan vuosien takaa pojistaan <a class=\"article-personlink\" href=\"https:\/\/www.is.fi\/haku\/?query=Matiaksesta\" rel=\"nofollow noopener\" target=\"_blank\">Matiaksesta<\/a> ja <a class=\"article-personlink\" href=\"https:\/\/www.is.fi\/haku\/?query=Mikaelista\" rel=\"nofollow noopener\" target=\"_blank\">Mikaelista<\/a> ja n\u00e4iden isot\u00e4dist\u00e4 <a class=\"article-personlink\" href=\"https:\/\/www.is.fi\/haku\/?query=Kaarinasta\" rel=\"nofollow noopener\" target=\"_blank\">Kaarinasta<\/a>. H\u00e4n oli syntynyt hieman ennen Suomen itsen\u00e4istymist\u00e4 26.9.1917. H\u00e4n eli 100-vuotiaksi.<\/p>\n<p class=\"article-body mb-nof-24 px-nof-16\">\u2013 Sodan kokenut isot\u00e4ti Kaarina oli kunnioitettu veteraani, jonka kokemukset pys\u00e4yttiv\u00e4t ja her\u00e4ttiv\u00e4t arvostusta. H\u00e4nen panostaan is\u00e4nmaan hyv\u00e4ksi pidettiin suuressa kunniassa, Mikkonen kirjoittaa.<\/p>\n<p class=\"article-body mb-nof-24 px-nof-16\">\u2013 Sairaanhoitajaksi opiskellut Kaarina teki sodan vuosina ja pitk\u00e4\u00e4n sen j\u00e4lkeen kahta ty\u00f6t\u00e4: p\u00e4ivisin h\u00e4n ty\u00f6skenteli \u00e4idin suvun yrityksess\u00e4, Pakkausliike \u00d6hmanissa, ja iltaisin sek\u00e4 viikonloppuisin Laakson sairaalassa professori P\u00e4ti\u00e4l\u00e4n tutkimusosaston hoitajana. H\u00e4nen tiens\u00e4 hoitoty\u00f6h\u00f6n alkoi jo 19-vuotiaana, kun h\u00e4n aloitti sairaalaharjoittelijana ja toimi pikkulottana sen ajan sotilassairaalassa Hietalahdenrannassa.<\/p>\n<p class=\"article-body mb-nof-24 px-nof-16\">Mikkonen kertoo koskettavan muiston.<\/p>\n<p class=\"article-body mb-nof-24 px-nof-16\">\u2013 Kaarina saattoi kanssamme h\u00e4nelle kovin rakkaan veljenpoikansa, Timon \u2013 poikieni is\u00e4n \u2013 haudan lepoon 24.1.2017. Me saatoimme h\u00e4net samaan sukuhautaan 15.12.2017. H\u00e4nen el\u00e4m\u00e4ns\u00e4, rohkeutensa ja loputon huolenpitonsa kulkevat yh\u00e4 mukanamme \u2013 pieniss\u00e4 arjen hetkiss\u00e4, tarinoissa, joita kerromme eteenp\u00e4in, ja siin\u00e4 tavassa, jolla katsomme maailmaa hieman lempe\u00e4mmin.<\/p>\n<p class=\"article-body mb-nof-24 px-nof-16\">Aikuisviihdeyritt\u00e4j\u00e4 <a class=\"article-personlink\" href=\"https:\/\/www.is.fi\/haku\/?query=Erika%20Helin\" rel=\"nofollow noopener\" target=\"_blank\">Erika Helin<\/a> juhlistaa itsen\u00e4isyysp\u00e4iv\u00e4\u00e4 <a class=\"article-genericlink\" href=\"https:\/\/www.instagram.com\/p\/DR6ZApVDLw3\/?img_index=1\" rel=\"nofollow noopener\" target=\"_blank\">pakarakuvalla<\/a>.<\/p>\n<p class=\"article-body mb-nof-24 px-nof-16\">Muissa kuvissa n\u00e4kyy talvista telmimist\u00e4. Koiravaljakkoa, telttailua, hiihtoa umpihangessa.<\/p>\n<p class=\"article-body mb-nof-24 px-nof-16\">Maltalla jo vuosien ajan asunut Helin kertoo olleensa is\u00e4nmaallinen jo lapsena.<\/p>\n<p class=\"article-body mb-nof-24 px-nof-16\">\u2013 M\u00e4 k\u00e4ytin ala-asteella Suomi-pipoa ja hopeista Suomi-leijonaa kaulassa.<\/p>\n<p class=\"article-body mb-nof-24 px-nof-16\">\u2013 Se saattoi johtua kun fanitin aika paljon Leijonia. Siihen aikaan piti p\u00e4\u00e4tt\u00e4\u00e4 tykk\u00e4\u00e4k\u00f6 enemm\u00e4n <a class=\"article-personlink\" href=\"https:\/\/www.is.fi\/haku\/?query=Ville%20Peltosesta\" rel=\"nofollow noopener\" target=\"_blank\">Ville Peltosesta<\/a> vai Teemu Sel\u00e4nteest\u00e4, niin m\u00e4 valitsin Villen kun musta se oli s\u00f6p\u00f6 kun sill\u00e4 ei ollut hampaita.<\/p>\n<p class=\"article-body mb-nof-24 px-nof-16\">Helin pohtii, \u201dtuliko t\u00e4st\u00e4 nyt v\u00e4h\u00e4n creepy tarina\u201d, kun h\u00e4n oli 9-vuotiaana \u201dihastunut aikuiseen mieheen\u201d.<\/p>\n<p class=\"article-body mb-nof-24 px-nof-16\">\u2013 No kuitenkin, pysyn edelleen mun valinnassa, joten hyv\u00e4 valinta.<\/p>\n<p class=\"article-body mb-nof-24 px-nof-16\">\u2013 Valitettavasti piposta on kuva vain mun pikkuveljen p\u00e4\u00e4ss\u00e4 joten en jaa sit\u00e4. Mutta varmasti kun tuun Suomeen niin vois l\u00e4hte\u00e4 uuden leijona-riipuksen mets\u00e4stykseen! Sit\u00e4 ois kiva kantaa kaulassa reissuilla, Helin kirjoittaa.<\/p>\n<p class=\"article-body mb-nof-24 px-nof-16\">My\u00f6s fitnessvaikuttaja <a class=\"article-personlink\" href=\"https:\/\/www.is.fi\/haku\/?query=Erna%20Husko\" rel=\"nofollow noopener\" target=\"_blank\">Erna Husko<\/a> on pukeutunut <a class=\"article-genericlink\" href=\"https:\/\/www.instagram.com\/p\/DR6zusxCBqT\/\" rel=\"nofollow noopener\" target=\"_blank\">p\u00e4ivityksess\u00e4\u00e4n<\/a> muodot paljastavaan trikooasuun. H\u00e4n luistelee j\u00e4rven j\u00e4\u00e4ll\u00e4 The Police -yhtyeen Every Breath You Take -kappaleen soidessa.<\/p>\n<p class=\"article-body mb-nof-24 px-nof-16\">\u2013 Hyv\u00e4\u00e4 itsen\u00e4isyysp\u00e4iv\u00e4\u00e4 Suomi 108 vuotta, VIrossa p\u00e4\u00e4asiallisesti asuva Husko kirjoittaa.<\/p>\n<p class=\"article-body mb-nof-24 px-nof-16\">My\u00f6s ex-kyl\u00e4kauppias <a class=\"article-personlink\" href=\"https:\/\/www.is.fi\/haku\/?query=Sampo%20Kaulasen\" rel=\"nofollow noopener\" target=\"_blank\">Sampo Kaulasen<\/a> puolison <a class=\"article-personlink\" href=\"https:\/\/www.is.fi\/haku\/?query=Michele%20%E2%80%9DMinttu%E2%80%9D%20Kaulasen\" rel=\"nofollow noopener\" target=\"_blank\">Michele \u201dMinttu\u201d Kaulasen<\/a> pakarat ovat useasti esiintyneet sosiaalisessa mediassa.<\/p>\n<p class=\"article-body mb-nof-24 px-nof-16\">Itsen\u00e4isyysp\u00e4iv\u00e4n\u00e4 Kaulanen on kuitenkin <a class=\"article-genericlink\" href=\"https:\/\/www.instagram.com\/p\/DR6tYLUguAb\/\" rel=\"nofollow noopener\" target=\"_blank\">julkaissut<\/a> kuvan porosta.<\/p>\n<p class=\"article-body mb-nof-24 px-nof-16\">\u2013 Hyv\u00e4\u00e4 Itsen\u00e4isyysp\u00e4iv\u00e4\u00e4 Suomi. T\u00e4ss\u00e4 toivottaa Ilo. Me vietet\u00e4\u00e4n se el\u00e4inten ja yst\u00e4vien kanssa, Kaulanen kirjoittaa.<\/p>\n<p class=\"article-body mb-nof-24 px-nof-16\">Poro seikkailee my\u00f6s radiojuntaja <a class=\"article-personlink\" href=\"https:\/\/www.is.fi\/haku\/?query=Tinni%20Wickstr%C3%B6min\" rel=\"nofollow noopener\" target=\"_blank\">Tinni Wickstr\u00f6min<\/a> <a class=\"article-genericlink\" href=\"https:\/\/www.instagram.com\/p\/DR6zJmrCP7D\/\" rel=\"nofollow noopener\" target=\"_blank\">p\u00e4ivityksess\u00e4<\/a>. Kuva on otettu \u00c4k\u00e4slompolossa, Lapissa.<\/p>\n<p class=\"article-body mb-nof-24 px-nof-16\">Wickstr\u00f6m on liitt\u00e4nyt kuvaan vain sinisen syd\u00e4nemojin.<\/p>\n<p class=\"article-body mb-nof-24 px-nof-16\">Poliitikko <a class=\"article-personlink\" href=\"https:\/\/www.is.fi\/haku\/?query=Ilkka%20Kanervan\" rel=\"nofollow noopener\" target=\"_blank\">Ilkka Kanervan<\/a> leski <a class=\"article-personlink\" href=\"https:\/\/www.is.fi\/haku\/?query=Elina%20Kanerva\" rel=\"nofollow noopener\" target=\"_blank\">Elina Kanerva<\/a> muistelee yhteist\u00e4 aikaa vuonna 2022 edesmenneen puolisonsa kanssa.<\/p>\n<p class=\"article-body mb-nof-24 px-nof-16\">H\u00e4n on julkaissut <a class=\"article-genericlink\" href=\"https:\/\/www.instagram.com\/p\/DR68R0WCN-IC5zbRmLAekrDq49l_7pqI9OHFiE0\/\" rel=\"nofollow noopener\" target=\"_blank\">kuvan<\/a>, jossa k\u00e4velee Ilkan kanssa punaisella matolla kadettien ymp\u00e4r\u00f6im\u00e4n\u00e4.<\/p>\n<p class=\"article-body mb-nof-24 px-nof-16\">\u2013 Hyv\u00e4\u00e4 itsen\u00e4isyysp\u00e4iv\u00e4\u00e4. T\u00e4m\u00e4 p\u00e4iv\u00e4 oli meille molemmille niin merkityksellinen. Suuri kiitollisuus syd\u00e4mess\u00e4, h\u00e4n kirjoittaa.<\/p>\n<p class=\"article-body mb-nof-24 px-nof-16\">Laulaja-lauluntekij\u00e4 <a class=\"article-personlink\" href=\"https:\/\/www.is.fi\/haku\/?query=Maija%20Vilkkumaa\" rel=\"nofollow noopener\" target=\"_blank\">Maija Vilkkumaa<\/a> <a class=\"article-genericlink\" href=\"https:\/\/www.instagram.com\/p\/DR6f1RGCCBO\/\" rel=\"nofollow noopener\" target=\"_blank\">on muistellut<\/a> vuoden takaisia Linnan juhlia.<\/p>\n<p class=\"article-body mb-nof-24 px-nof-16\">H\u00e4n poseeraa kuvassa yhdess\u00e4 puolisonsa, kitaristi <a class=\"article-personlink\" href=\"https:\/\/www.is.fi\/haku\/?query=Mikko%20Kososen\" rel=\"nofollow noopener\" target=\"_blank\">Mikko Kososen<\/a> kanssa.<\/p>\n<p class=\"article-body mb-nof-24 px-nof-16\">H\u00e4n oli esiintynyt edellisiltana 5. joulukuuta Tampereen Nokia-areenassa.<\/p>\n<p class=\"article-body mb-nof-24 px-nof-16\">\u2013 Nokia Arenan j\u00e4lkeen olikin sitten suora leikkaus t\u00e4h\u00e4n ikoniseen hetkeen!<\/p>\n<p class=\"article-body mb-nof-24 px-nof-16\">H\u00e4n kuvailee itse\u00e4\u00e4n ja puolisoaan \u201dRuotsin kuningaspariksi\u201d:<\/p>\n<p class=\"article-body mb-nof-24 px-nof-16\">\u2013 Juhlat oli kivat (en tosin l\u00f6yt\u00e4nyt linnassa minnek\u00e4\u00e4n, sattumalta kuulin tutulta muusikolta ett\u00e4 jossain aloittaa kohta <a class=\"article-personlink\" href=\"https:\/\/www.is.fi\/haku\/?query=Iiro%20Rantala\" rel=\"nofollow noopener\" target=\"_blank\">Iiro Rantala<\/a> ja <a class=\"article-personlink\" href=\"https:\/\/www.is.fi\/haku\/?query=Helena%20Juntunen\" rel=\"nofollow noopener\" target=\"_blank\">Helena Juntunen<\/a>, l\u00f6ysin huoneen kuin ihmeen kaupalla ja se oli aivan mielet\u00f6n esitys! Ehdotan karttaa ja selke\u00e4\u00e4 ohjelma-aikataulua tuleville vuosille), ja niiden jatkoilta saatiin uusi yst\u00e4v\u00e4pariskunta, jonka luona juuri t\u00e4ll\u00e4 viikolla k\u00e4ytiin illallisella, Vilkkumaa muistelee.<\/p>\n<p class=\"article-body mb-nof-24 px-nof-16\">Ex-missi <a class=\"article-personlink\" href=\"https:\/\/www.is.fi\/haku\/?query=Lola%20Odusoga\" rel=\"nofollow noopener\" target=\"_blank\">Lola Odusoga<\/a> on julkaissut <a class=\"article-genericlink\" href=\"https:\/\/www.instagram.com\/p\/DR6wBrUiOKC\/\" rel=\"nofollow noopener\" target=\"_blank\">selfien<\/a> tasavallan presidentti Alexander Stubbin kanssa.<\/p>\n<p class=\"article-body mb-nof-24 px-nof-16\">Ainakin melkein.<\/p>\n<p class=\"article-body mb-nof-24 px-nof-16\">Takana on valokuva hymyilev\u00e4st\u00e4 presidentist\u00e4, edess\u00e4 ihan oikea Odusoga.<\/p>\n<p class=\"article-body mb-nof-24 px-nof-16\">\u2013 Hyv\u00e4\u00e4 itsen\u00e4isyysp\u00e4iv\u00e4\u00e4, h\u00e4n toivottaa.<\/p>\n<p class=\"article-body mb-nof-24 px-nof-16\">Artikkeli p\u00e4ivittyy.<\/p>\n<p><script async src=\"\/\/www.instagram.com\/embed.js\"><\/script><\/p>\n","protected":false},"excerpt":{"rendered":"Suomalaisjulkimot ovat viihtyneet is\u00e4nmaallisissa tunnelmissa. My\u00f6s kansakuntamme julkimot ovat viihtyneet t\u00e4n\u00e4\u00e4n is\u00e4nmaallisissa tunnelmissa. IS on koonnut t\u00e4h\u00e4n juttuun&hellip;\n","protected":false},"author":2,"featured_media":109392,"comment_status":"","ping_status":"","sticky":false,"template":"","format":"standard","meta":{"footnotes":""},"categories":[136],"tags":[407,137,33,31,30,34,408,32,109],"class_list":{"0":"post-109391","1":"post","2":"type-post","3":"status-publish","4":"format-standard","5":"has-post-thumbnail","7":"category-julkkikset","8":"tag-celebrities","9":"tag-entertainment","10":"tag-fi","11":"tag-finland","12":"tag-finnish","13":"tag-ilta-sanomat","14":"tag-julkkikset","15":"tag-suomi","16":"tag-viihde"},"share_on_mastodon":{"url":"https:\/\/pubeurope.com\/@fi\/115673534497977244","error":""},"_links":{"self":[{"href":"https:\/\/www.europesays.com\/fi\/wp-json\/wp\/v2\/posts\/109391","targetHints":{"allow":["GET"]}}],"collection":[{"href":"https:\/\/www.europesays.com\/fi\/wp-json\/wp\/v2\/posts"}],"about":[{"href":"https:\/\/www.europesays.com\/fi\/wp-json\/wp\/v2\/types\/post"}],"author":[{"embeddable":true,"href":"https:\/\/www.europesays.com\/fi\/wp-json\/wp\/v2\/users\/2"}],"replies":[{"embeddable":true,"href":"https:\/\/www.europesays.com\/fi\/wp-json\/wp\/v2\/comments?post=109391"}],"version-history":[{"count":0,"href":"https:\/\/www.europesays.com\/fi\/wp-json\/wp\/v2\/posts\/109391\/revisions"}],"wp:featuredmedia":[{"embeddable":true,"href":"https:\/\/www.europesays.com\/fi\/wp-json\/wp\/v2\/media\/109392"}],"wp:attachment":[{"href":"https:\/\/www.europesays.com\/fi\/wp-json\/wp\/v2\/media?parent=109391"}],"wp:term":[{"taxonomy":"category","embeddable":true,"href":"https:\/\/www.europesays.com\/fi\/wp-json\/wp\/v2\/categories?post=109391"},{"taxonomy":"post_tag","embeddable":true,"href":"https:\/\/www.europesays.com\/fi\/wp-json\/wp\/v2\/tags?post=109391"}],"curies":[{"name":"wp","href":"https:\/\/api.w.org\/{rel}","templated":true}]}}