{"id":109395,"date":"2025-12-06T16:27:11","date_gmt":"2025-12-06T16:27:11","guid":{"rendered":"https:\/\/www.europesays.com\/fi\/109395\/"},"modified":"2025-12-06T16:27:11","modified_gmt":"2025-12-06T16:27:11","slug":"suomesta-kymmenien-miljoonien-investointi-robottikopteritoimintaan-pohjois-euroopassa-ja-baltiassa-turku-pilottialueena-varsinais-suomi","status":"publish","type":"post","link":"https:\/\/www.europesays.com\/fi\/109395\/","title":{"rendered":"Suomesta kymmenien miljoonien investointi robottikopteritoimintaan Pohjois-Euroopassa ja Baltiassa \u2013 Turku pilottialueena | Varsinais-Suomi"},"content":{"rendered":"<p class=\"aw-1gybjub aw-5vja16 kEtdKx kmuxyA yle__article__paragraph\">Aikataulutavoitteena on, ett\u00e4 koko maan kattavat olosuhteet matalalla lent\u00e4vien kopterien toimintaan ovat valmiina vuoden 2026 loppuun menness\u00e4.<\/p>\n<p><img decoding=\"async\" alt=\"Drone ilmassa aurinkoisena talvip\u00e4iv\u00e4n\u00e4, taustalla lehtens\u00e4 pudottaneita puita.\" src=\"https:\/\/www.europesays.com\/fi\/wp-content\/uploads\/2025\/12\/39-141065067920bab58d54.jpeg\" class=\"aw-1l9m598 hKVVvP\"\/><\/p>\n<p>Avaa kuvien katselu<\/p>\n<p>T\u00e4llaiset kopterit valvovat Imatran kaupungin kiinteist\u00f6j\u00e4. Kuva: Rumble Tools oy<\/p>\n<p class=\"aw-1gybjub aw-1p7kakr kEtdKx cEmitX yle__article__paragraph\">Teknologiayhti\u00f6 Rumble Tools Oy investoi noin 30 miljoonaa euroa itsen\u00e4isesti toimivien koptereiden toimintaedellytyksiin Pohjois-Euroopassa ja Baltiassa. Turku on hankkeen pilottialue.<\/p>\n<p class=\"aw-1gybjub aw-1p7kakr kEtdKx cEmitX yle__article__paragraph\">Tavoitteena on rakentaa kattavat olosuhteet matalalla lent\u00e4vien itsen\u00e4isten kopterien tehokkaaseen k\u00e4ytt\u00f6\u00f6n eri toimialoilla, esimerkiksi rajavalvonnassa, muissa viranomaistoimissa tai vaikka ruoan ja tavaroiden kuljetuksessa.<\/p>\n<p class=\"aw-1gybjub aw-1p7kakr kEtdKx cEmitX yle__article__paragraph\">P\u00e4\u00e4ministeri <strong class=\"aw-ak79eh KyCXm yle__article__strong\">Petteri Orpon<\/strong> mielest\u00e4 hanke on hieno osoitus yksityisen ja julkisen sektorin yhteisty\u00f6st\u00e4, josta hy\u00f6tyy koko Suomelle.<\/p>\n<p class=\"aw-1gybjub aw-1p7kakr kEtdKx cEmitX yle__article__paragraph\">\u2013 On viel\u00e4 erityisen hienoa, ett\u00e4 juuri Turku toimii investointihankkeen pilottialueena, jossa rakentaminen aloitetaan, Orpo sanoo yhti\u00f6n tiedotteessa.<\/p>\n<p class=\"aw-1gybjub aw-1p7kakr kEtdKx cEmitX yle__article__paragraph\">Hankkeessa ovat mukana my\u00f6s Turun kaupunki, Business Turku ja Turun ammattikorkeakoulu.<\/p>\n<p class=\"aw-1gybjub aw-1p7kakr kEtdKx cEmitX yle__article__paragraph\">Aikataulutavoitteena on, ett\u00e4 koko maan kattavat olosuhteet matalalla lent\u00e4vien kopterien toimintaan ovat valmiina vuoden 2026 loppuun menness\u00e4.<\/p>\n<p class=\"aw-1gybjub aw-1p7kakr kEtdKx cEmitX yle__article__paragraph\">Imatran kaupunki on <a class=\"aw-iao6s4 iHOxEa yle__article__link\" href=\"https:\/\/yle.fi\/a\/74-20138803\" role=\"link\" rel=\"nofollow noopener\" target=\"_blank\">hy\u00f6dynt\u00e4nyt kopterilennostoa<\/a> jo tammikuusta 2025 l\u00e4htien. Imatran turvallisuusp\u00e4\u00e4llik\u00f6n <strong class=\"aw-ak79eh KyCXm yle__article__strong\">Samuel Ven\u00e4l\u00e4isen<\/strong> mukaan kokemukset koptereista ovat hyvi\u00e4.<\/p>\n<p class=\"aw-1gybjub aw-1p7kakr kEtdKx cEmitX yle__article__paragraph\">\u2013 Imatran kaupunki on ollut eritt\u00e4in tyytyv\u00e4inen niin tarjotun teknologian laatuun kuin koko palvelukonseptiin. Vaikka palvelu hankittiin p\u00e4\u00e4asiassa turvallisuus n\u00e4k\u00f6kulmalla, laitteiston taipuminen my\u00f6s muihin kaupungin tarpeisiin on ollut iloinen yll\u00e4tys, Ven\u00e4l\u00e4inen sanoo tiedotteessa.<\/p>\n","protected":false},"excerpt":{"rendered":"Aikataulutavoitteena on, ett\u00e4 koko maan kattavat olosuhteet matalalla lent\u00e4vien kopterien toimintaan ovat valmiina vuoden 2026 loppuun menness\u00e4. Avaa&hellip;\n","protected":false},"author":2,"featured_media":109396,"comment_status":"","ping_status":"","sticky":false,"template":"","format":"standard","meta":{"footnotes":""},"categories":[130],"tags":[4362,759,137,33,31,30,3220,1406,4272,32,662,546,663,109],"class_list":{"0":"post-109395","1":"post","2":"type-post","3":"status-publish","4":"format-standard","5":"has-post-thumbnail","7":"category-viihde","8":"tag-baltia","9":"tag-droonit","10":"tag-entertainment","11":"tag-fi","12":"tag-finland","13":"tag-finnish","14":"tag-ilmakulkuneuvot","15":"tag-pohjois-eurooppa","16":"tag-rajavalvonta","17":"tag-suomi","18":"tag-turku","19":"tag-turvallisuus","20":"tag-varsinais-suomi","21":"tag-viihde"},"share_on_mastodon":{"url":"https:\/\/pubeurope.com\/@fi\/115673566264507474","error":""},"_links":{"self":[{"href":"https:\/\/www.europesays.com\/fi\/wp-json\/wp\/v2\/posts\/109395","targetHints":{"allow":["GET"]}}],"collection":[{"href":"https:\/\/www.europesays.com\/fi\/wp-json\/wp\/v2\/posts"}],"about":[{"href":"https:\/\/www.europesays.com\/fi\/wp-json\/wp\/v2\/types\/post"}],"author":[{"embeddable":true,"href":"https:\/\/www.europesays.com\/fi\/wp-json\/wp\/v2\/users\/2"}],"replies":[{"embeddable":true,"href":"https:\/\/www.europesays.com\/fi\/wp-json\/wp\/v2\/comments?post=109395"}],"version-history":[{"count":0,"href":"https:\/\/www.europesays.com\/fi\/wp-json\/wp\/v2\/posts\/109395\/revisions"}],"wp:featuredmedia":[{"embeddable":true,"href":"https:\/\/www.europesays.com\/fi\/wp-json\/wp\/v2\/media\/109396"}],"wp:attachment":[{"href":"https:\/\/www.europesays.com\/fi\/wp-json\/wp\/v2\/media?parent=109395"}],"wp:term":[{"taxonomy":"category","embeddable":true,"href":"https:\/\/www.europesays.com\/fi\/wp-json\/wp\/v2\/categories?post=109395"},{"taxonomy":"post_tag","embeddable":true,"href":"https:\/\/www.europesays.com\/fi\/wp-json\/wp\/v2\/tags?post=109395"}],"curies":[{"name":"wp","href":"https:\/\/api.w.org\/{rel}","templated":true}]}}