{"id":109407,"date":"2025-12-06T16:52:09","date_gmt":"2025-12-06T16:52:09","guid":{"rendered":"https:\/\/www.europesays.com\/fi\/109407\/"},"modified":"2025-12-06T16:52:09","modified_gmt":"2025-12-06T16:52:09","slug":"verstappen-paalulle-f1-kaudelle-superjannittava-huipennus","status":"publish","type":"post","link":"https:\/\/www.europesays.com\/fi\/109407\/","title":{"rendered":"Verstappen paalulle! F1-kaudelle superj\u00e4nnitt\u00e4v\u00e4 huipennus"},"content":{"rendered":"<p>Formula 1|Max Verstappen l\u00e4htee paalulta F1-kauden p\u00e4\u00e4t\u00f6skisaan.<\/p>\n<p>Lue tiivistelm\u00e4<\/p>\n<p>Tiivistelm\u00e4 on teko\u00e4lyn tekem\u00e4 ja ihmisen tarkistama.<\/p>\n<p class=\"article-body mb-nof-24 px-nof-16 sndp-summary-bullet-point-font\">Red Bullin Max Verstappen ajoi nopeimman ajan F1-kauden p\u00e4\u00e4t\u00f6skilpailun aika-ajossa Abu Dhabissa ja l\u00e4htee paalulta.<\/p>\n<p class=\"article-body mb-nof-24 px-nof-16 sndp-summary-bullet-point-font\">McLarenin Lando Norris l\u00e4htee toiselta ruudulta ja johtaa kuljettajien MM-sarjaa 12 pisteell\u00e4 ennen Verstappenia.<\/p>\n<p class=\"article-body mb-nof-24 px-nof-16 sndp-summary-bullet-point-font\">Norrisille riitt\u00e4\u00e4 kolmas sija osakilpailusta maailmanmestaruuden voittamiseen, vaikka Verstappen voittaisi kilpailun.<\/p>\n<p class=\"article-body mb-nof-24 px-nof-16\">Red Bullin <a class=\"article-personlink\" href=\"https:\/\/www.hs.fi\/haku\/?query=Max%20Verstappen\" rel=\"nofollow noopener\" target=\"_blank\">Max Verstappen<\/a> nappasi etuaseman itselleen F1-kauden p\u00e4\u00e4t\u00f6skilpailuun Abu Dhabissa.<\/p>\n<p class=\"article-body mb-nof-24 px-nof-16\">Verstappen ajoi kaksi nopeinta kierrosaikaa aika-ajossa. H\u00e4nen rinnaltaan l\u00e4htee McLarenin <a class=\"article-personlink\" href=\"https:\/\/www.hs.fi\/haku\/?query=Lando%20Norris\" rel=\"nofollow noopener\" target=\"_blank\">Lando Norris<\/a>, joka puristi viimeisell\u00e4 vedollaan ohi kolmosruutuun ajaneen <a class=\"article-personlink\" href=\"https:\/\/www.hs.fi\/haku\/?query=Oscar%20Piastrin\" rel=\"nofollow noopener\" target=\"_blank\">Oscar Piastrin<\/a>.<\/p>\n<p class=\"article-body mb-nof-24 px-nof-16\">Verstappen, Norris ja Piastri taistelevat maailmanmestaruudesta.<\/p>\n<p class=\"article-body mb-nof-24 px-nof-16\">Verstappen otti aika-ajon p\u00e4\u00e4t\u00f6sosiossa ison edun ensimm\u00e4isell\u00e4 ajokerralla. Verstappen ajoi l\u00e4hes 0,4 sekuntia nopeamman kierrosajan kuin Piastri ja puoli sekuntia nopeamman kuin Norris.<\/p>\n<p class=\"article-body mb-nof-24 px-nof-16\">Hollantilainen sai suuren avustuksen tallikaveriltaan <a class=\"article-personlink\" href=\"https:\/\/www.hs.fi\/haku\/?query=Yuki%20Tsunodalta\" rel=\"nofollow noopener\" target=\"_blank\">Yuki Tsunodalta<\/a>, joka antoi vetoapua l\u00e4ht\u00f6suoralla. McLarenit eiv\u00e4t moiseen luonnollisesti l\u00e4hde, sill\u00e4 kumpikin kuljettajista taistelee mestaruudesta.<\/p>\n<p class=\"article-body mb-nof-24 px-nof-16\">Norris johtaa kuljettajien MM-sarjaa 12 pisteell\u00e4 ennen Verstappenia. Piastri on 16 pistett\u00e4 Norrisista.<\/p>\n<p class=\"article-body mb-nof-24 px-nof-16\">Norrisille riitt\u00e4\u00e4 kolmas sija osakilpailusta maailmanmestaruuden voittamiseen, vaikka Verstappen voittaisi osakilpailun.<\/p>\n<p class=\"article-body mb-nof-24 px-nof-16\">Mercedeksen<a class=\"article-personlink\" href=\"https:\/\/www.hs.fi\/haku\/?query=%20George%20Russell\" rel=\"nofollow noopener\" target=\"_blank\"> George Russell <\/a>l\u00e4htee Piastrin rinnalta nelosruudusta. Ferrarin <a class=\"article-personlink\" href=\"https:\/\/www.hs.fi\/haku\/?query=Charles%20Leclerc\" rel=\"nofollow noopener\" target=\"_blank\">Charles Leclerc<\/a> oli viidenneksi nopein.<\/p>\n<p class=\"article-body mb-nof-24 px-nof-16\">Ferrarin <a class=\"article-personlink\" href=\"https:\/\/www.hs.fi\/haku\/?query=Lewis%20Hamiltonin\" rel=\"nofollow noopener\" target=\"_blank\">Lewis Hamiltonin<\/a> aika-ajo oli j\u00e4lleen katastrofi. H\u00e4n teki virheen viimeisell\u00e4 nopealla kierroksellaan ensimm\u00e4isess\u00e4 osiossa ja oli 16:s. Samalla h\u00e4n putosi aika-ajon ensimm\u00e4isess\u00e4 osiossa kolmannessa kilpailussa per\u00e4j\u00e4lkeen.<\/p>\n","protected":false},"excerpt":{"rendered":"Formula 1|Max Verstappen l\u00e4htee paalulta F1-kauden p\u00e4\u00e4t\u00f6skisaan. Lue tiivistelm\u00e4 Tiivistelm\u00e4 on teko\u00e4lyn tekem\u00e4 ja ihmisen tarkistama. Red Bullin&hellip;\n","protected":false},"author":2,"featured_media":109408,"comment_status":"","ping_status":"","sticky":false,"template":"","format":"standard","meta":{"footnotes":""},"categories":[158],"tags":[33,31,30,46,159,32,160],"class_list":{"0":"post-109407","1":"post","2":"type-post","3":"status-publish","4":"format-standard","5":"has-post-thumbnail","7":"category-urheilu","8":"tag-fi","9":"tag-finland","10":"tag-finnish","11":"tag-helsingin-sanomat","12":"tag-sports","13":"tag-suomi","14":"tag-urheilu"},"share_on_mastodon":{"url":"https:\/\/pubeurope.com\/@fi\/115673664486780156","error":""},"_links":{"self":[{"href":"https:\/\/www.europesays.com\/fi\/wp-json\/wp\/v2\/posts\/109407","targetHints":{"allow":["GET"]}}],"collection":[{"href":"https:\/\/www.europesays.com\/fi\/wp-json\/wp\/v2\/posts"}],"about":[{"href":"https:\/\/www.europesays.com\/fi\/wp-json\/wp\/v2\/types\/post"}],"author":[{"embeddable":true,"href":"https:\/\/www.europesays.com\/fi\/wp-json\/wp\/v2\/users\/2"}],"replies":[{"embeddable":true,"href":"https:\/\/www.europesays.com\/fi\/wp-json\/wp\/v2\/comments?post=109407"}],"version-history":[{"count":0,"href":"https:\/\/www.europesays.com\/fi\/wp-json\/wp\/v2\/posts\/109407\/revisions"}],"wp:featuredmedia":[{"embeddable":true,"href":"https:\/\/www.europesays.com\/fi\/wp-json\/wp\/v2\/media\/109408"}],"wp:attachment":[{"href":"https:\/\/www.europesays.com\/fi\/wp-json\/wp\/v2\/media?parent=109407"}],"wp:term":[{"taxonomy":"category","embeddable":true,"href":"https:\/\/www.europesays.com\/fi\/wp-json\/wp\/v2\/categories?post=109407"},{"taxonomy":"post_tag","embeddable":true,"href":"https:\/\/www.europesays.com\/fi\/wp-json\/wp\/v2\/tags?post=109407"}],"curies":[{"name":"wp","href":"https:\/\/api.w.org\/{rel}","templated":true}]}}