{"id":109413,"date":"2025-12-06T16:57:13","date_gmt":"2025-12-06T16:57:13","guid":{"rendered":"https:\/\/www.europesays.com\/fi\/109413\/"},"modified":"2025-12-06T16:57:13","modified_gmt":"2025-12-06T16:57:13","slug":"pienen-maan-pitaa-muistaa-isojen-tekemat-vaaryydet-muttei-piehtaroida-niissa","status":"publish","type":"post","link":"https:\/\/www.europesays.com\/fi\/109413\/","title":{"rendered":"Pienen maan pit\u00e4\u00e4 muistaa isojen tekem\u00e4t v\u00e4\u00e4ryydet \u2013 muttei piehtaroida niiss\u00e4"},"content":{"rendered":"<p>Presidentti <strong>Juho Kusti Paasikivi<\/strong> jupisi aikoinaan moneen kertaan, miten kelvotonta on, kun kansa on pieni. Suurvallat k\u00e4velev\u00e4t yli kuin norsut, eiv\u00e4tk\u00e4 aina edes huomaa polulleen osunutta p\u00e4\u00e4st\u00e4ist\u00e4. Kaiken lis\u00e4ksi ne viel\u00e4 yritt\u00e4v\u00e4t sumentaa ja tuhota muistomme, joskus siin\u00e4 onnistuenkin.<\/p>\n<p>T\u00e4ll\u00e4kin viikolla edestakaisin sahanneet neuvottelut Ukrainan tulevaisuudesta, pakkorauhoineen ja tinkimiskierroksineen tuovat suomalaisille kipeit\u00e4 muistoja 80 vuoden takaa. El\u00e4mme yh\u00e4 maailmassa, jossa moni koulukiusaajavaltio kavereineen katsoo oikeudekseen vied\u00e4 pienemmilt\u00e4\u00e4n jotain.<\/p>\n<p>Usein kyse on maakaistaleesta tai luonnonvarasta, jota isompi ei oikeasti edes v\u00e4ltt\u00e4m\u00e4tt\u00e4 tarvitsisi.<\/p>\n<p>Kunhan vaan sattuu haluamaan, ja se riitt\u00e4\u00e4 syyksi pienemm\u00e4n potkimiseen.<\/p>\n<p><strong>PIENELL\u00c4 KANSALLA<\/strong> on tapana muistaa pitk\u00e4\u00e4n itselleen ja kumppaneilleen tehdyt v\u00e4\u00e4ryydet, monien sukupolvien yli.<\/p>\n<p>Suurvallat pyyhkiv\u00e4t \u00e4kki\u00e4 historiankirjoituksestaan pois etupiiridiilit tai rajojen siirtelyt, eik\u00e4 herrakansojen taviksiakaan asia j\u00e4lkeenp\u00e4in liikuta.<\/p>\n<p>T\u00e4st\u00e4 saatiin pieni kylm\u00e4\u00e4v\u00e4 osoitus pari viikkoa sitten. Ven\u00e4j\u00e4n ulkoministeri\u00f6n tiedottaja <a href=\"https:\/\/www.hs.fi\/maailma\/art-2000011645529.html\" target=\"_blank\" rel=\"noopener nofollow\">kertoi<\/a>, ett\u00e4 vuosien 1939-1940 \u201dneuvostoliittolais-suomalainen konflikti\u201d ei v\u00e4h\u00e4p\u00e4t\u00f6isyytens\u00e4 takia edes kuulu toisen maailmansodan tapahtumiin.<\/p>\n<p>Meille talvisota on silti yh\u00e4 jotain muuta kuin sotilaallinen erityisoperaatio.<\/p>\n<p>Nyt perjantaina Yhdysvallat puolestaan <a href=\"https:\/\/www.verkkouutiset.fi\/a\/professori-hammastyi-donald-trumpin-strategiasta-hullua\/#327561c5\" target=\"_blank\" rel=\"noopener nofollow\">julkaisi<\/a> uuden kansallisen turvallisuuden strategiansa, jossa maa suoraan kehuu aikovansa tukea laitaoikeiston populistivoimia, jotka hajottavat nykyist\u00e4 Euroopan unionia ja vastustavat sen arvoja.<\/p>\n<p>Sivistynyt demokratiamme on heille \u2013 ja nyt my\u00f6s suurimmalle sotilaalliselle liittolaisellemme Yhdysvalloille \u2013 jotain, mist\u00e4 pit\u00e4\u00e4 p\u00e4\u00e4st\u00e4 eroon.<\/p>\n<p><strong>SUURVALLAT TOISTELEVAT<\/strong> tarkoituksella omia narratiivejaan, joilla ne kuorruttavat raadolliset tekonsa ja ahneet tarpeensa.<\/p>\n<p>Kun valetta toistaa riitt\u00e4v\u00e4n pitk\u00e4\u00e4n, ja alkuper\u00e4iset kokemusasiantuntijat v\u00e4henev\u00e4t, sitkeimm\u00e4n sumuttajan tarina j\u00e4\u00e4 teko\u00e4lyohjelmien sy\u00f6vereihin ja v\u00e4hitellen nousee totuudeksi tapahtuneista.<\/p>\n<p>T\u00e4t\u00e4 tekee niin Ven\u00e4j\u00e4n kuin Yhdysvaltojenkin nykyhallinto: ne valehtelevat virallisilla lausunnoillaan algoritmit puolelleen.<\/p>\n<p>Aikalaiset tiet\u00e4v\u00e4t puheet palturiksi, mutta j\u00e4lkipolvien jonnet eiv\u00e4t sit\u00e4 en\u00e4\u00e4 vuosien kuluttua muista, varsinkin jos kysyv\u00e4t asiasta vain AI-palveluiltaan.<\/p>\n<p><strong>VARMASTI UKRAINAN SODAN<\/strong> p\u00e4\u00e4ttymisen j\u00e4lkeen Suomestakin alkaa l\u00f6yty\u00e4 ihmisi\u00e4, jotka kertovat totena miten Kiova kerj\u00e4si fasismillaan Ven\u00e4j\u00e4\u00e4 hy\u00f6kk\u00e4\u00e4m\u00e4\u00e4n.<\/p>\n<p>Kohta ehk\u00e4 kuulemme, miten tavallisia ven\u00e4l\u00e4isi\u00e4 ei pid\u00e4 loputtomiin syyllist\u00e4\u00e4 tavallisten ven\u00e4l\u00e4issotilaiden tekemist\u00e4 sotarikoksista, siviilien joukkomurhista tai ukrainalaislasten kaappauksista. Ainakin jos id\u00e4nkauppa saadaan taas py\u00f6rim\u00e4\u00e4n.<\/p>\n<p>Osa suomalaistutkijoista n\u00e4ytt\u00e4\u00e4 aloittaneen t\u00e4m\u00e4ntapaiset pohdinnat jo nyt.<\/p>\n<p>Uusimmassa Ukrainan kriisi\u00e4 k\u00e4sittelev\u00e4ss\u00e4 tietokirjassa <a href=\"https:\/\/intokustannus.fi\/2025\/12\/02\/timo-hellenberg-ja-pekka-visuri-ukrainan-sota-on-vuosikymmenten-virhearvioiden-ja-vastakkaisten-intressien-karjistymisen-tulos\/\" target=\"_blank\" rel=\"noopener nofollow\">muistutetaan<\/a>, ett\u00e4 koko sotku sai alkunsa vain \u201dvastakkaisten turvallisuusn\u00e4kemysten\u201d t\u00f6rm\u00e4\u00e4misest\u00e4 ja EU:n karkeista virheist\u00e4. Ei siis siit\u00e4, ett\u00e4 Kremlin imperialistinen yksinvaltias halusi laajentaa etupiiri\u00e4\u00e4n asein ja alistaa naapurimaansa.<\/p>\n<blockquote>\n<p>Kuulemme, miten tavallisia ven\u00e4l\u00e4isi\u00e4 ei pid\u00e4 loputtomiin syyllist\u00e4\u00e4 tavallisten ven\u00e4l\u00e4issotilaiden tekemist\u00e4 sotarikoksista.<\/p>\n<\/blockquote>\n<p>N\u00e4hd\u00e4\u00e4nk\u00f6 seuraavaksi 25 vuoden kuluttua suomalaisilla tiedostavilla opiskelijanuorilla Z-tunnuksisia tai MAGA-paitoja, ja kuullaanko heid\u00e4n laululiikkeelt\u00e4\u00e4n tarttuvia biisej\u00e4 Ukrainan natsien hirmuteoista \u2013 ihan vain meid\u00e4n sukupolvemme \u00e4rsytt\u00e4miseksi?<\/p>\n<p>Vaikea uskoa nyt, mutta kummempaakin kollektiivista sokeutta on Suomen l\u00e4hihistoriassa ilmennyt.<\/p>\n<p>Aikanaan t\u00e4ss\u00e4 kaikessa punnitaan pienen kansan suuruus: kuinka pitk\u00e4\u00e4n jaksamme muistaa, mik\u00e4 oli oikein ja mik\u00e4 v\u00e4\u00e4rin?<\/p>\n<p>V\u00e4\u00e4ryyksist\u00e4 ei pid\u00e4 loputtomiin uhriutua, eik\u00e4 kansallista identiteetti\u00e4 tarvitse rakentaa menneiden k\u00e4rsimysten varaan, mutta niiden hintaa meille ja muille ei pid\u00e4 unohtaa.<\/p>\n<p>Ent\u00e4 pit\u00e4\u00e4k\u00f6 Suomen toimia aina kunniallisesti silloinkin, kun isot valtiot eiv\u00e4t kunniasta piittaa?<\/p>\n<p>Kyll\u00e4, sill\u00e4 vain oikeuden puolella olemalla pieni kansa voi s\u00e4ilytt\u00e4\u00e4 arvonsa ja sielunsa.<\/p>\n","protected":false},"excerpt":{"rendered":"Presidentti Juho Kusti Paasikivi jupisi aikoinaan moneen kertaan, miten kelvotonta on, kun kansa on pieni. Suurvallat k\u00e4velev\u00e4t yli&hellip;\n","protected":false},"author":2,"featured_media":109414,"comment_status":"","ping_status":"","sticky":false,"template":"","format":"standard","meta":{"footnotes":""},"categories":[14],"tags":[22,23,26,27,33,31,30,17,24,25,28,29,15,18,21,32,19,20,56,16,59,60,61],"class_list":{"0":"post-109413","1":"post","2":"type-post","3":"status-publish","4":"format-standard","5":"has-post-thumbnail","7":"category-ulkomaat","8":"tag-breaking-news","9":"tag-breakingnews","10":"tag-featured-news","11":"tag-featurednews","12":"tag-fi","13":"tag-finland","14":"tag-finnish","15":"tag-headlines","16":"tag-latest-news","17":"tag-latestnews","18":"tag-main-news","19":"tag-mainnews","20":"tag-news","21":"tag-otsikot","22":"tag-paauutiset","23":"tag-suomi","24":"tag-top-stories","25":"tag-topstories","26":"tag-ulkomaat","27":"tag-uutiset","28":"tag-world","29":"tag-world-news","30":"tag-worldnews"},"share_on_mastodon":{"url":"https:\/\/pubeurope.com\/@fi\/115673683995709143","error":""},"_links":{"self":[{"href":"https:\/\/www.europesays.com\/fi\/wp-json\/wp\/v2\/posts\/109413","targetHints":{"allow":["GET"]}}],"collection":[{"href":"https:\/\/www.europesays.com\/fi\/wp-json\/wp\/v2\/posts"}],"about":[{"href":"https:\/\/www.europesays.com\/fi\/wp-json\/wp\/v2\/types\/post"}],"author":[{"embeddable":true,"href":"https:\/\/www.europesays.com\/fi\/wp-json\/wp\/v2\/users\/2"}],"replies":[{"embeddable":true,"href":"https:\/\/www.europesays.com\/fi\/wp-json\/wp\/v2\/comments?post=109413"}],"version-history":[{"count":0,"href":"https:\/\/www.europesays.com\/fi\/wp-json\/wp\/v2\/posts\/109413\/revisions"}],"wp:featuredmedia":[{"embeddable":true,"href":"https:\/\/www.europesays.com\/fi\/wp-json\/wp\/v2\/media\/109414"}],"wp:attachment":[{"href":"https:\/\/www.europesays.com\/fi\/wp-json\/wp\/v2\/media?parent=109413"}],"wp:term":[{"taxonomy":"category","embeddable":true,"href":"https:\/\/www.europesays.com\/fi\/wp-json\/wp\/v2\/categories?post=109413"},{"taxonomy":"post_tag","embeddable":true,"href":"https:\/\/www.europesays.com\/fi\/wp-json\/wp\/v2\/tags?post=109413"}],"curies":[{"name":"wp","href":"https:\/\/api.w.org\/{rel}","templated":true}]}}