{"id":109415,"date":"2025-12-06T16:58:08","date_gmt":"2025-12-06T16:58:08","guid":{"rendered":"https:\/\/www.europesays.com\/fi\/109415\/"},"modified":"2025-12-06T16:58:08","modified_gmt":"2025-12-06T16:58:08","slug":"poliisi-kulkue-viivytti-kiireessa-ollutta-ambulanssia-helsingissa-uutissuomalainen","status":"publish","type":"post","link":"https:\/\/www.europesays.com\/fi\/109415\/","title":{"rendered":"Poliisi: Kulkue viivytti kiireess\u00e4 ollutta ambulanssia Helsingiss\u00e4 | Uutissuomalainen"},"content":{"rendered":"<p>Poliisille ennalta ilmoittamaton Helsinki ilman natseja -mielenosoitus l\u00e4hti liikkeelle Helsingiss\u00e4 iltakuudelta, poliisi tiedottaa.<\/p>\n<p>Mielenosoitus l\u00e4hti liikkeelle M\u00e4ntym\u00e4en kent\u00e4lt\u00e4.<\/p>\n<p>Poliisi kertoi muuttama minuutti kulkueen k\u00e4ynnistymisen j\u00e4lkeen, ett\u00e4 mielenosoitus viivytti kiireellisell\u00e4 teht\u00e4v\u00e4ll\u00e4 ollutta ambulanssia Runeberginkadulla.<\/p>\n<p>Poliisi kertoo est\u00e4neens\u00e4 T\u00f6\u00f6l\u00f6ntorin alueen ja pyrkiv\u00e4ns\u00e4 est\u00e4m\u00e4\u00e4n vastakkaisten mielenosoitusten kohtaamisen. T\u00f6\u00f6l\u00f6ntorille alkoi iltakuuden maissa ker\u00e4\u00e4ntym\u00e4\u00e4n 612-soihtukulkue, jonka on tarkoitus l\u00e4hte\u00e4 liikkeelle kello 18.30 alkaen.<\/p>\n<p>STT:n paikalla olevan toimittajan mukaan poliisi on pys\u00e4ytt\u00e4nyt Helsinki ilman natseja -mielenosoituksen useiden satojen metrien p\u00e4\u00e4h\u00e4n T\u00f6\u00f6l\u00f6ntorilta liikkeelle l\u00e4htev\u00e4st\u00e4 612-soihtukulkueesta.<\/p>\n<p>Vastamielenosoittajilla on muun muassa Antifa-lippuja ja Helsinki ilman natseja -lippuja. Paikalla on my\u00f6s poliiseja ja poliisihevosia. Poliisi est\u00e4\u00e4 mielenosoittajia etenem\u00e4st\u00e4 T\u00f6\u00f6l\u00f6ntorille.<\/p>\n","protected":false},"excerpt":{"rendered":"Poliisille ennalta ilmoittamaton Helsinki ilman natseja -mielenosoitus l\u00e4hti liikkeelle Helsingiss\u00e4 iltakuudelta, poliisi tiedottaa. Mielenosoitus l\u00e4hti liikkeelle M\u00e4ntym\u00e4en kent\u00e4lt\u00e4.&hellip;\n","protected":false},"author":2,"featured_media":109416,"comment_status":"","ping_status":"","sticky":false,"template":"","format":"standard","meta":{"footnotes":""},"categories":[12],"tags":[22,23,26,27,33,31,30,17,104,55,24,25,28,29,15,18,21,122,54,52,2461,32,6695,19,20,16],"class_list":{"0":"post-109415","1":"post","2":"type-post","3":"status-publish","4":"format-standard","5":"has-post-thumbnail","7":"category-suomi","8":"tag-breaking-news","9":"tag-breakingnews","10":"tag-featured-news","11":"tag-featurednews","12":"tag-fi","13":"tag-finland","14":"tag-finnish","15":"tag-headlines","16":"tag-helsinki","17":"tag-lainvalvonta","18":"tag-latest-news","19":"tag-latestnews","20":"tag-main-news","21":"tag-mainnews","22":"tag-news","23":"tag-otsikot","24":"tag-paauutiset","25":"tag-pelastaminen","26":"tag-pelastuspalvelut","27":"tag-poliisi","28":"tag-sairaalat-ja-terveyskeskukset","29":"tag-suomi","30":"tag-toolo","31":"tag-top-stories","32":"tag-topstories","33":"tag-uutiset"},"share_on_mastodon":{"url":"https:\/\/pubeurope.com\/@fi\/115673688002134391","error":""},"_links":{"self":[{"href":"https:\/\/www.europesays.com\/fi\/wp-json\/wp\/v2\/posts\/109415","targetHints":{"allow":["GET"]}}],"collection":[{"href":"https:\/\/www.europesays.com\/fi\/wp-json\/wp\/v2\/posts"}],"about":[{"href":"https:\/\/www.europesays.com\/fi\/wp-json\/wp\/v2\/types\/post"}],"author":[{"embeddable":true,"href":"https:\/\/www.europesays.com\/fi\/wp-json\/wp\/v2\/users\/2"}],"replies":[{"embeddable":true,"href":"https:\/\/www.europesays.com\/fi\/wp-json\/wp\/v2\/comments?post=109415"}],"version-history":[{"count":0,"href":"https:\/\/www.europesays.com\/fi\/wp-json\/wp\/v2\/posts\/109415\/revisions"}],"wp:featuredmedia":[{"embeddable":true,"href":"https:\/\/www.europesays.com\/fi\/wp-json\/wp\/v2\/media\/109416"}],"wp:attachment":[{"href":"https:\/\/www.europesays.com\/fi\/wp-json\/wp\/v2\/media?parent=109415"}],"wp:term":[{"taxonomy":"category","embeddable":true,"href":"https:\/\/www.europesays.com\/fi\/wp-json\/wp\/v2\/categories?post=109415"},{"taxonomy":"post_tag","embeddable":true,"href":"https:\/\/www.europesays.com\/fi\/wp-json\/wp\/v2\/tags?post=109415"}],"curies":[{"name":"wp","href":"https:\/\/api.w.org\/{rel}","templated":true}]}}