{"id":109417,"date":"2025-12-06T16:59:10","date_gmt":"2025-12-06T16:59:10","guid":{"rendered":"https:\/\/www.europesays.com\/fi\/109417\/"},"modified":"2025-12-06T16:59:10","modified_gmt":"2025-12-06T16:59:10","slug":"max-verstappen-viritti-sunnuntaille-f1-trillerin-ainekset-nailta-kuljettajilta-han-tarvitsee-apuja-urheilua-lyhyesti","status":"publish","type":"post","link":"https:\/\/www.europesays.com\/fi\/109417\/","title":{"rendered":"Max Verstappen viritti sunnuntaille F1-trillerin ainekset \u2013 n\u00e4ilt\u00e4 kuljettajilta h\u00e4n tarvitsee apuja | Urheilua lyhyesti"},"content":{"rendered":"<p class=\"aw-1gybjub aw-5vja16 kEtdKx kmuxyA yle__article__paragraph\">Red Bullin Max Verstappen nappasi paalun Abu Dhabissa ajettavaan p\u00e4\u00e4t\u00f6s\u00adkisaan ja tiivisti mestaruus\u00adkamppailua entisest\u00e4\u00e4n.<\/p>\n<p><img decoding=\"async\" alt=\"Max Verstappen aika-ajoissa.\" src=\"https:\/\/www.europesays.com\/fi\/wp-content\/uploads\/2025\/12\/39-1565451693444b50a0b4.jpeg\" class=\"aw-1l9m598 hKVVvP\"\/><\/p>\n<p>Avaa kuvien katselu<\/p>\n<p>Max Verstappen nappasi paalupaikan. Kuva: Getty Images<\/p>\n<p class=\"aw-1gybjub aw-am3gsa kEtdKx ZKIzy yle__accessibilityText\">Osa artikkelin sis\u00e4ll\u00f6st\u00e4 ei ole v\u00e4ltt\u00e4m\u00e4tt\u00e4 saavutettavissa esimerkiksi ruudunlukuohjelmalla.<\/p>\n<p class=\"aw-1gybjub aw-1p7kakr kEtdKx cEmitX yle__article__paragraph\">Formula ykk\u00f6sten MM-taisto kauden viimeiseen osakilpailuun sai mielenkiintoiset asetelmat. Haastajan asemassa oleva Red Bullin <strong class=\"aw-ak79eh KyCXm yle__article__strong\">Max Verstappen<\/strong> t\u00e4r\u00e4ytti ylivoimaisesti paalupaikalle.<\/p>\n<p class=\"aw-1gybjub aw-1p7kakr kEtdKx cEmitX yle__article__paragraph\">MM-sarjaa johtava McLarenin <strong class=\"aw-ak79eh KyCXm yle__article__strong\">Lando Norris<\/strong> oli toinen ja niin ik\u00e4\u00e4n mestaruustaistossa mukana oleva McLarenin <strong class=\"aw-ak79eh KyCXm yle__article__strong\">Oscar Piastri<\/strong> kolmas.<\/p>\n<p class=\"aw-1gybjub aw-1p7kakr kEtdKx cEmitX yle__article__paragraph\">Verstappen tarrautui paaluun kiinni kolmannessa osiossa jo ensimm\u00e4isell\u00e4 vedollaan. Norris h\u00e4visi h\u00e4nelle t\u00e4ss\u00e4 vaiheessa puoli sekuntia ja oli kolmantena. Toisella vedollaan h\u00e4n onnistui kuitenkin nousemaan tallikaverinsa ohi toiseksi.<\/p>\n<p class=\"aw-1gybjub aw-1p7kakr kEtdKx cEmitX yle__article__paragraph\">MM-sarjan piikkipaikkaa pit\u00e4v\u00e4lle Norrisille riitt\u00e4\u00e4 kisassa kolmossija mestaruuden varmistamiseen. Mik\u00e4li Verstappen voittaa ja Norris on nelj\u00e4s, Red Bull -kuljettajasta tulee viisinkertainen MM-voittaja.<\/p>\n<p class=\"aw-1gybjub aw-1p7kakr kEtdKx cEmitX yle__article__paragraph\">Ennen viimeist\u00e4 kisaviikonloppua Norrisin johto oli 12 pistett\u00e4 Verstappeniin ja 16 Piastriin.<\/p>\n<p class=\"aw-1gybjub aw-1p7kakr kEtdKx cEmitX yle__article__paragraph\">Verstappen tarvinnee siis apuja muilta kuskeilta. Katseet k\u00e4\u00e4ntyv\u00e4t nelj\u00e4nneksi sijoittuneeseen Mercedeksen <strong class=\"aw-ak79eh KyCXm yle__article__strong\">George Russelliin<\/strong> ja Ferrarin <strong class=\"aw-ak79eh KyCXm yle__article__strong\">Charles Leclerciin<\/strong>.<\/p>\n<p>Hamiltonin ahdinko kasvaa<\/p>\n<p class=\"aw-1gybjub aw-1p7kakr kEtdKx cEmitX yle__article__paragraph\">Lajilegenda <strong class=\"aw-ak79eh KyCXm yle__article__strong\">Lewis Hamiltonin<\/strong> murheellinen debyyttikausi Ferrarin ratissa ei tuottanut kauden viimeisiss\u00e4k\u00e4\u00e4n aika-ajoissa balsamia haavoille.<\/p>\n<p class=\"aw-1gybjub aw-1p7kakr kEtdKx cEmitX yle__article__paragraph\">Seitsenkertainen mestari oli 16:s ja j\u00e4i kolmatta kertaa per\u00e4kk\u00e4in aika-ajojen ensimm\u00e4iseen osioon. 40-vuotias Ferrari-kuski on j\u00e4\u00e4nyt aika-ajoissa t\u00e4ll\u00e4 kaudella nelj\u00e4 kertaa sijoille 16\u201320 ja viisi kertaa toiseen osioon: sijat 11\u201315.<\/p>\n<p class=\"aw-1gybjub aw-1p7kakr kEtdKx cEmitX yle__article__paragraph\">Kilpailukykyisell\u00e4 Ferrarilla h\u00e4n on p\u00e4\u00e4ssyt kymmenen kuljettajan t\u00e4hditt\u00e4m\u00e4\u00e4n kolmanteen osioon vain 15 kertaa, kun vertailun vuoksi tallikaveri Charles Leclerc on j\u00e4\u00e4nyt vain kerran kymmenen parhaan ulkopuolelle. Korkein l\u00e4ht\u00f6ruutu on Meksikon 3. paikka.<\/p>\n<p class=\"aw-1gybjub aw-1p7kakr kEtdKx cEmitX yle__article__paragraph\">Aiemmin p\u00e4iv\u00e4ll\u00e4 h\u00e4n rys\u00e4ytti kolmansissa vapaissa harjoituksissa sein\u00e4\u00e4n. 19 vuotta F1:ss\u00e4 ajanut Hamilton on j\u00e4\u00e4m\u00e4ss\u00e4 ensimm\u00e4ist\u00e4 kertaa urallaan ilman yht\u00e4\u00e4n palkintokorokesijaa varsinaisessa kisassa.<\/p>\n<p><img decoding=\"async\" alt=\"Lewis Hamiltonin Ferrari-auto sai pahasti osumaa.\" src=\"https:\/\/www.europesays.com\/fi\/wp-content\/uploads\/2025\/12\/39-156543769343f3299dce.jpeg\" loading=\"lazy\" class=\"aw-1l9m598 hKVVvP\"\/><\/p>\n<p>Avaa kuvien katselu<\/p>\n<p>Lewis Hamiltonin Ferrari-auto sai siipeens\u00e4 kauden viimeisiss\u00e4 vapaissa harjoituksissa. Kuva: NurPhoto via Getty Images<\/p>\n","protected":false},"excerpt":{"rendered":"Red Bullin Max Verstappen nappasi paalun Abu Dhabissa ajettavaan p\u00e4\u00e4t\u00f6s\u00adkisaan ja tiivisti mestaruus\u00adkamppailua entisest\u00e4\u00e4n. Avaa kuvien katselu Max&hellip;\n","protected":false},"author":2,"featured_media":109418,"comment_status":"","ping_status":"","sticky":false,"template":"","format":"standard","meta":{"footnotes":""},"categories":[5],"tags":[22,23,26,27,33,31,30,3437,17,7317,24,25,18874,28,29,7571,15,7279,18,21,32,19,20,160,16],"class_list":{"0":"post-109417","1":"post","2":"type-post","3":"status-publish","4":"format-standard","5":"has-post-thumbnail","7":"category-otsikot","8":"tag-breaking-news","9":"tag-breakingnews","10":"tag-featured-news","11":"tag-featurednews","12":"tag-fi","13":"tag-finland","14":"tag-finnish","15":"tag-formula-1","16":"tag-headlines","17":"tag-lando-norris","18":"tag-latest-news","19":"tag-latestnews","20":"tag-lewis-hamilton","21":"tag-main-news","22":"tag-mainnews","23":"tag-max-verstappen","24":"tag-news","25":"tag-oscar-piastri","26":"tag-otsikot","27":"tag-paauutiset","28":"tag-suomi","29":"tag-top-stories","30":"tag-topstories","31":"tag-urheilu","32":"tag-uutiset"},"share_on_mastodon":{"url":"https:\/\/pubeurope.com\/@fi\/115673692216258817","error":""},"_links":{"self":[{"href":"https:\/\/www.europesays.com\/fi\/wp-json\/wp\/v2\/posts\/109417","targetHints":{"allow":["GET"]}}],"collection":[{"href":"https:\/\/www.europesays.com\/fi\/wp-json\/wp\/v2\/posts"}],"about":[{"href":"https:\/\/www.europesays.com\/fi\/wp-json\/wp\/v2\/types\/post"}],"author":[{"embeddable":true,"href":"https:\/\/www.europesays.com\/fi\/wp-json\/wp\/v2\/users\/2"}],"replies":[{"embeddable":true,"href":"https:\/\/www.europesays.com\/fi\/wp-json\/wp\/v2\/comments?post=109417"}],"version-history":[{"count":0,"href":"https:\/\/www.europesays.com\/fi\/wp-json\/wp\/v2\/posts\/109417\/revisions"}],"wp:featuredmedia":[{"embeddable":true,"href":"https:\/\/www.europesays.com\/fi\/wp-json\/wp\/v2\/media\/109418"}],"wp:attachment":[{"href":"https:\/\/www.europesays.com\/fi\/wp-json\/wp\/v2\/media?parent=109417"}],"wp:term":[{"taxonomy":"category","embeddable":true,"href":"https:\/\/www.europesays.com\/fi\/wp-json\/wp\/v2\/categories?post=109417"},{"taxonomy":"post_tag","embeddable":true,"href":"https:\/\/www.europesays.com\/fi\/wp-json\/wp\/v2\/tags?post=109417"}],"curies":[{"name":"wp","href":"https:\/\/api.w.org\/{rel}","templated":true}]}}