{"id":109421,"date":"2025-12-06T17:11:08","date_gmt":"2025-12-06T17:11:08","guid":{"rendered":"https:\/\/www.europesays.com\/fi\/109421\/"},"modified":"2025-12-06T17:11:08","modified_gmt":"2025-12-06T17:11:08","slug":"linnan-juhlien-kuvakulma-hammentaa-ilta-sanomat","status":"publish","type":"post","link":"https:\/\/www.europesays.com\/fi\/109421\/","title":{"rendered":"Linnan juhlien kuvakulma h\u00e4mment\u00e4\u00e4 &#8211; Ilta-Sanomat"},"content":{"rendered":"<p>Itsen\u00e4isyysp\u00e4iv\u00e4n juhlallisuuden ovat k\u00e4ynniss\u00e4 Presidentinlinnassa.<\/p>\n<p class=\"article-body mb-nof-24 px-nof-16\">Ylen l\u00e4hetys Linnan juhlista her\u00e4tt\u00e4\u00e4 keskustelua sosiaalisessa mediassa.<\/p>\n<p class=\"article-body mb-nof-24 px-nof-16\">Yle Areenassa juhlavastaanoton l\u00e4hetyksen yhteydess\u00e4 on avattu kommenttikentt\u00e4. Siell\u00e4 useat ovat nostaneet esiin sen, ettei k\u00e4ttelyn kuvakulma ole paras mahdollinen.<\/p>\n<p class=\"article-body mb-nof-24 px-nof-16\">\u2013 Kuvakulmaa presidenttiparin takaa enemm\u00e4n orkesterin puolelle, niin n\u00e4kee k\u00e4ttelevi\u00e4, ehdottaa er\u00e4s.<\/p>\n<p class=\"article-body mb-nof-24 px-nof-16\">\u2013 Surkea kuvakulma. Stubbin selk\u00e4 ei oo kovin kiinnostava.<\/p>\n<p class=\"article-body mb-nof-24 px-nof-16\">\u2013 Miksi kuva kulmaa ei voisi parantaa?<\/p>\n<p class=\"article-body mb-nof-24 px-nof-16\">\u2013 Kuvakulma siten, ett\u00e4 mekot n\u00e4kee, kiitos.<\/p>\n<p class=\"article-body mb-nof-24 px-nof-16\">\u2013 Erikoinen kuvakulma kielt\u00e4m\u00e4tt\u00e4.<\/p>\n<p class=\"article-body mb-nof-24 px-nof-16\">\u2013 Miksi kuvakulmat on n\u00e4in huonot?<\/p>\n<p class=\"article-body mb-nof-24 px-nof-16\">Keskustelukanava Jodelissa on oma kanavansa Linnan juhliin liittyville keskusteluille. My\u00f6s siell\u00e4 asia her\u00e4tt\u00e4\u00e4 keskustelua.<\/p>\n<p class=\"article-body mb-nof-24 px-nof-16\">\u2013 Stubbien selk\u00e4kamera voisi olla v\u00e4h\u00e4n enemm\u00e4n vasemmalla tai kuvata kauempaa. Kun he ovat tuossa keskell\u00e4, kaikki menee nopeasti ohi.<\/p>\n<p class=\"article-body mb-nof-24 px-nof-16\">\u2013 Onko muistakin huono kuvakulma? Ei n\u00e4e asuja kunnolla.<\/p>\n<p class=\"article-body mb-nof-24 px-nof-16\">\u2013 Laajentakaa nyt herran jestas kuvakulmaa, haluun n\u00e4hd\u00e4 muutakin kuin sel\u00e4n!<\/p>\n","protected":false},"excerpt":{"rendered":"Itsen\u00e4isyysp\u00e4iv\u00e4n juhlallisuuden ovat k\u00e4ynniss\u00e4 Presidentinlinnassa. Ylen l\u00e4hetys Linnan juhlista her\u00e4tt\u00e4\u00e4 keskustelua sosiaalisessa mediassa. Yle Areenassa juhlavastaanoton l\u00e4hetyksen yhteydess\u00e4&hellip;\n","protected":false},"author":2,"featured_media":109422,"comment_status":"","ping_status":"","sticky":false,"template":"","format":"standard","meta":{"footnotes":""},"categories":[136],"tags":[407,137,33,31,30,34,408,32,109],"class_list":{"0":"post-109421","1":"post","2":"type-post","3":"status-publish","4":"format-standard","5":"has-post-thumbnail","7":"category-julkkikset","8":"tag-celebrities","9":"tag-entertainment","10":"tag-fi","11":"tag-finland","12":"tag-finnish","13":"tag-ilta-sanomat","14":"tag-julkkikset","15":"tag-suomi","16":"tag-viihde"},"share_on_mastodon":{"url":"https:\/\/pubeurope.com\/@fi\/115673739112059323","error":""},"_links":{"self":[{"href":"https:\/\/www.europesays.com\/fi\/wp-json\/wp\/v2\/posts\/109421","targetHints":{"allow":["GET"]}}],"collection":[{"href":"https:\/\/www.europesays.com\/fi\/wp-json\/wp\/v2\/posts"}],"about":[{"href":"https:\/\/www.europesays.com\/fi\/wp-json\/wp\/v2\/types\/post"}],"author":[{"embeddable":true,"href":"https:\/\/www.europesays.com\/fi\/wp-json\/wp\/v2\/users\/2"}],"replies":[{"embeddable":true,"href":"https:\/\/www.europesays.com\/fi\/wp-json\/wp\/v2\/comments?post=109421"}],"version-history":[{"count":0,"href":"https:\/\/www.europesays.com\/fi\/wp-json\/wp\/v2\/posts\/109421\/revisions"}],"wp:featuredmedia":[{"embeddable":true,"href":"https:\/\/www.europesays.com\/fi\/wp-json\/wp\/v2\/media\/109422"}],"wp:attachment":[{"href":"https:\/\/www.europesays.com\/fi\/wp-json\/wp\/v2\/media?parent=109421"}],"wp:term":[{"taxonomy":"category","embeddable":true,"href":"https:\/\/www.europesays.com\/fi\/wp-json\/wp\/v2\/categories?post=109421"},{"taxonomy":"post_tag","embeddable":true,"href":"https:\/\/www.europesays.com\/fi\/wp-json\/wp\/v2\/tags?post=109421"}],"curies":[{"name":"wp","href":"https:\/\/api.w.org\/{rel}","templated":true}]}}