{"id":109423,"date":"2025-12-06T17:12:10","date_gmt":"2025-12-06T17:12:10","guid":{"rendered":"https:\/\/www.europesays.com\/fi\/109423\/"},"modified":"2025-12-06T17:12:10","modified_gmt":"2025-12-06T17:12:10","slug":"vulva-asun-tekninen-toteutus-jattaa-hieman-kylmaksi-kommentoi-asiantuntija-miro-hamalainen","status":"publish","type":"post","link":"https:\/\/www.europesays.com\/fi\/109423\/","title":{"rendered":"Vulva-asun tekninen toteutus j\u00e4tt\u00e4\u00e4 hieman kylm\u00e4ksi, kommentoi asiantuntija Miro H\u00e4m\u00e4l\u00e4inen"},"content":{"rendered":"<p><img decoding=\"async\" src=\"https:\/\/www.europesays.com\/fi\/wp-content\/uploads\/2025\/12\/1765041130_515_978.jpg\" alt=\"Ensimm\u00e4iset vieraat ovat saapuneet Presidentinlinnaan.\" class=\"_Img_1rerz_1\" style=\"aspect-ratio:1\" loading=\"eager\"\/><\/p>\n<p class=\"article-picture-caption\">Ensimm\u00e4iset vieraat ovat saapuneet Presidentinlinnaan. Kuva:\u00a0Jussi Nukari \/ IS<\/p>\n<p>HS ja muotisuunnittelija Miro H\u00e4m\u00e4l\u00e4inen poimivat itsen\u00e4isyysp\u00e4iv\u00e4n juhlamuodin kohokohtia. H\u00e4m\u00e4l\u00e4isen mukaan vulva-asu ei esteettisyydell\u00e4\u00e4n hivele silmi\u00e4.<\/p>\n<p class=\"article-body mb-nof-24 px-nof-16\">Suomen 108. itsen\u00e4isyysp\u00e4iv\u00e4\u00e4 juhlitaan lauantaina Presidentinlinnassa.<\/p>\n<p class=\"article-body mb-nof-24 px-nof-16\">Ilta on my\u00f6s muodin juhlaa, ja HS seuraa t\u00e4ss\u00e4 jutussa itsen\u00e4isyysp\u00e4iv\u00e4n vastaanoton vieraiden pukuja. HS:n muotiasiantuntijana toimii Muodin huipulle -ohjelman voittajanakin tunnettu suunnittelija <a class=\"article-personlink\" href=\"https:\/\/www.hs.fi\/haku\/?query=Miro%20H%C3%A4m%C3%A4l%C3%A4inen\" rel=\"nofollow noopener\" target=\"_blank\">Miro H\u00e4m\u00e4l\u00e4inen<\/a>.<\/p>\n<p>Suzanne Innes-Stubb<\/p>\n","protected":false},"excerpt":{"rendered":"Ensimm\u00e4iset vieraat ovat saapuneet Presidentinlinnaan. Kuva:\u00a0Jussi Nukari \/ IS HS ja muotisuunnittelija Miro H\u00e4m\u00e4l\u00e4inen poimivat itsen\u00e4isyysp\u00e4iv\u00e4n juhlamuodin kohokohtia.&hellip;\n","protected":false},"author":2,"featured_media":109424,"comment_status":"","ping_status":"","sticky":false,"template":"","format":"standard","meta":{"footnotes":""},"categories":[135],"tags":[389,387,388,390,137,33,31,30,46,32,394,393,391,392,109],"class_list":{"0":"post-109423","1":"post","2":"type-post","3":"status-publish","4":"format-standard","5":"has-post-thumbnail","7":"category-taiteet-ja-suunnittelu","8":"tag-arts","9":"tag-arts-and-design","10":"tag-artsanddesign","11":"tag-design","12":"tag-entertainment","13":"tag-fi","14":"tag-finland","15":"tag-finnish","16":"tag-helsingin-sanomat","17":"tag-suomi","18":"tag-suunnittelu","19":"tag-taiteet","20":"tag-taiteet-ja-suunnittelu","21":"tag-taiteetsuunnittelu","22":"tag-viihde"},"share_on_mastodon":{"url":"https:\/\/pubeurope.com\/@fi\/115673743131853259","error":""},"_links":{"self":[{"href":"https:\/\/www.europesays.com\/fi\/wp-json\/wp\/v2\/posts\/109423","targetHints":{"allow":["GET"]}}],"collection":[{"href":"https:\/\/www.europesays.com\/fi\/wp-json\/wp\/v2\/posts"}],"about":[{"href":"https:\/\/www.europesays.com\/fi\/wp-json\/wp\/v2\/types\/post"}],"author":[{"embeddable":true,"href":"https:\/\/www.europesays.com\/fi\/wp-json\/wp\/v2\/users\/2"}],"replies":[{"embeddable":true,"href":"https:\/\/www.europesays.com\/fi\/wp-json\/wp\/v2\/comments?post=109423"}],"version-history":[{"count":0,"href":"https:\/\/www.europesays.com\/fi\/wp-json\/wp\/v2\/posts\/109423\/revisions"}],"wp:featuredmedia":[{"embeddable":true,"href":"https:\/\/www.europesays.com\/fi\/wp-json\/wp\/v2\/media\/109424"}],"wp:attachment":[{"href":"https:\/\/www.europesays.com\/fi\/wp-json\/wp\/v2\/media?parent=109423"}],"wp:term":[{"taxonomy":"category","embeddable":true,"href":"https:\/\/www.europesays.com\/fi\/wp-json\/wp\/v2\/categories?post=109423"},{"taxonomy":"post_tag","embeddable":true,"href":"https:\/\/www.europesays.com\/fi\/wp-json\/wp\/v2\/tags?post=109423"}],"curies":[{"name":"wp","href":"https:\/\/api.w.org\/{rel}","templated":true}]}}