{"id":109432,"date":"2025-12-06T17:23:13","date_gmt":"2025-12-06T17:23:13","guid":{"rendered":"https:\/\/www.europesays.com\/fi\/109432\/"},"modified":"2025-12-06T17:23:13","modified_gmt":"2025-12-06T17:23:13","slug":"nain-eu-vastaa-belgian-huoliin-jos-se-hyvaksyy-sotakorvauslainan","status":"publish","type":"post","link":"https:\/\/www.europesays.com\/fi\/109432\/","title":{"rendered":"N\u00e4in EU vastaa Belgian huoliin, jos se hyv\u00e4ksyy sotakorvauslainan"},"content":{"rendered":"<p>EU-komissio esitteli keskiviikkona odotetun ehdotuksensa siit\u00e4, miten Ukrainan rahoitustarpeet voidaan turvata seuraavalle kahdelle vuodelle.<\/p>\n<p>Komissio antoi k\u00e4yt\u00e4nn\u00f6ss\u00e4 kaksi vaihtoehtoa: yhteinen laina, joka taataan EU-budjetista, tai Ven\u00e4j\u00e4n j\u00e4\u00e4dytetyist\u00e4 miljardeista koostuva sotakorvauslaina.<\/p>\n<p>J\u00e4lkimm\u00e4isess\u00e4 komissio saisi valtuuden lainata k\u00e4teisvaroja EU:n rahoituslaitoksilta, joissa on Ven\u00e4j\u00e4n keskuspankilta varoja miljardeja. Ukraina maksaisi lainan EU:lle takaisin vain siin\u00e4 tapauksessa, ett\u00e4 Ven\u00e4j\u00e4 lopettaisi hy\u00f6kk\u00e4yssotansa ja maksaisi maalle sotakorvauksia.<\/p>\n<p>Sotakorvauslainasta ei voida puhua ilman Belgiaa, joka hallinnoi valtaosaa EU:ssa olevista ven\u00e4l\u00e4isist\u00e4 varoista Euroclear-rahoituslaitoksessaan. Maa on vastustanut varojen k\u00e4ytt\u00f6\u00e4 kiivaasti, koska on pel\u00e4nnyt itselleen lankeavia riskej\u00e4.<\/p>\n<p>STT k\u00e4vi l\u00e4pi komission esityksen siit\u00e4, miten Belgian huoliin on pyritty vastaamaan.<\/p>\n<p>Tavoitteena on turvata Ukrainan rahoitustarpeet vuosiksi 2026-2027 kattamalla noin kaksi kolmasosaa maan menoista, yhteens\u00e4 noin 90 miljardin euron edest\u00e4. Loput turvattaisiin kansainv\u00e4listen kumppaneiden kautta.<\/p>\n<p>Kansainv\u00e4linen valuuttarahasto IMF arvioi, ett\u00e4 Ukraina tarvitsee 135 miljardia euroa seuraavien kahden vuoden aikana. Rahaa tarvitaan valtion ja peruspalveluiden yll\u00e4pit\u00e4miseen, mutta my\u00f6s sotilaalliselle puolelle.<\/p>\n<p><strong>YKSI <\/strong>Belgian huoli on, ett\u00e4 varat ovat osa EU:n Ven\u00e4j\u00e4-vastaisia pakotteita, jotka on uusittava kuuden kuukauden v\u00e4lein j\u00e4senmaiden yksimielisell\u00e4 p\u00e4\u00e4t\u00f6ksell\u00e4. Unkari on toistuvasti uhannut torpata pakotteiden jatkon, vaikka onkin aina lopulta taipunut niiden jatkamiseen.<\/p>\n<p>Jos pakotteet raukeaisivat, Ven\u00e4j\u00e4 voisi vet\u00e4\u00e4 j\u00e4\u00e4dytetyt varat heti pois EU:sta.<\/p>\n<p>Nyt komissio esitt\u00e4\u00e4kin, ett\u00e4 j\u00e4\u00e4dytettyjen varojen vet\u00e4minen pois EU:sta kiellett\u00e4isiin. Avuksi otettaisiin EU:n kriisipyk\u00e4l\u00e4 eli artikla 122, jolloin p\u00e4\u00e4t\u00f6s jatkosta voitaisiin tehd\u00e4 m\u00e4\u00e4r\u00e4enemmist\u00f6ll\u00e4 yksimielisen p\u00e4\u00e4t\u00f6ksen sijasta.<\/p>\n<p>Lis\u00e4ksi komissio esitt\u00e4\u00e4 niin sanottua \u201dsolidaarisuusmekanismia\u201d Ven\u00e4j\u00e4n vastatoimien varalta, jotka voisivat tuoda Belgialle taloudellisia seurauksia. Mekanismi perustuisi kahdenv\u00e4lisiin kansallisiin takauksiin tai EU:n budjettiin.<\/p>\n<p><strong>BELGIAN<\/strong> p\u00e4\u00e4ministeri <strong>Bart de Wever<\/strong> ei viel\u00e4 keskiviikkona osoittanut intoa lainan hyv\u00e4ksynn\u00e4lle.<\/p>\n<p>-\u2009En ole vaikuttunut. Emme aio asettaa Belgian harteille satojen miljardien eurojen riski\u00e4, emme t\u00e4n\u00e4\u00e4n, huomenna tai koskaan, de Wever sanoi.<\/p>\n<p>De Weveria on huolettanut maan sitominen osaksi lainaa tilanteessa, jossa mahdolliset seuraukset ja riskit voivat kulminoitua vasta pitk\u00e4n ajan p\u00e4\u00e4st\u00e4.<\/p>\n<p>Mukana on my\u00f6s sis\u00e4politiikkaa. Vaikka Belgia ei itse ole pit\u00e4nyt asiaa suuresti esill\u00e4, maa saa j\u00e4\u00e4dytetyist\u00e4 ven\u00e4l\u00e4isvaroista itselleen my\u00f6s merkitt\u00e4vi\u00e4 verotuloja, viime vuonna 1,7 miljardin euron <a href=\"https:\/\/www.vrt.be\/vrtnws\/en\/2025\/02\/06\/russia_s-frozen-euroclear-assets-earn-belgium-1-7-billion-euros\/\" rel=\"nofollow noopener\" target=\"_blank\">verran<\/a>.<\/p>\n<p>Viel\u00e4 on t\u00e4ysin auki, voiko Belgia hyv\u00e4ksy\u00e4 lainan. Samalla asialla on kiire. EU:n huippukokous j\u00e4rjestet\u00e4\u00e4n jo alle kahden viikon p\u00e4\u00e4st\u00e4 18.joulukuuta. Toinen vaihtoehto eli EU:n yhteinen laina ei saa kannatusta monilta j\u00e4senmailta. Lis\u00e4ksi sen hyv\u00e4ksynt\u00e4 vaatisi j\u00e4senmaiden yksimielisyyden.<\/p>\n<p>Panokset ovat isot. Sotakorvauslainaa voi pit\u00e4\u00e4 EU:n yhten\u00e4 merkitt\u00e4vimmist\u00e4 Ukraina-p\u00e4\u00e4t\u00f6ksist\u00e4. Ukrainalle laina on hyvin t\u00e4rke\u00e4, koska maan budjetin on arvioitu riitt\u00e4v\u00e4n en\u00e4\u00e4 ensi kev\u00e4\u00e4n ajan.<\/p>\n<p>My\u00f6s EU:n uskottavuudelle olisi eritt\u00e4in iso isku, mik\u00e4li sopua varojen k\u00e4yt\u00f6st\u00e4 ei saataisi aikaan.<\/p>\n","protected":false},"excerpt":{"rendered":"EU-komissio esitteli keskiviikkona odotetun ehdotuksensa siit\u00e4, miten Ukrainan rahoitustarpeet voidaan turvata seuraavalle kahdelle vuodelle. Komissio antoi k\u00e4yt\u00e4nn\u00f6ss\u00e4 kaksi&hellip;\n","protected":false},"author":2,"featured_media":109433,"comment_status":"","ping_status":"","sticky":false,"template":"","format":"standard","meta":{"footnotes":""},"categories":[14],"tags":[22,23,26,27,33,31,30,17,24,25,28,29,15,18,21,32,19,20,56,16,59,60,61],"class_list":{"0":"post-109432","1":"post","2":"type-post","3":"status-publish","4":"format-standard","5":"has-post-thumbnail","7":"category-ulkomaat","8":"tag-breaking-news","9":"tag-breakingnews","10":"tag-featured-news","11":"tag-featurednews","12":"tag-fi","13":"tag-finland","14":"tag-finnish","15":"tag-headlines","16":"tag-latest-news","17":"tag-latestnews","18":"tag-main-news","19":"tag-mainnews","20":"tag-news","21":"tag-otsikot","22":"tag-paauutiset","23":"tag-suomi","24":"tag-top-stories","25":"tag-topstories","26":"tag-ulkomaat","27":"tag-uutiset","28":"tag-world","29":"tag-world-news","30":"tag-worldnews"},"share_on_mastodon":{"url":"https:\/\/pubeurope.com\/@fi\/115673786397375352","error":""},"_links":{"self":[{"href":"https:\/\/www.europesays.com\/fi\/wp-json\/wp\/v2\/posts\/109432","targetHints":{"allow":["GET"]}}],"collection":[{"href":"https:\/\/www.europesays.com\/fi\/wp-json\/wp\/v2\/posts"}],"about":[{"href":"https:\/\/www.europesays.com\/fi\/wp-json\/wp\/v2\/types\/post"}],"author":[{"embeddable":true,"href":"https:\/\/www.europesays.com\/fi\/wp-json\/wp\/v2\/users\/2"}],"replies":[{"embeddable":true,"href":"https:\/\/www.europesays.com\/fi\/wp-json\/wp\/v2\/comments?post=109432"}],"version-history":[{"count":0,"href":"https:\/\/www.europesays.com\/fi\/wp-json\/wp\/v2\/posts\/109432\/revisions"}],"wp:featuredmedia":[{"embeddable":true,"href":"https:\/\/www.europesays.com\/fi\/wp-json\/wp\/v2\/media\/109433"}],"wp:attachment":[{"href":"https:\/\/www.europesays.com\/fi\/wp-json\/wp\/v2\/media?parent=109432"}],"wp:term":[{"taxonomy":"category","embeddable":true,"href":"https:\/\/www.europesays.com\/fi\/wp-json\/wp\/v2\/categories?post=109432"},{"taxonomy":"post_tag","embeddable":true,"href":"https:\/\/www.europesays.com\/fi\/wp-json\/wp\/v2\/tags?post=109432"}],"curies":[{"name":"wp","href":"https:\/\/api.w.org\/{rel}","templated":true}]}}