{"id":109438,"date":"2025-12-06T17:37:09","date_gmt":"2025-12-06T17:37:09","guid":{"rendered":"https:\/\/www.europesays.com\/fi\/109438\/"},"modified":"2025-12-06T17:37:09","modified_gmt":"2025-12-06T17:37:09","slug":"taysin-tuntematon-janniina-hurmasi-suomen-kansan-tuli-linnan-juhliin-jalleen-upeassa-asussa","status":"publish","type":"post","link":"https:\/\/www.europesays.com\/fi\/109438\/","title":{"rendered":"T\u00e4ysin tuntematon Janniina hurmasi Suomen kansan \u2013 Tuli Linnan juhliin j\u00e4lleen upeassa asussa"},"content":{"rendered":"<p>Vuonna 2019 s\u00e4v\u00e4hdytt\u00e4nyt Janniina Salo yll\u00e4tti j\u00e4lleen asullaan.<\/p>\n<p><img decoding=\"async\" class=\"image image-show image-preview\" src=\"https:\/\/www.europesays.com\/fi\/wp-content\/uploads\/2025\/12\/ef6c05d6086ede0e286e922f3763a9e7ac78c16b56130de065e6d5ecdbb98817.jpg\" alt=\"\"\/><img decoding=\"async\" class=\"image image-show\" src=\"https:\/\/www.europesays.com\/fi\/wp-content\/uploads\/2025\/12\/1765042629_2_ef6c05d6086ede0e286e922f3763a9e7ac78c16b56130de065e6d5ecdbb98817.jpg\" alt=\"\"\/><\/p>\n<p>Janniina Salo s\u00e4v\u00e4ytti Linnassa. Roosa Br\u00f6ijer<\/p>\n<p class=\"paragraph\"><strong>Janniina Salo<\/strong> (o.s. Alho) hurmasi j\u00e4lleen Linnan juhlien vieraiden joukossa.<\/p>\n<p class=\"paragraph\">Moni muistaa yh\u00e4 <a href=\"https:\/\/www.iltalehti.fi\/linnan-juhlat-2019\/5132f249-adfd-4f6c-a412-18867e665dd1\" rel=\"nofollow noopener\" target=\"_blank\">vuoden 2019<\/a>, jolloin salibandykapteeni <strong>Nico Salon<\/strong> puoliso yll\u00e4tti kaikki ja nousi illan kuvatuimmaksi vieraaksi kultaisessa puvussaan.<\/p>\n<p class=\"paragraph\">T\u00e4ll\u00e4 kertaa Janniinan valinta oli vaalea, suurilla kukkakuvioilla koristeltu asu, jonka yl\u00e4osan r\u00f6yhel\u00f6inen kangas muistutti kukkien ter\u00e4lehti\u00e4.<\/p>\n<p class=\"paragraph\">Nico Salo luotsasi Suomen salibandymaajoukkueen maailmanmestaruuteen vuonna 2024. H\u00e4n on my\u00f6s tuttu Erikoisjoukot-sarjan uusimmalta tuotantokaudelta, jossa huippu-urheilija on edennyt jo loppusuoralle asti.<\/p>\n<p>Janniina ja Nico edustivat kahdestaan Linnassa. Roosa Br\u00f6ijer<\/p>\n","protected":false},"excerpt":{"rendered":"Vuonna 2019 s\u00e4v\u00e4hdytt\u00e4nyt Janniina Salo yll\u00e4tti j\u00e4lleen asullaan. Janniina Salo s\u00e4v\u00e4ytti Linnassa. Roosa Br\u00f6ijer Janniina Salo (o.s. Alho)&hellip;\n","protected":false},"author":2,"featured_media":109439,"comment_status":"","ping_status":"","sticky":false,"template":"","format":"standard","meta":{"footnotes":""},"categories":[136],"tags":[35,407,2110,137,33,31,30,3674,408,763,41,103,32,397,109],"class_list":{"0":"post-109438","1":"post","2":"type-post","3":"status-publish","4":"format-standard","5":"has-post-thumbnail","7":"category-julkkikset","8":"tag-24h","9":"tag-celebrities","10":"tag-elamantapa-ja-vapaa-aika","11":"tag-entertainment","12":"tag-fi","13":"tag-finland","14":"tag-finnish","15":"tag-juhla-ja-vapaapaivat","16":"tag-julkkikset","17":"tag-kulttuuri-ja-viihde","18":"tag-liikunta-ja-urheilu","19":"tag-sosiaalikysymykset","20":"tag-suomi","21":"tag-taide","22":"tag-viihde"},"share_on_mastodon":{"url":"https:\/\/pubeurope.com\/@fi\/115673841383005096","error":""},"_links":{"self":[{"href":"https:\/\/www.europesays.com\/fi\/wp-json\/wp\/v2\/posts\/109438","targetHints":{"allow":["GET"]}}],"collection":[{"href":"https:\/\/www.europesays.com\/fi\/wp-json\/wp\/v2\/posts"}],"about":[{"href":"https:\/\/www.europesays.com\/fi\/wp-json\/wp\/v2\/types\/post"}],"author":[{"embeddable":true,"href":"https:\/\/www.europesays.com\/fi\/wp-json\/wp\/v2\/users\/2"}],"replies":[{"embeddable":true,"href":"https:\/\/www.europesays.com\/fi\/wp-json\/wp\/v2\/comments?post=109438"}],"version-history":[{"count":0,"href":"https:\/\/www.europesays.com\/fi\/wp-json\/wp\/v2\/posts\/109438\/revisions"}],"wp:featuredmedia":[{"embeddable":true,"href":"https:\/\/www.europesays.com\/fi\/wp-json\/wp\/v2\/media\/109439"}],"wp:attachment":[{"href":"https:\/\/www.europesays.com\/fi\/wp-json\/wp\/v2\/media?parent=109438"}],"wp:term":[{"taxonomy":"category","embeddable":true,"href":"https:\/\/www.europesays.com\/fi\/wp-json\/wp\/v2\/categories?post=109438"},{"taxonomy":"post_tag","embeddable":true,"href":"https:\/\/www.europesays.com\/fi\/wp-json\/wp\/v2\/tags?post=109438"}],"curies":[{"name":"wp","href":"https:\/\/api.w.org\/{rel}","templated":true}]}}