{"id":109446,"date":"2025-12-06T17:49:17","date_gmt":"2025-12-06T17:49:17","guid":{"rendered":"https:\/\/www.europesays.com\/fi\/109446\/"},"modified":"2025-12-06T17:49:17","modified_gmt":"2025-12-06T17:49:17","slug":"venaja-jatkaa-polttoainetoimituksia-intiaan-mtv-uutiset","status":"publish","type":"post","link":"https:\/\/www.europesays.com\/fi\/109446\/","title":{"rendered":"Ven\u00e4j\u00e4 jatkaa polttoainetoimituksia Intiaan | MTV Uutiset"},"content":{"rendered":"<p><strong class=\"typography-bold\">Intiassa vierailulla oleva Ven\u00e4j\u00e4n presidentti <\/strong><strong class=\"typography-bold\">Vladimir Putin<\/strong><strong class=\"typography-bold\"> on luvannut Ven\u00e4j\u00e4n jatkavan polttoainetoimituksia Intiaan keskeytyksett\u00e4.\u00a0<\/strong><\/p>\n<p>Yhdysvallat on painostanut Intiaa lopettamaan ven\u00e4l\u00e4isen \u00f6ljyn ostamisen Ukrainan sodan vuoksi.<\/p>\n<p>\u2013\u2009Olemme valmiita jatkamaan polttoaineen vienti\u00e4 keskeytyksett\u00e4 Intian nopeasti kasvavalle taloudelle, Vladimir Putin sanoi tiedotustilaisuudessa Intiassa.<\/p>\n<p>Intian p\u00e4\u00e4ministerin<strong class=\"typography-bold\"> <\/strong><strong class=\"typography-bold\">Narendra Modin<\/strong> rinnalla puhuneen Putinin mukaan Ven\u00e4j\u00e4 on Intialle luotettava \u00f6ljyn, kaasun ja kivihiilen tuoja.\u00a0<\/p>\n<p>Yhdysvallat asetti elokuussa suurimmalle osalle intialaisista tuotteista 50 prosentin tuontitullit, koska Intia on jatkanut ven\u00e4l\u00e4isen energian ostamista Ukrainan sodasta huolimatta.<\/p>\n<p>Modi kiitteli Putinia t\u00e4m\u00e4n vankkumattomasta sitoutumisesta Intiaan. Modi ei kuitenkaan viitannut itse suoraan \u00f6ljyyn, vaan mainitsi vain ydinvoiman. Putinia Modi kutsui yst\u00e4v\u00e4kseen.<\/p>\n<p><strong class=\"typography-bold\">Lue my\u00f6s: <\/strong><a class=\"underline\" data-testid=\"internal-link\" role=\"link\" data-sentry-element=\"Link\" data-sentry-component=\"InternalLink\" data-sentry-source-file=\"InternalLink.tsx\" href=\"https:\/\/www.mtvuutiset.fi\/artikkeli\/putin-on-saapunut-intiaan-ystavansa-modin-luokse\/9265372\" rel=\"nofollow noopener\" target=\"_blank\"><strong class=\"typography-bold\">Putin on saapunut Intiaan &#8221;yst\u00e4v\u00e4ns\u00e4&#8221; Modin luokse<\/strong><\/a><strong class=\"typography-bold\">Ukraina-asiat j\u00e4iv\u00e4t taka-alalle<\/strong><\/p>\n","protected":false},"excerpt":{"rendered":"Intiassa vierailulla oleva Ven\u00e4j\u00e4n presidentti Vladimir Putin on luvannut Ven\u00e4j\u00e4n jatkavan polttoainetoimituksia Intiaan keskeytyksett\u00e4.\u00a0 Yhdysvallat on painostanut Intiaa&hellip;\n","protected":false},"author":2,"featured_media":109447,"comment_status":"","ping_status":"","sticky":false,"template":"","format":"standard","meta":{"footnotes":""},"categories":[14],"tags":[22,23,26,27,33,31,30,17,24,25,28,29,15,18,21,32,19,20,56,16,59,60,61],"class_list":{"0":"post-109446","1":"post","2":"type-post","3":"status-publish","4":"format-standard","5":"has-post-thumbnail","7":"category-ulkomaat","8":"tag-breaking-news","9":"tag-breakingnews","10":"tag-featured-news","11":"tag-featurednews","12":"tag-fi","13":"tag-finland","14":"tag-finnish","15":"tag-headlines","16":"tag-latest-news","17":"tag-latestnews","18":"tag-main-news","19":"tag-mainnews","20":"tag-news","21":"tag-otsikot","22":"tag-paauutiset","23":"tag-suomi","24":"tag-top-stories","25":"tag-topstories","26":"tag-ulkomaat","27":"tag-uutiset","28":"tag-world","29":"tag-world-news","30":"tag-worldnews"},"share_on_mastodon":{"url":"https:\/\/pubeurope.com\/@fi\/115673888496918029","error":""},"_links":{"self":[{"href":"https:\/\/www.europesays.com\/fi\/wp-json\/wp\/v2\/posts\/109446","targetHints":{"allow":["GET"]}}],"collection":[{"href":"https:\/\/www.europesays.com\/fi\/wp-json\/wp\/v2\/posts"}],"about":[{"href":"https:\/\/www.europesays.com\/fi\/wp-json\/wp\/v2\/types\/post"}],"author":[{"embeddable":true,"href":"https:\/\/www.europesays.com\/fi\/wp-json\/wp\/v2\/users\/2"}],"replies":[{"embeddable":true,"href":"https:\/\/www.europesays.com\/fi\/wp-json\/wp\/v2\/comments?post=109446"}],"version-history":[{"count":0,"href":"https:\/\/www.europesays.com\/fi\/wp-json\/wp\/v2\/posts\/109446\/revisions"}],"wp:featuredmedia":[{"embeddable":true,"href":"https:\/\/www.europesays.com\/fi\/wp-json\/wp\/v2\/media\/109447"}],"wp:attachment":[{"href":"https:\/\/www.europesays.com\/fi\/wp-json\/wp\/v2\/media?parent=109446"}],"wp:term":[{"taxonomy":"category","embeddable":true,"href":"https:\/\/www.europesays.com\/fi\/wp-json\/wp\/v2\/categories?post=109446"},{"taxonomy":"post_tag","embeddable":true,"href":"https:\/\/www.europesays.com\/fi\/wp-json\/wp\/v2\/tags?post=109446"}],"curies":[{"name":"wp","href":"https:\/\/api.w.org\/{rel}","templated":true}]}}