{"id":109450,"date":"2025-12-06T17:51:09","date_gmt":"2025-12-06T17:51:09","guid":{"rendered":"https:\/\/www.europesays.com\/fi\/109450\/"},"modified":"2025-12-06T17:51:09","modified_gmt":"2025-12-06T17:51:09","slug":"ich-komme-erika-vikman-asteli-linnaan-savayttavassa-korsettimekossa-ja-kompasteli-helmaansa-uutissuomalainen","status":"publish","type":"post","link":"https:\/\/www.europesays.com\/fi\/109450\/","title":{"rendered":"Ich komme! Erika Vikman asteli Linnaan s\u00e4v\u00e4ytt\u00e4v\u00e4ss\u00e4 korsettimekossa ja kompasteli helmaansa | Uutissuomalainen"},"content":{"rendered":"<p>Suomen tuorein viisuedustaja <strong>Erika Vikman<\/strong> asteli Linnaan tyylilleen uskollisesti n\u00e4ytt\u00e4v\u00e4ss\u00e4 korsettiasussa. Presidenttiparia k\u00e4telty\u00e4\u00e4n Vikman kompasteli helmaansa.<\/p>\n<p>Vikman edusti Suomea kappaleellaan Ich komme vuoden 2025 Euroviisuissa sijoittuen finaalissa sijalle 11.<\/p>\n<p>Marraskuussa Vikman kiitti <a href=\"https:\/\/www.instagram.com\/p\/DQ6YY4mjEZ1\/?utm_source=ig_web_button_share_sheet&amp;igsh=ZDNlZDc0MzIxNw%3D%3D\" rel=\"nofollow noopener\" target=\"_blank\">Instagramissa<\/a> tasavallan presidentti <strong>Alexander Stubbia<\/strong> ja totesi, ett\u00e4 kutsun saaminen ei ollut h\u00e4nelle itsest\u00e4\u00e4nselvyys.<\/p>\n<p>Julkaisussaan Vikman totesi kutsun tuntuvan erityiselt\u00e4, sill\u00e4 h\u00e4nen mukaansa merkitt\u00e4vi\u00e4 suomalaisia taiteilijoita on historiassa j\u00e4tetty kutsumatta, jos heit\u00e4 ei ole pidetty &#8221;vakavasti otettavina&#8221;.<\/p>\n<p>Vikman kertoo ajattelevansa kutsun olevan osoitus siit\u00e4, ett\u00e4 ajat ovat muuttumassa. H\u00e4n kirjoittaa haluavansa omistaa kutsun kaikille, joita ei ole otettu tosissaan.<\/p>\n<p>\u2013\u2009Kiitos kutsusta Presidentti Stubb, ICH KOMME!<\/p>\n<p>\t\t<a class=\"diks-gallery__link\" href=\"https:\/\/www.uutissuomalainen.fi\/incoming\/s7akzb\/11188650_.jpg\/alternates\/FREE_1440\/11188650_.jpg\" data-thumbnail=\"\" data-sub-html=\"Marko Kauko\" aria-label=\"Katso isompi kuva\" rel=\"nofollow noopener\" target=\"_blank\"><br \/>\n\t\t\t\t<img class=\"diks-figure__image\" src=\"https:\/\/www.europesays.com\/fi\/wp-content\/uploads\/2025\/12\/11188650_.jpg\" loading=\"lazy\" decoding=\"sync\" alt=\"\"\/><\/p>\n<p>\t\t\t<\/a><br \/>\n\t\t\t\t\tMarko Kauko<\/p>\n<p>\t\t\t\t\t\t\t\t<script async src=\"\/\/www.instagram.com\/embed.js\"><\/script><\/p>\n","protected":false},"excerpt":{"rendered":"Suomen tuorein viisuedustaja Erika Vikman asteli Linnaan tyylilleen uskollisesti n\u00e4ytt\u00e4v\u00e4ss\u00e4 korsettiasussa. Presidenttiparia k\u00e4telty\u00e4\u00e4n Vikman kompasteli helmaansa. Vikman edusti&hellip;\n","protected":false},"author":2,"featured_media":109451,"comment_status":"","ping_status":"","sticky":false,"template":"","format":"standard","meta":{"footnotes":""},"categories":[5],"tags":[3406,22,23,741,26,27,33,31,30,17,2675,24,25,28,29,15,18,21,142,637,888,887,32,19,20,16],"class_list":{"0":"post-109450","1":"post","2":"type-post","3":"status-publish","4":"format-standard","5":"has-post-thumbnail","7":"category-otsikot","8":"tag-alexander-stubb","9":"tag-breaking-news","10":"tag-breakingnews","11":"tag-eurovision-laulukilpailut","12":"tag-featured-news","13":"tag-featurednews","14":"tag-fi","15":"tag-finland","16":"tag-finnish","17":"tag-headlines","18":"tag-instagram","19":"tag-latest-news","20":"tag-latestnews","21":"tag-main-news","22":"tag-mainnews","23":"tag-news","24":"tag-otsikot","25":"tag-paauutiset","26":"tag-poliitikot","27":"tag-politiikka","28":"tag-suomalaiset-poliitikot","29":"tag-suomen-politiikka","30":"tag-suomi","31":"tag-top-stories","32":"tag-topstories","33":"tag-uutiset"},"share_on_mastodon":{"url":"https:\/\/pubeurope.com\/@fi\/115673896381005828","error":""},"_links":{"self":[{"href":"https:\/\/www.europesays.com\/fi\/wp-json\/wp\/v2\/posts\/109450","targetHints":{"allow":["GET"]}}],"collection":[{"href":"https:\/\/www.europesays.com\/fi\/wp-json\/wp\/v2\/posts"}],"about":[{"href":"https:\/\/www.europesays.com\/fi\/wp-json\/wp\/v2\/types\/post"}],"author":[{"embeddable":true,"href":"https:\/\/www.europesays.com\/fi\/wp-json\/wp\/v2\/users\/2"}],"replies":[{"embeddable":true,"href":"https:\/\/www.europesays.com\/fi\/wp-json\/wp\/v2\/comments?post=109450"}],"version-history":[{"count":0,"href":"https:\/\/www.europesays.com\/fi\/wp-json\/wp\/v2\/posts\/109450\/revisions"}],"wp:featuredmedia":[{"embeddable":true,"href":"https:\/\/www.europesays.com\/fi\/wp-json\/wp\/v2\/media\/109451"}],"wp:attachment":[{"href":"https:\/\/www.europesays.com\/fi\/wp-json\/wp\/v2\/media?parent=109450"}],"wp:term":[{"taxonomy":"category","embeddable":true,"href":"https:\/\/www.europesays.com\/fi\/wp-json\/wp\/v2\/categories?post=109450"},{"taxonomy":"post_tag","embeddable":true,"href":"https:\/\/www.europesays.com\/fi\/wp-json\/wp\/v2\/tags?post=109450"}],"curies":[{"name":"wp","href":"https:\/\/api.w.org\/{rel}","templated":true}]}}