{"id":109452,"date":"2025-12-06T18:03:09","date_gmt":"2025-12-06T18:03:09","guid":{"rendered":"https:\/\/www.europesays.com\/fi\/109452\/"},"modified":"2025-12-06T18:03:09","modified_gmt":"2025-12-06T18:03:09","slug":"huomasitko-vieraan-kaytos-linnan-juhlissa-herattaa-ihmetysta","status":"publish","type":"post","link":"https:\/\/www.europesays.com\/fi\/109452\/","title":{"rendered":"Huomasitko? Vieraan k\u00e4yt\u00f6s Linnan juhlissa her\u00e4tt\u00e4\u00e4 ihmetyst\u00e4"},"content":{"rendered":"<p>Idil Hussein ei k\u00e4tellyt tasavallan presidentti\u00e4 Linnan juhlissa.<\/p>\n<p><img decoding=\"async\" class=\"image image-show image-preview\" src=\"https:\/\/www.europesays.com\/fi\/wp-content\/uploads\/2025\/12\/5b9a686496f30c1a61f3546bbf70f0069971392502d6b9806970adc9bd6bc3a8.jpg\" alt=\"\"\/><img decoding=\"async\" class=\"image image-show\" src=\"https:\/\/www.europesays.com\/fi\/wp-content\/uploads\/2025\/12\/1765044189_578_5b9a686496f30c1a61f3546bbf70f0069971392502d6b9806970adc9bd6bc3a8.jpg\" alt=\"\"\/><\/p>\n<p>Idil Hussein oli pukeutunut punaiseen iltapukuun. Roosa Br\u00f6ijer<\/p>\n<p class=\"paragraph\">Linnan juhlissa n\u00e4htiin erikoinen tilanne, kun <strong>Idil Hussein<\/strong> ei k\u00e4tellyt tasavallan presidentti <strong>Alexander Stubbia<\/strong>. Hussein kuitenkin k\u00e4tteli <strong>Suzanne Innes-Stubbia<\/strong>.<\/p>\n<p class=\"paragraph\">Husseinin toiminta on her\u00e4tt\u00e4nyt ihmetyst\u00e4 keskustelusovellus Jodelissa.<\/p>\n<p class=\"paragraph\">\u2013 Miksi somalitaustainen nainen ei k\u00e4tellyt Stubbia, er\u00e4s keskustelija ihmettelee.<\/p>\n<p class=\"paragraph\">\u2013 Somalitaustainen nainen ei k\u00e4tellyt Stubbia, mutta k\u00e4tteli Suzannea, toinen Jodel-k\u00e4ytt\u00e4j\u00e4 kirjoittaa.<\/p>\n<p class=\"paragraph\">33-vuotias Hussein teki t\u00e4n\u00e4 vuonna historiaa. H\u00e4n on ensimm\u00e4inen Suomessa tohtoriksi v\u00e4itellyt somalitaustainen nainen.<\/p>\n<p>Idil Hussein ei k\u00e4tellyt tasavallan presidentti\u00e4 Linnan juhlissa. Inka Soveri<\/p>\n<p class=\"paragraph\">Husseinin v\u00e4it\u00f6skirja k\u00e4sittelee suomalaisvanhempien aikomuksia rokottaa lapsensa papilloomavirus- (HPV) ja influenssarokotteilla. Tohtori kertoi <a href=\"https:\/\/www.iltalehti.fi\/kotimaa\/fde3ba57-e769-48de-bff6-ff09c217aa4c\" rel=\"nofollow noopener\" target=\"_blank\">Iltalehdelle<\/a> hein\u00e4kuussa, ett\u00e4 h\u00e4n on saanut paljon kannustusta somaliyhteis\u00f6lt\u00e4.<\/p>\n<p class=\"paragraph\">\u2013 T\u00e4st\u00e4 ei ole virallisia tilastoja, mutta meill\u00e4 on tiivis yhteis\u00f6. Olen keskustellut monen ihmisen kanssa ja varmistanut etenkin vuonna 1990 Suomeen tulleilta, ett\u00e4 asia tosiaan on n\u00e4in.<\/p>\n<p class=\"paragraph\">\u2013 Koulutus on aina ollut asia, joka on kiinnostanut minua tosi paljon, Hussein kommentoi Iltalehdelle.<\/p>\n","protected":false},"excerpt":{"rendered":"Idil Hussein ei k\u00e4tellyt tasavallan presidentti\u00e4 Linnan juhlissa. Idil Hussein oli pukeutunut punaiseen iltapukuun. Roosa Br\u00f6ijer Linnan juhlissa&hellip;\n","protected":false},"author":2,"featured_media":109453,"comment_status":"","ping_status":"","sticky":false,"template":"","format":"standard","meta":{"footnotes":""},"categories":[136],"tags":[35,6315,407,9613,137,33,31,30,408,766,637,768,32,109],"class_list":{"0":"post-109452","1":"post","2":"type-post","3":"status-publish","4":"format-standard","5":"has-post-thumbnail","7":"category-julkkikset","8":"tag-24h","9":"tag-aktiivi-immunisaatio","10":"tag-celebrities","11":"tag-ehkaiseva-terveydenhuolto","12":"tag-entertainment","13":"tag-fi","14":"tag-finland","15":"tag-finnish","16":"tag-julkkikset","17":"tag-koronavirus","18":"tag-politiikka","19":"tag-rokotteet","20":"tag-suomi","21":"tag-viihde"},"share_on_mastodon":{"url":"https:\/\/pubeurope.com\/@fi\/115673943632922717","error":""},"_links":{"self":[{"href":"https:\/\/www.europesays.com\/fi\/wp-json\/wp\/v2\/posts\/109452","targetHints":{"allow":["GET"]}}],"collection":[{"href":"https:\/\/www.europesays.com\/fi\/wp-json\/wp\/v2\/posts"}],"about":[{"href":"https:\/\/www.europesays.com\/fi\/wp-json\/wp\/v2\/types\/post"}],"author":[{"embeddable":true,"href":"https:\/\/www.europesays.com\/fi\/wp-json\/wp\/v2\/users\/2"}],"replies":[{"embeddable":true,"href":"https:\/\/www.europesays.com\/fi\/wp-json\/wp\/v2\/comments?post=109452"}],"version-history":[{"count":0,"href":"https:\/\/www.europesays.com\/fi\/wp-json\/wp\/v2\/posts\/109452\/revisions"}],"wp:featuredmedia":[{"embeddable":true,"href":"https:\/\/www.europesays.com\/fi\/wp-json\/wp\/v2\/media\/109453"}],"wp:attachment":[{"href":"https:\/\/www.europesays.com\/fi\/wp-json\/wp\/v2\/media?parent=109452"}],"wp:term":[{"taxonomy":"category","embeddable":true,"href":"https:\/\/www.europesays.com\/fi\/wp-json\/wp\/v2\/categories?post=109452"},{"taxonomy":"post_tag","embeddable":true,"href":"https:\/\/www.europesays.com\/fi\/wp-json\/wp\/v2\/tags?post=109452"}],"curies":[{"name":"wp","href":"https:\/\/api.w.org\/{rel}","templated":true}]}}