{"id":109454,"date":"2025-12-06T18:10:10","date_gmt":"2025-12-06T18:10:10","guid":{"rendered":"https:\/\/www.europesays.com\/fi\/109454\/"},"modified":"2025-12-06T18:10:10","modified_gmt":"2025-12-06T18:10:10","slug":"maailmantahti-ilmestyi-yllattaen-ja-katteli-presidenttia","status":"publish","type":"post","link":"https:\/\/www.europesays.com\/fi\/109454\/","title":{"rendered":"Maailmant\u00e4hti ilmestyi yll\u00e4tt\u00e4en ja k\u00e4tteli presidentti\u00e4"},"content":{"rendered":"<p>Daniel St\u00e5hl saapui Linnan juhliin.<\/p>\n<p><img decoding=\"async\" class=\"image image-show image-preview\" src=\"https:\/\/www.europesays.com\/fi\/wp-content\/uploads\/2025\/12\/8849ae2606c6d35b157176416c66fa6260b6516a4411ca1ab0ddeca980a42a43.jpg\" alt=\"\"\/><img decoding=\"async\" class=\"image image-show\" src=\"https:\/\/www.europesays.com\/fi\/wp-content\/uploads\/2025\/12\/1765044610_211_8849ae2606c6d35b157176416c66fa6260b6516a4411ca1ab0ddeca980a42a43.jpg\" alt=\"\"\/><\/p>\n<p>Daniel St\u00e5hl toi Linnan juhliin \u00e4itins\u00e4 Tainan. Roosa Br\u00f6ijer<\/p>\n<p class=\"paragraph\">Tasavallan presidentti <strong>Alexander Stubb<\/strong> on tunnetusti urheilumiehi\u00e4.<\/p>\n<p class=\"paragraph\">Linnan juhlissa n\u00e4hd\u00e4\u00e4n t\u00e4n\u00e4kin vuonna urheilussa meritoituneita henkil\u00f6it\u00e4, ja yksi varsin n\u00e4kyv\u00e4sti edustettuna oleva laji on yleisurheilu.<\/p>\n<p class=\"paragraph\">Kutsun saivat seitsenottelija <strong>Saga Vanninen<\/strong> ja juoksija <strong>Ilona Mononen<\/strong>, mutta moni saattoi hieraista silmi\u00e4\u00e4n kello seitsem\u00e4n j\u00e4lkeen, kun ennen heit\u00e4 k\u00e4ttelyjonossa oli Ruotsin supert\u00e4hti <strong>Daniel St\u00e5hl<\/strong>. Ulkomaiset urheilijat eiv\u00e4t ole tavallinen n\u00e4ky Linnan juhlissa.<\/p>\n<p class=\"paragraph\">St\u00e5hl on kiekonheiton olympiavoittaja ja per\u00e4ti kolminkertainen MM-kultamitalisti. Viimeisin MM-kulta tuli syyskuussa Tokiossa. H\u00e4n on yksi yleisurheilumaailman suurimmista t\u00e4hdist\u00e4.<\/p>\n<p class=\"paragraph\">St\u00e5hl tuli presidentinlinnaan \u00e4itins\u00e4 <strong>Taina St\u00e5hlin<\/strong> kanssa. Turusta kotoisin oleva Taina, omaa sukua Laakso, oli itsekin kelpo kiekonheitt\u00e4j\u00e4. H\u00e4n heitti limpun 51,90 metriin 80-luvun lopulla.<\/p>\n<p class=\"paragraph\">Taina Laakso l\u00f6ysi kumppanikseen ruotsalaisen <strong>Jan St\u00e5hlin<\/strong>, ja Daniel Arvid Paavali St\u00e5hl syntyi vuonna 1992.<\/p>\n<p class=\"paragraph\">Yleisurheilun globaalit arvokisamitalit ovat olleet suomalaisille viime aikoina tiukassa. \u201dMaailman paras suomea puhuva yleisurheilija\u201d Daniel St\u00e5hl kannusti suomalaisia <a href=\"https:\/\/www.iltalehti.fi\/yleisurheilun-mm-2025\/82dce7c2-8735-4963-9ca0-947e3aef18b1\" rel=\"nofollow noopener\" target=\"_blank\">Iltalehden haastattelussa<\/a> syyskuussa Tokiossa.<\/p>\n<p class=\"paragraph\">\u2013 \u00c4lk\u00e4\u00e4 murehtiko niin kovasti. Yleisurheilu on v\u00e4lill\u00e4 t\u00e4llaista. Kausia tulee ja menee. Esimerkiksi minulla kausi 2024 oli huono, mutta 2025 on mennyt v\u00e4h\u00e4n paremmin. Ei voi aina olla superhyv\u00e4, St\u00e5hl sanoi.<\/p>\n<p class=\"paragraph\">\u2013 Haluan sanoa Suomen kansalle, ett\u00e4 selk\u00e4 suoraksi ja eteenp\u00e4in. Kyll\u00e4 se tulos sielt\u00e4 viel\u00e4 tulee.<\/p>\n<p class=\"paragraph\">St\u00e5hlilla on pituutta kaksi metri\u00e4 ja painokin on py\u00f6rinyt 140 ja 150 kilon paikkeilla. Mies puhuu my\u00f6s suomea.<\/p>\n<p>3000 metrin estejuoksun SE-nainen Ilona Mononen k\u00e4tteli presidenttiparia. Edell\u00e4 kulki seitsenottelija Saga Vanninen. Roosa Br\u00f6ijer<\/p>\n","protected":false},"excerpt":{"rendered":"Daniel St\u00e5hl saapui Linnan juhliin. Daniel St\u00e5hl toi Linnan juhliin \u00e4itins\u00e4 Tainan. Roosa Br\u00f6ijer Tasavallan presidentti Alexander Stubb&hellip;\n","protected":false},"author":2,"featured_media":109455,"comment_status":"","ping_status":"","sticky":false,"template":"","format":"standard","meta":{"footnotes":""},"categories":[158],"tags":[35,33,31,30,41,2883,2666,159,32,160,10847,161],"class_list":{"0":"post-109454","1":"post","2":"type-post","3":"status-publish","4":"format-standard","5":"has-post-thumbnail","7":"category-urheilu","8":"tag-24h","9":"tag-fi","10":"tag-finland","11":"tag-finnish","12":"tag-liikunta-ja-urheilu","13":"tag-maailmancupit-ja-maailmanmestaruuskilpailut","14":"tag-olympia","15":"tag-sports","16":"tag-suomi","17":"tag-urheilu","18":"tag-urheilumitalit","19":"tag-urheilutapahtumat"},"share_on_mastodon":{"url":"https:\/\/pubeurope.com\/@fi\/115673971283009898","error":""},"_links":{"self":[{"href":"https:\/\/www.europesays.com\/fi\/wp-json\/wp\/v2\/posts\/109454","targetHints":{"allow":["GET"]}}],"collection":[{"href":"https:\/\/www.europesays.com\/fi\/wp-json\/wp\/v2\/posts"}],"about":[{"href":"https:\/\/www.europesays.com\/fi\/wp-json\/wp\/v2\/types\/post"}],"author":[{"embeddable":true,"href":"https:\/\/www.europesays.com\/fi\/wp-json\/wp\/v2\/users\/2"}],"replies":[{"embeddable":true,"href":"https:\/\/www.europesays.com\/fi\/wp-json\/wp\/v2\/comments?post=109454"}],"version-history":[{"count":0,"href":"https:\/\/www.europesays.com\/fi\/wp-json\/wp\/v2\/posts\/109454\/revisions"}],"wp:featuredmedia":[{"embeddable":true,"href":"https:\/\/www.europesays.com\/fi\/wp-json\/wp\/v2\/media\/109455"}],"wp:attachment":[{"href":"https:\/\/www.europesays.com\/fi\/wp-json\/wp\/v2\/media?parent=109454"}],"wp:term":[{"taxonomy":"category","embeddable":true,"href":"https:\/\/www.europesays.com\/fi\/wp-json\/wp\/v2\/categories?post=109454"},{"taxonomy":"post_tag","embeddable":true,"href":"https:\/\/www.europesays.com\/fi\/wp-json\/wp\/v2\/tags?post=109454"}],"curies":[{"name":"wp","href":"https:\/\/api.w.org\/{rel}","templated":true}]}}