{"id":109460,"date":"2025-12-06T18:15:25","date_gmt":"2025-12-06T18:15:25","guid":{"rendered":"https:\/\/www.europesays.com\/fi\/109460\/"},"modified":"2025-12-06T18:15:25","modified_gmt":"2025-12-06T18:15:25","slug":"lehtitieto-norja-hankkii-kaksi-uutta-sukellusvenetta-uutisia-lyhyesti","status":"publish","type":"post","link":"https:\/\/www.europesays.com\/fi\/109460\/","title":{"rendered":"Lehtitieto: Norja hankkii kaksi uutta sukellusvenett\u00e4 | Uutisia lyhyesti"},"content":{"rendered":"<p class=\"aw-1gybjub aw-1p7kakr kEtdKx cEmitX yle__article__paragraph\">Norjan hallitus aikoo perjantaina julkistaa suunnitelman kahden uuden sukellusveneen hankkimisesta Saksasta, kertoo sanomalehti VG viitaten nimett\u00f6miin l\u00e4hteisiin.<\/p>\n<p class=\"aw-1gybjub aw-1p7kakr kEtdKx cEmitX yle__article__paragraph\">Norjan laivastolla on jo entuudestaan k\u00e4yt\u00f6ss\u00e4 kuusi Ula-luokan sukellusvenett\u00e4.<\/p>\n<p class=\"aw-1gybjub aw-1p7kakr kEtdKx cEmitX yle__article__paragraph\">VG:n mukaan hallitus aikoo t\u00e4n\u00e4\u00e4n kertoa my\u00f6s uudesta pitk\u00e4n kantaman tykist\u00f6n hankinnasta<\/p>\n<p class=\"aw-1gybjub aw-1p7kakr kEtdKx cEmitX yle__article__paragraph\">Norjan puolustusministeri\u00f6 ei ole toistaiseksi kommentoinut lehden tietoja.<\/p>\n<p class=\"aw-1gybjub aw-1p7kakr kEtdKx cEmitX yle__article__paragraph\">L\u00e4hde: Reuters<\/p>\n","protected":false},"excerpt":{"rendered":"Norjan hallitus aikoo perjantaina julkistaa suunnitelman kahden uuden sukellusveneen hankkimisesta Saksasta, kertoo sanomalehti VG viitaten nimett\u00f6miin l\u00e4hteisiin. Norjan&hellip;\n","protected":false},"author":2,"featured_media":74,"comment_status":"","ping_status":"","sticky":false,"template":"","format":"standard","meta":{"footnotes":""},"categories":[14],"tags":[22,23,26,27,33,31,30,17,24,25,28,29,4099,15,385,18,21,3911,16247,32,19,20,546,56,16,59,60,61],"class_list":{"0":"post-109460","1":"post","2":"type-post","3":"status-publish","4":"format-standard","5":"has-post-thumbnail","7":"category-ulkomaat","8":"tag-breaking-news","9":"tag-breakingnews","10":"tag-featured-news","11":"tag-featurednews","12":"tag-fi","13":"tag-finland","14":"tag-finnish","15":"tag-headlines","16":"tag-latest-news","17":"tag-latestnews","18":"tag-main-news","19":"tag-mainnews","20":"tag-merivoimat","21":"tag-news","22":"tag-norja","23":"tag-otsikot","24":"tag-paauutiset","25":"tag-saksa","26":"tag-sukellusveneet","27":"tag-suomi","28":"tag-top-stories","29":"tag-topstories","30":"tag-turvallisuus","31":"tag-ulkomaat","32":"tag-uutiset","33":"tag-world","34":"tag-world-news","35":"tag-worldnews"},"share_on_mastodon":{"url":"https:\/\/pubeurope.com\/@fi\/115673990694081759","error":""},"_links":{"self":[{"href":"https:\/\/www.europesays.com\/fi\/wp-json\/wp\/v2\/posts\/109460","targetHints":{"allow":["GET"]}}],"collection":[{"href":"https:\/\/www.europesays.com\/fi\/wp-json\/wp\/v2\/posts"}],"about":[{"href":"https:\/\/www.europesays.com\/fi\/wp-json\/wp\/v2\/types\/post"}],"author":[{"embeddable":true,"href":"https:\/\/www.europesays.com\/fi\/wp-json\/wp\/v2\/users\/2"}],"replies":[{"embeddable":true,"href":"https:\/\/www.europesays.com\/fi\/wp-json\/wp\/v2\/comments?post=109460"}],"version-history":[{"count":0,"href":"https:\/\/www.europesays.com\/fi\/wp-json\/wp\/v2\/posts\/109460\/revisions"}],"wp:featuredmedia":[{"embeddable":true,"href":"https:\/\/www.europesays.com\/fi\/wp-json\/wp\/v2\/media\/74"}],"wp:attachment":[{"href":"https:\/\/www.europesays.com\/fi\/wp-json\/wp\/v2\/media?parent=109460"}],"wp:term":[{"taxonomy":"category","embeddable":true,"href":"https:\/\/www.europesays.com\/fi\/wp-json\/wp\/v2\/categories?post=109460"},{"taxonomy":"post_tag","embeddable":true,"href":"https:\/\/www.europesays.com\/fi\/wp-json\/wp\/v2\/tags?post=109460"}],"curies":[{"name":"wp","href":"https:\/\/api.w.org\/{rel}","templated":true}]}}