{"id":109467,"date":"2025-12-06T18:36:09","date_gmt":"2025-12-06T18:36:09","guid":{"rendered":"https:\/\/www.europesays.com\/fi\/109467\/"},"modified":"2025-12-06T18:36:09","modified_gmt":"2025-12-06T18:36:09","slug":"arsenalin-pitka-tappioton-putki-poikki-aston-villan-toimesta","status":"publish","type":"post","link":"https:\/\/www.europesays.com\/fi\/109467\/","title":{"rendered":"Arsenalin pitk\u00e4 tappioton putki poikki Aston Villan toimesta"},"content":{"rendered":"<p>Aston Villa p\u00e4\u00e4tti Arsenalin pitk\u00e4n tappiottomien pelien sarjan, kun se nappasi jalkapallon Englannin Valioliigassa 2\u20131-kotivoiton.<\/p>\n<p>Arsenalin edellinen tappio n\u00e4htiin 31. elokuuta, kun se taipui Liverpoolille. Lontoolaisseura pelasi sen j\u00e4lkeen 18 per\u00e4kk\u00e4ist\u00e4 otteluaan tappiotta, kun kaikki kilpailut luetaan mukaan.<\/p>\n<p>Villan sankariksi nousi <strong class=\"typography-bold\">Emiliano Buendia<\/strong>. Aikoinaan <strong class=\"typography-bold\">Teemu Pukin<\/strong> tutkaparina Norwichissa h\u00e4\u00e4rinyt Buendia laukoi kotijoukkueen voittomaalin lis\u00e4ajan viimeisill\u00e4 sekunneilla.<\/p>\n<p>Hyv\u00e4n avauspuoliajan pelannut Villa siirtyi 36. peliminuutilla johtoon <strong class=\"typography-bold\">Matty Cashin<\/strong> laukauksella. <strong class=\"typography-bold\">Leandro Trossard<\/strong> toi Arsenalin tasoihin 52. minuutilla.<\/p>\n<p>City jyr\u00e4si Sunderlandin<\/p>\n<p>Arsenal johtaa Valioliigaa kahden pisteen erolla Manchester Cityyn, joka juhli lauantaina 3\u20130-kotivoittoa Sunderlandista. Villa on j\u00e4\u00e4nyt Cityst\u00e4 pisteen ja on kolmantena.<\/p>\n<p>Villa aloitti liigakautensa pelaamalla viisi ensimm\u00e4ist\u00e4 otteluaan voitotta, mutta on vienyt sen j\u00e4lkeen nimiins\u00e4 kymmenest\u00e4 sarjapelist\u00e4\u00e4n yhdeks\u00e4n. Kaikki kilpailut mukaan lukien Villa on voittanut seitsem\u00e4n tuoreinta kamppailuaan.<\/p>\n<p>Sarjanousija Sunderland on pelannut kelpo kauden, mutta lauantaina se j\u00e4i Cityn jyr\u00e4\u00e4m\u00e4ksi. <strong class=\"typography-bold\">Ruben Dias<\/strong>, <strong class=\"typography-bold\">Josko Gvardiol<\/strong> ja <strong class=\"typography-bold\">Phil Foden<\/strong> viimeisteliv\u00e4t manchesteril\u00e4isj\u00e4tille maalin mieheen.<\/p>\n<p>Muista kotijoukkueista Bournemouth p\u00e4\u00e4tyi maalittomaan tulokseen Chelseaa vastaan, Everton l\u00f6ylytti Nottingham Forestia 3\u20130, Newcastle voitti Burnleyn 2\u20131 ja Tottenham kaatoi Brentfordin 2\u20130. Leeds is\u00e4nn\u00f6i my\u00f6hemmin lauantaina Liverpoolia.<\/p>\n","protected":false},"excerpt":{"rendered":"Aston Villa p\u00e4\u00e4tti Arsenalin pitk\u00e4n tappiottomien pelien sarjan, kun se nappasi jalkapallon Englannin Valioliigassa 2\u20131-kotivoiton. Arsenalin edellinen tappio&hellip;\n","protected":false},"author":2,"featured_media":109468,"comment_status":"","ping_status":"","sticky":false,"template":"","format":"standard","meta":{"footnotes":""},"categories":[158],"tags":[33,31,30,159,32,160],"class_list":{"0":"post-109467","1":"post","2":"type-post","3":"status-publish","4":"format-standard","5":"has-post-thumbnail","7":"category-urheilu","8":"tag-fi","9":"tag-finland","10":"tag-finnish","11":"tag-sports","12":"tag-suomi","13":"tag-urheilu"},"share_on_mastodon":{"url":"https:\/\/pubeurope.com\/@fi\/115674073378027064","error":""},"_links":{"self":[{"href":"https:\/\/www.europesays.com\/fi\/wp-json\/wp\/v2\/posts\/109467","targetHints":{"allow":["GET"]}}],"collection":[{"href":"https:\/\/www.europesays.com\/fi\/wp-json\/wp\/v2\/posts"}],"about":[{"href":"https:\/\/www.europesays.com\/fi\/wp-json\/wp\/v2\/types\/post"}],"author":[{"embeddable":true,"href":"https:\/\/www.europesays.com\/fi\/wp-json\/wp\/v2\/users\/2"}],"replies":[{"embeddable":true,"href":"https:\/\/www.europesays.com\/fi\/wp-json\/wp\/v2\/comments?post=109467"}],"version-history":[{"count":0,"href":"https:\/\/www.europesays.com\/fi\/wp-json\/wp\/v2\/posts\/109467\/revisions"}],"wp:featuredmedia":[{"embeddable":true,"href":"https:\/\/www.europesays.com\/fi\/wp-json\/wp\/v2\/media\/109468"}],"wp:attachment":[{"href":"https:\/\/www.europesays.com\/fi\/wp-json\/wp\/v2\/media?parent=109467"}],"wp:term":[{"taxonomy":"category","embeddable":true,"href":"https:\/\/www.europesays.com\/fi\/wp-json\/wp\/v2\/categories?post=109467"},{"taxonomy":"post_tag","embeddable":true,"href":"https:\/\/www.europesays.com\/fi\/wp-json\/wp\/v2\/tags?post=109467"}],"curies":[{"name":"wp","href":"https:\/\/api.w.org\/{rel}","templated":true}]}}