{"id":109473,"date":"2025-12-06T18:41:10","date_gmt":"2025-12-06T18:41:10","guid":{"rendered":"https:\/\/www.europesays.com\/fi\/109473\/"},"modified":"2025-12-06T18:41:10","modified_gmt":"2025-12-06T18:41:10","slug":"britannia-alkaa-rangaista-maita-jotka-eivat-ota-vastaan-omia-palautettuja-kansalaisiaan","status":"publish","type":"post","link":"https:\/\/www.europesays.com\/fi\/109473\/","title":{"rendered":"Britannia alkaa rangaista maita, jotka eiv\u00e4t ota vastaan omia palautettuja kansalaisiaan"},"content":{"rendered":"<p>Maahanmuutto|Britannian ty\u00f6v\u00e4enpuoluelainen hallitus haluaa lopettaa \u201dturvapaikkashoppailun\u201d.<\/p>\n<p class=\"article-body mb-nof-24 px-nof-16\">Lontoo<\/p>\n<p>Lue tiivistelm\u00e4<\/p>\n<p>Tiivistelm\u00e4 on teko\u00e4lyn tekem\u00e4 ja ihmisen tarkistama.<\/p>\n<p class=\"article-body mb-nof-24 px-nof-16 sndp-summary-bullet-point-font\">Britannia alkaa rangaista maita, jotka eiv\u00e4t ota vastaan omia palautettuja kansalaisiaan kielt\u00e4m\u00e4ll\u00e4 viisumit kyseisten maiden turisteilta ja liikematkailijoilta.<\/p>\n<p class=\"article-body mb-nof-24 px-nof-16 sndp-summary-bullet-point-font\">P\u00e4\u00e4ministeri Keir Starmerin ty\u00f6v\u00e4enpuoluelainen hallitus haluaa tehostaa palautuksia ja v\u00e4hent\u00e4\u00e4 niin sanottua turvapaikkashoppailua, jossa siirtolaiset matkustavat useiden turvallisten maiden l\u00e4pi.<\/p>\n<p class=\"article-body mb-nof-24 px-nof-16 sndp-summary-bullet-point-font\">Ensivaiheessa viisumirangaistus kohdistuu Angolaan, Namibiaan ja Kongon demokraattiseen tasavaltaan.<\/p>\n<p class=\"article-body mb-nof-24 px-nof-16 sndp-summary-bullet-point-font\">Britanniassa on nyt yli satatuhatta turvapaikanhakijaa, ja sis\u00e4ministeri Shabana Mahmoodin mukaan veronmaksajat pit\u00e4v\u00e4t j\u00e4rjestelm\u00e4\u00e4 ep\u00e4reiluna.<\/p>\n<p class=\"article-body mb-nof-24 px-nof-16\">Britannian ty\u00f6v\u00e4enpuoluelainen hallitus aikoo ruveta rankaisemaan maita, jotka kielt\u00e4ytyv\u00e4t vastaanottamasta omia palautettuja kansalaisiin.<\/p>\n<p class=\"article-body mb-nof-24 px-nof-16\">Jos maa ei suostu ottamaan kansalaisiaan vastaan, eiv\u00e4t kyseisen maan muutkaan kansalaiset saa viisumia Britanniaan.<\/p>\n<p class=\"article-body mb-nof-24 px-nof-16\">Viisumien ep\u00e4\u00e4minen iskee esimerkiksi turisteihin ja liikematkailijoihin.<\/p>\n<p class=\"article-body mb-nof-24 px-nof-16\">\u201dJos maat eiv\u00e4t tee yhteisty\u00f6t\u00e4 palautuksissa, emme aio pit\u00e4\u00e4 auki my\u00f6sk\u00e4\u00e4n laillisia reittej\u00e4\u201d, Britannian sis\u00e4ministeri\u00f6 <a class=\"article-genericlink\" href=\"https:\/\/www.gov.uk\/government\/publications\/asylum-and-returns-policy-statement\/restoring-order-and-control-a-statement-on-the-governments-asylum-and-returns-policy\" rel=\"nofollow noopener\" target=\"_blank\">ilmoitti<\/a> marraskuussa.<\/p>\n<p class=\"article-body mb-nof-24 px-nof-16\">Ensivaiheessa viisumirangaistus kohdistuu Angolaan, Namibiaan ja Kongon demokraattiseen tasavaltaan.<\/p>\n<p class=\"article-body mb-nof-24 px-nof-16\">Viisumilla rankaiseminen on osa Britannian turvapaikkaj\u00e4rjestelm\u00e4n t\u00e4ysremonttia.<\/p>\n<p class=\"article-body mb-nof-24 px-nof-16\">P\u00e4\u00e4ministeri <a class=\"article-personlink\" href=\"https:\/\/www.hs.fi\/haku\/?query=Keir%20Starmerin\" rel=\"nofollow noopener\" target=\"_blank\">Keir Starmerin<\/a> ty\u00f6v\u00e4enpuoluelainen hallitus haluaa tehostaa palautuksia ja v\u00e4hent\u00e4\u00e4 Britannian vetovoimaa turvapaikanhakijoiden silmiss\u00e4.<\/p>\n<p class=\"article-body mb-nof-24 px-nof-16\">Nyt turvapaikanhakijat matkaavat usein monen turvallisen EU-maan l\u00e4pi p\u00e4\u00e4st\u00e4kseen Britanniaan.<\/p>\n<p class=\"article-body mb-nof-24 px-nof-16\">Britannian sis\u00e4ministeri <a class=\"article-personlink\" href=\"https:\/\/www.hs.fi\/haku\/?query=Shabana%20Mahmood\" rel=\"nofollow noopener\" target=\"_blank\">Shabana Mahmood<\/a> puhuukin \u201dturvapaikkashoppailusta\u201d: Hakemus j\u00e4tet\u00e4\u00e4n vasta maassa, jonne on kaikkein houkuttelevinta j\u00e4\u00e4d\u00e4.<\/p>\n<p><img decoding=\"async\" src=\"https:\/\/www.europesays.com\/fi\/wp-content\/uploads\/2025\/12\/1765046469_799_468.jpg\" alt=\"Britannian sis\u00e4ministeri Shabana Mahmood on ilmoittanut \u201dkitkev\u00e4ns\u00e4 tuhlaamisen\u201d. Turvapaikanhakijoiden majoittaminen hotelleihin lopetetaan. My\u00f6s turvapaikanhakijoille tarjotut maksuttomat taksimatkat l\u00e4\u00e4k\u00e4riin loppuvat.\" class=\"_Img_1rerz_1\" style=\"aspect-ratio:1.5\" loading=\"eager\"\/><\/p>\n<p class=\"article-picture-caption\">Britannian sis\u00e4ministeri Shabana Mahmood on ilmoittanut \u201dkitkev\u00e4ns\u00e4 tuhlaamisen\u201d. Turvapaikanhakijoiden majoittaminen hotelleihin lopetetaan. My\u00f6s turvapaikanhakijoille tarjotut maksuttomat taksimatkat l\u00e4\u00e4k\u00e4riin loppuvat. Kuva:\u00a0Wiktor Szymanowicz<\/p>\n<p class=\"article-body mb-nof-24 px-nof-16\">Mahmoodin mukaan Britanniassa on nyt yli satatuhatta turvapaikanhakijaa.<\/p>\n<p class=\"article-body mb-nof-24 px-nof-16\">\u201dVeronmaksajien mielest\u00e4 systeemi on ep\u00e4reilu ja l\u00e4htenyt t\u00e4ysin k\u00e4sist\u00e4\u201d, Mahmood ilmoitti sis\u00e4ministeri\u00f6n <a class=\"article-genericlink\" href=\"https:\/\/www.gov.uk\/government\/publications\/asylum-and-returns-policy-statement\/restoring-order-and-control-a-statement-on-the-governments-asylum-and-returns-policy\" rel=\"nofollow noopener\" target=\"_blank\">linjauksen <\/a>esisanoissa.<\/p>\n<p class=\"article-body mb-nof-24 px-nof-16\">Linjauksen otsikoksi oli pantu \u201dkurin ja j\u00e4rjestyksen paluu\u201d.<\/p>\n<p class=\"article-body mb-nof-24 px-nof-16\">Britanniassa hallitusvastuussa oleva ty\u00f6v\u00e4enpuolue eli labour on Suomen demarien sisarpuolue.<\/p>\n<p class=\"article-body mb-nof-24 px-nof-16\">Brittihallitus on ottanut tiukan linjan sek\u00e4 laillisia ett\u00e4 laittomia reittej\u00e4 tulevaa maahanmuuttoa kohtaan.<\/p>\n<p class=\"article-body mb-nof-24 px-nof-16\">Linjaus voidaan n\u00e4hd\u00e4 poliittisena torjuntaliikkeen\u00e4, kun Starmer yritt\u00e4\u00e4 haastaa <a class=\"article-personlink\" href=\"https:\/\/www.hs.fi\/haku\/?query=Nigel%20Faragen\" rel=\"nofollow noopener\" target=\"_blank\">Nigel Faragen<\/a> oikeistopopulistisen reformipuolueen t\u00e4m\u00e4n omilla aseilla. Faragen puolue <a class=\"article-genericlink\" href=\"https:\/\/www.ipsos.com\/en-uk\/uk-opinion-polls\" rel=\"nofollow noopener\" target=\"_blank\">johtaa <\/a>kirkkaasti mielipidemittauksia.<\/p>\n<p class=\"article-body mb-nof-24 px-nof-16\">Britannian uuden turvapaikkaj\u00e4rjestelm\u00e4n yhten\u00e4 esikuvana toimii Tanskan malli.<\/p>\n<p class=\"article-body mb-nof-24 px-nof-16\">Brittihallitus leikkaa turvapaikan kestoa ja rajaa oikeuksia.<\/p>\n<p class=\"article-body mb-nof-24 px-nof-16\">Nykyisell\u00e4\u00e4n hyv\u00e4ksytty turvapaikkap\u00e4\u00e4t\u00f6s tuo viiden vuoden oleskeluoikeuden pidennysmahdollisuuksin. Jatkossa oleskeluoikeus lyhenee 30 kuukauteen.<\/p>\n<p class=\"article-body mb-nof-24 px-nof-16\">Jatkoa saa vain, jos suojelun tarve on yh\u00e4 olemassa. Jos ei ole, t\u00e4ytyy poistua maasta.<\/p>\n<p class=\"article-body mb-nof-24 px-nof-16\">Pysyv\u00e4\u00e4 oleskeluoikeutta ei voi saada, ellei ole asunut Britanniassa v\u00e4hint\u00e4\u00e4n 20 vuotta.<\/p>\n<p class=\"article-body mb-nof-24 px-nof-16\">My\u00f6s automaattinen oikeus perheen yhdist\u00e4miseen poistuu.<\/p>\n<p class=\"article-body mb-nof-24 px-nof-16\">Yht\u00e4 lailla poistuu taloudellinen tuki niille turvapaikanhakijoille, jotka voivat el\u00e4tt\u00e4\u00e4 itsens\u00e4 omista varoistaan.<\/p>\n<p class=\"article-body mb-nof-24 px-nof-16\">Tuki sidotaan my\u00f6s lainkuuliaisuuteen. Sanktioita on luvassa heille, jotka syyllistyv\u00e4t rikoksiin tai k\u00e4ytt\u00e4ytyv\u00e4t h\u00e4iritsev\u00e4sti heille osoitetussa majoituksessa.<\/p>\n<p class=\"article-body mb-nof-24 px-nof-16\">Jatkossa perheiden palautuksia l\u00e4ht\u00f6maihinsa joudutetaan taloudellisin tukipaketein.<\/p>\n<p class=\"article-body mb-nof-24 px-nof-16\">My\u00f6s valitustie on lyhenem\u00e4ss\u00e4. Kielteisest\u00e4 turvapaikkap\u00e4\u00e4t\u00f6ksest\u00e4 saisi valittaa vain kerran. Jos valitus hyl\u00e4t\u00e4\u00e4n, pit\u00e4\u00e4 poistua maasta.<\/p>\n<p class=\"article-body mb-nof-24 px-nof-16\">Brittihallitus aikoo my\u00f6s panostaa turvapaikanhakijoiden i\u00e4n selvitt\u00e4miseen. Tavoitteena on, ett\u00e4 aikuiset eiv\u00e4t voisi esiinty\u00e4 lapsina.<\/p>\n<p><img decoding=\"async\" src=\"https:\/\/www.europesays.com\/fi\/wp-content\/uploads\/2025\/12\/1765046469_278_468.jpg\" alt=\"Britannian p\u00e4\u00e4ministeri Keir Starmerin mukaan turvapaikkaj\u00e4rjestelm\u00e4 pit\u00e4\u00e4 uudistaa, jotta se koettaisiin reiluna, tehokkaana ja humaanina.\" class=\"_Img_1rerz_1\" style=\"aspect-ratio:1.5011727912431587\" loading=\"eager\"\/><\/p>\n<p class=\"article-picture-caption\">Britannian p\u00e4\u00e4ministeri Keir Starmerin mukaan turvapaikkaj\u00e4rjestelm\u00e4 pit\u00e4\u00e4 uudistaa, jotta se koettaisiin reiluna, tehokkaana ja humaanina. Kuva:\u00a0Suzanne Plunkett<\/p>\n<p class=\"article-body mb-nof-24 px-nof-16\">Britannian sis\u00e4ministeri\u00f6n lukujen mukaan turvapaikkaa Britanniasta on hakenut yli 400\u202f000 henkil\u00f6\u00e4 vuodesta 2021 lukien.<\/p>\n<p class=\"article-body mb-nof-24 px-nof-16\">Pelk\u00e4st\u00e4\u00e4n t\u00e4n\u00e4 vuonna turvapaikkaa oli hakenut marraskuuhun menness\u00e4 111\u202f800 henkil\u00f6\u00e4. Heist\u00e4 39 prosenttia saapui ihmissalakuljettajain pienill\u00e4 veneill\u00e4 Kanaalin yli.<\/p>\n<p class=\"article-body mb-nof-24 px-nof-16\">Joulukuun alussa voimaan tullut <a class=\"article-genericlink\" href=\"https:\/\/www.gov.uk\/government\/news\/major-new-act-to-disrupt-smuggling-gangs\" rel=\"nofollow noopener\" target=\"_blank\">laki <\/a>antaa brittipoliisille ja muille viranomaisille laajat uudet valtuudet puuttua salakuljettajien toimiin. Pelotteena toimii jopa 14 vuoden vankeusrangaistus.<\/p>\n<p class=\"article-body mb-nof-24 px-nof-16\">My\u00f6s laittomasti maahan saapuvilta voidaan vied\u00e4 matkapuhelimet salakuljettajien j\u00e4ljitt\u00e4miseksi.<\/p>\n<p class=\"article-body mb-nof-24 px-nof-16\">Suomessa <a class=\"article-genericlink\" href=\"https:\/\/valtioneuvosto.fi\/hallitukset\/hallitusohjelma#\/\" rel=\"nofollow noopener\" target=\"_blank\">hallitusohjelmaan <\/a>on kirjattu, ett\u00e4 Suomen kehitysyhteisty\u00f6 ehdollistetaan omien kansalaisten vastaanottamiselle.<\/p>\n<p class=\"article-body mb-nof-24 px-nof-16\">Koska Somalian toimet on katsottu riitt\u00e4m\u00e4tt\u00f6miksi, on Suomi keskeytt\u00e4nyt kehitysyhteisty\u00f6n maaohjelmansa Somalian kanssa.<\/p>\n<p class=\"article-body mb-nof-24 px-nof-16\">EU:n tasolla on parhaillaan k\u00e4sittelyss\u00e4 ns. <a class=\"article-genericlink\" href=\"https:\/\/eur-lex.europa.eu\/legal-content\/fi\/TXT\/?uri=COM:2025:0101:FIN\" rel=\"nofollow noopener\" target=\"_blank\">paluu\u00adasetus\u00adehdotus<\/a>. Sen tavoite on varmistaa, ett\u00e4 kun henkil\u00f6 m\u00e4\u00e4r\u00e4t\u00e4\u00e4n poistumaan EU:sta, h\u00e4n my\u00f6s tosiasiallisesti poistuu, joko pakkokeinoin tai vapaaehtoisesti.<\/p>\n<p class=\"article-body mb-nof-24 px-nof-16\">Erityisen nopeasti EU:sta halutaan ulos ne kolmansien maiden kansalaiset, jotka ovat turvallisuusriski.<\/p>\n<p class=\"article-body mb-nof-24 px-nof-16\">Nykyisin vain noin viidennes palautusp\u00e4\u00e4t\u00f6ksen saaneista poistuu EU:n alueelta.<\/p>\n<p class=\"article-body mb-nof-24 px-nof-16\">Suomen sis\u00e4ministeri\u00f6st\u00e4 kerrotaan, ett\u00e4 Suomesta on palautettu t\u00e4n\u00e4 vuonna (syyskuun loppuun menness\u00e4) kolmannen maan kansalaisia kolmansiin maihin 793 henkil\u00f6\u00e4.<\/p>\n<p class=\"article-body mb-nof-24 px-nof-16\">Suurin osa viranomaisten maasta poistamisista kohdistuu kuitenkin (kolmansien maiden sijaan) EU:n ja Schengen-alueelle. N\u00e4it\u00e4 maasta poistamisia oli vastaavana aikana 929 kappaletta.<\/p>\n<p><img decoding=\"async\" src=\"https:\/\/www.europesays.com\/fi\/wp-content\/uploads\/2025\/12\/1765046470_851_468.jpg\" alt=\"Kumiveneen j\u00e4\u00e4nteet Ranskan rannikolla, josta Euroopan halki matkanneet siirtolaiset yritt\u00e4v\u00e4t ihmissalakuljettajien matkassa Britanniaan. Kuva hein\u00e4kuulta 2025.\" class=\"_Img_1rerz_1\" style=\"aspect-ratio:1.5023474178403755\" loading=\"eager\"\/><\/p>\n<p class=\"article-picture-caption\">Kumiveneen j\u00e4\u00e4nteet Ranskan rannikolla, josta Euroopan halki matkanneet siirtolaiset yritt\u00e4v\u00e4t ihmissalakuljettajien matkassa Britanniaan. Kuva hein\u00e4kuulta 2025. Kuva:\u00a0Gonzalo Fuentes \/ Reuters<\/p>\n","protected":false},"excerpt":{"rendered":"Maahanmuutto|Britannian ty\u00f6v\u00e4enpuoluelainen hallitus haluaa lopettaa \u201dturvapaikkashoppailun\u201d. Lontoo Lue tiivistelm\u00e4 Tiivistelm\u00e4 on teko\u00e4lyn tekem\u00e4 ja ihmisen tarkistama. Britannia alkaa&hellip;\n","protected":false},"author":2,"featured_media":109474,"comment_status":"","ping_status":"","sticky":false,"template":"","format":"standard","meta":{"footnotes":""},"categories":[14],"tags":[22,23,26,27,33,31,30,17,46,24,25,28,29,15,18,21,32,19,20,56,16,59,60,61],"class_list":{"0":"post-109473","1":"post","2":"type-post","3":"status-publish","4":"format-standard","5":"has-post-thumbnail","7":"category-ulkomaat","8":"tag-breaking-news","9":"tag-breakingnews","10":"tag-featured-news","11":"tag-featurednews","12":"tag-fi","13":"tag-finland","14":"tag-finnish","15":"tag-headlines","16":"tag-helsingin-sanomat","17":"tag-latest-news","18":"tag-latestnews","19":"tag-main-news","20":"tag-mainnews","21":"tag-news","22":"tag-otsikot","23":"tag-paauutiset","24":"tag-suomi","25":"tag-top-stories","26":"tag-topstories","27":"tag-ulkomaat","28":"tag-uutiset","29":"tag-world","30":"tag-world-news","31":"tag-worldnews"},"share_on_mastodon":{"url":"https:\/\/pubeurope.com\/@fi\/115674093102476616","error":""},"_links":{"self":[{"href":"https:\/\/www.europesays.com\/fi\/wp-json\/wp\/v2\/posts\/109473","targetHints":{"allow":["GET"]}}],"collection":[{"href":"https:\/\/www.europesays.com\/fi\/wp-json\/wp\/v2\/posts"}],"about":[{"href":"https:\/\/www.europesays.com\/fi\/wp-json\/wp\/v2\/types\/post"}],"author":[{"embeddable":true,"href":"https:\/\/www.europesays.com\/fi\/wp-json\/wp\/v2\/users\/2"}],"replies":[{"embeddable":true,"href":"https:\/\/www.europesays.com\/fi\/wp-json\/wp\/v2\/comments?post=109473"}],"version-history":[{"count":0,"href":"https:\/\/www.europesays.com\/fi\/wp-json\/wp\/v2\/posts\/109473\/revisions"}],"wp:featuredmedia":[{"embeddable":true,"href":"https:\/\/www.europesays.com\/fi\/wp-json\/wp\/v2\/media\/109474"}],"wp:attachment":[{"href":"https:\/\/www.europesays.com\/fi\/wp-json\/wp\/v2\/media?parent=109473"}],"wp:term":[{"taxonomy":"category","embeddable":true,"href":"https:\/\/www.europesays.com\/fi\/wp-json\/wp\/v2\/categories?post=109473"},{"taxonomy":"post_tag","embeddable":true,"href":"https:\/\/www.europesays.com\/fi\/wp-json\/wp\/v2\/tags?post=109473"}],"curies":[{"name":"wp","href":"https:\/\/api.w.org\/{rel}","templated":true}]}}