{"id":109479,"date":"2025-12-06T18:55:09","date_gmt":"2025-12-06T18:55:09","guid":{"rendered":"https:\/\/www.europesays.com\/fi\/109479\/"},"modified":"2025-12-06T18:55:09","modified_gmt":"2025-12-06T18:55:09","slug":"viimeisillaan-raskaana-oleva-elli-haloo-astui-linnaan","status":"publish","type":"post","link":"https:\/\/www.europesays.com\/fi\/109479\/","title":{"rendered":"Viimeisill\u00e4\u00e4n raskaana oleva Elli Haloo astui Linnaan"},"content":{"rendered":"<p>Elli Haloo saapui Linnan juhliin.<\/p>\n<p class=\"paragraph\">Haloo Helsinki -yhtyeen laulaja <a href=\"https:\/\/www.iltalehti.fi\/henkilot\/Ellips\" class=\"article-link-person-page\" rel=\"nofollow noopener\" target=\"_blank\">Elli Haloo<\/a> eli <a href=\"https:\/\/www.iltalehti.fi\/henkilot\/Ellips\" class=\"article-link-person-page\" rel=\"nofollow noopener\" target=\"_blank\">Elisa Tiilikainen<\/a> saapui Linnan juhliin yhdess\u00e4 <a href=\"https:\/\/www.iltalehti.fi\/henkilot\/Janne Kasurinen\" class=\"article-link-person-page\" rel=\"nofollow noopener\" target=\"_blank\">Janne Kasurisen<\/a> kanssa.<\/p>\n<p class=\"paragraph\">Tiilikainen saapui juhliin elegantissa valkoisessa silkkimekossa, jonka p\u00e4\u00e4ll\u00e4 h\u00e4nell\u00e4 oli pitk\u00e4 silkkikaapu py\u00f6reine mustine yksityiskohtineen.<\/p>\n<p class=\"paragraph\">Hiukset oli koottu korkealle poninh\u00e4nn\u00e4lle, ja hiuskoru sek\u00e4 korvakorut korostavat asun graafisia elementtej\u00e4.<\/p>\n<p class=\"paragraph\">K\u00e4dess\u00e4\u00e4n h\u00e4nell\u00e4 oli asuun sopiva musta py\u00f6re\u00e4 laukku.<\/p>\n<p><img decoding=\"async\" class=\"image image-show image-preview\" src=\"https:\/\/www.europesays.com\/fi\/wp-content\/uploads\/2025\/12\/4a842d11f9fc95833256ec9c26a709b428e371651395b2e36719e1e863ce51b7.jpg\" alt=\"\"\/><img decoding=\"async\" class=\"image image-show\" src=\"https:\/\/www.europesays.com\/fi\/wp-content\/uploads\/2025\/12\/1765047309_597_4a842d11f9fc95833256ec9c26a709b428e371651395b2e36719e1e863ce51b7.jpg\" alt=\"\"\/><\/p>\n<p>Artisti saapui paikalle puolisonsa kanssa. Roosa Br\u00f6ijer<\/p>\n<p class=\"paragraph\">Artisti on t\u00e4ll\u00e4 hetkell\u00e4 raskauden loppumetreill\u00e4. H\u00e4n kertoi odotuksestaan <a href=\"https:\/\/www.iltalehti.fi\/viihdeuutiset\/0e30e36b-71de-47ea-8979-46566c5a457a\" rel=\"nofollow noopener\" target=\"_blank\">elokuussa<\/a> Instagramissa.<\/p>\n<p class=\"paragraph\">\u2013 Haloo! Minulla on onnellisin uutinen kerrottavana, sill\u00e4 minusta tulee mutsi loppuvuonna! h\u00e4n kirjoitti julkaisunsa kuvatekstiin.<\/p>\n<p>Elli Haloo oli pukeutunut pitk\u00e4\u00e4n valkoiseen mekkoon. Roosa Br\u00f6ijer<\/p>\n","protected":false},"excerpt":{"rendered":"Elli Haloo saapui Linnan juhliin. Haloo Helsinki -yhtyeen laulaja Elli Haloo eli Elisa Tiilikainen saapui Linnan juhliin yhdess\u00e4&hellip;\n","protected":false},"author":2,"featured_media":109480,"comment_status":"","ping_status":"","sticky":false,"template":"","format":"standard","meta":{"footnotes":""},"categories":[136],"tags":[35,138,407,137,33,31,30,408,2351,106,47,32,484,2350,109],"class_list":{"0":"post-109479","1":"post","2":"type-post","3":"status-publish","4":"format-standard","5":"has-post-thumbnail","7":"category-julkkikset","8":"tag-24h","9":"tag-audio","10":"tag-celebrities","11":"tag-entertainment","12":"tag-fi","13":"tag-finland","14":"tag-finnish","15":"tag-julkkikset","16":"tag-kengat-ja-asusteet","17":"tag-muoti","18":"tag-musiikki","19":"tag-suomi","20":"tag-taiteellinen-ilmaisu-ja-mediat","21":"tag-vaatekappaleet","22":"tag-viihde"},"share_on_mastodon":{"url":"https:\/\/pubeurope.com\/@fi\/115674148171257250","error":""},"_links":{"self":[{"href":"https:\/\/www.europesays.com\/fi\/wp-json\/wp\/v2\/posts\/109479","targetHints":{"allow":["GET"]}}],"collection":[{"href":"https:\/\/www.europesays.com\/fi\/wp-json\/wp\/v2\/posts"}],"about":[{"href":"https:\/\/www.europesays.com\/fi\/wp-json\/wp\/v2\/types\/post"}],"author":[{"embeddable":true,"href":"https:\/\/www.europesays.com\/fi\/wp-json\/wp\/v2\/users\/2"}],"replies":[{"embeddable":true,"href":"https:\/\/www.europesays.com\/fi\/wp-json\/wp\/v2\/comments?post=109479"}],"version-history":[{"count":0,"href":"https:\/\/www.europesays.com\/fi\/wp-json\/wp\/v2\/posts\/109479\/revisions"}],"wp:featuredmedia":[{"embeddable":true,"href":"https:\/\/www.europesays.com\/fi\/wp-json\/wp\/v2\/media\/109480"}],"wp:attachment":[{"href":"https:\/\/www.europesays.com\/fi\/wp-json\/wp\/v2\/media?parent=109479"}],"wp:term":[{"taxonomy":"category","embeddable":true,"href":"https:\/\/www.europesays.com\/fi\/wp-json\/wp\/v2\/categories?post=109479"},{"taxonomy":"post_tag","embeddable":true,"href":"https:\/\/www.europesays.com\/fi\/wp-json\/wp\/v2\/tags?post=109479"}],"curies":[{"name":"wp","href":"https:\/\/api.w.org\/{rel}","templated":true}]}}