{"id":109483,"date":"2025-12-06T19:03:09","date_gmt":"2025-12-06T19:03:09","guid":{"rendered":"https:\/\/www.europesays.com\/fi\/109483\/"},"modified":"2025-12-06T19:03:09","modified_gmt":"2025-12-06T19:03:09","slug":"presidentti-stubb-pyysi-jenni-vartiaista-esiintymaan-linnan-juhliin-paasen-laulamaan-itselleni-rakasta-biisia-uutissuomalainen","status":"publish","type":"post","link":"https:\/\/www.europesays.com\/fi\/109483\/","title":{"rendered":"Presidentti Stubb pyysi Jenni Vartiaista esiintym\u00e4\u00e4n Linnan juhliin \u2013 &#8221;P\u00e4\u00e4sen laulamaan itselleni rakasta biisi\u00e4&#8221; | Uutissuomalainen"},"content":{"rendered":"<p>Laulaja Jenni Vartiainen odotti itsen\u00e4isyysp\u00e4iv\u00e4n illan esityst\u00e4\u00e4n innostuneena. Tasavallan presidentti Alexander Stubb oli soittanut Vartiaiselle jo p\u00e4\u00e4si\u00e4isen aikoihin ja kysynyt, tulisiko laulaja esiintym\u00e4\u00e4n itsen\u00e4isyysp\u00e4iv\u00e4n juhlaan.<\/p>\n<p>\u2013\u2009Tietenkin innostuin asiasta. Olen k\u00e4ynyt kerran n\u00e4ist\u00e4 juhlissa ja tied\u00e4n, miten hieno paikka t\u00e4m\u00e4 on laulaa, h\u00e4n kommentoi presidentin pyynt\u00f6\u00e4.<\/p>\n<p>Itsen\u00e4isyysp\u00e4iv\u00e4n vastaanotolla presidenttipari tanssii ensivalssin Vartiaisen Miss\u00e4 muruseni on -kappaleen tahtiin.<\/p>\n<p>\u2013\u2009Kihelm\u00f6iv\u00e4\u00e4, onhan t\u00e4m\u00e4 mielet\u00f6n paikka esiinty\u00e4, Vartiainen kuvaili tunnelmiaan ja paljasti, ett\u00e4 esityksess\u00e4 kuultaisiin my\u00f6s kuoroa.<\/p>\n<p>\u2013\u2009Olen haaveillut sellaisesta versiosta. Innostuksella odotan ja tulen varmasti suuresti nauttimaan siit\u00e4, ett\u00e4 p\u00e4\u00e4sen laulamaan itselleni rakasta biisi\u00e4.<\/p>\n<p>Presidentti Stubb kertoi medialle ennen vastaanoton alkamista, ett\u00e4 kappale l\u00f6ytyy presidenttiparin yhteiselt\u00e4 soittolistalta. Vartiainen kertoi asiasta kysyneelle STT:n toimittajalle aavistelleensa, ett\u00e4 parilla on jokin henkil\u00f6kohtainen kytk\u00f6s kappaleeseen.<\/p>\n<p>Suunnittelija Katri Niskasen valkoiseen asuun pukeutunut Vartiainen aikoi esiintymisen j\u00e4lkeen vain rentoutua ja nauttia juhlista. Lis\u00e4ksi suunnitelmissa oli tanssilattialla py\u00f6r\u00e4ht\u00e4minen.<\/p>\n","protected":false},"excerpt":{"rendered":"Laulaja Jenni Vartiainen odotti itsen\u00e4isyysp\u00e4iv\u00e4n illan esityst\u00e4\u00e4n innostuneena. Tasavallan presidentti Alexander Stubb oli soittanut Vartiaiselle jo p\u00e4\u00e4si\u00e4isen aikoihin&hellip;\n","protected":false},"author":2,"featured_media":109484,"comment_status":"","ping_status":"","sticky":false,"template":"","format":"standard","meta":{"footnotes":""},"categories":[130],"tags":[3406,137,33,31,30,14062,11858,142,637,888,887,32,109],"class_list":{"0":"post-109483","1":"post","2":"type-post","3":"status-publish","4":"format-standard","5":"has-post-thumbnail","7":"category-viihde","8":"tag-alexander-stubb","9":"tag-entertainment","10":"tag-fi","11":"tag-finland","12":"tag-finnish","13":"tag-linnan-juhlat","14":"tag-paasiainen","15":"tag-poliitikot","16":"tag-politiikka","17":"tag-suomalaiset-poliitikot","18":"tag-suomen-politiikka","19":"tag-suomi","20":"tag-viihde"},"share_on_mastodon":{"url":"https:\/\/pubeurope.com\/@fi\/115674179372942036","error":""},"_links":{"self":[{"href":"https:\/\/www.europesays.com\/fi\/wp-json\/wp\/v2\/posts\/109483","targetHints":{"allow":["GET"]}}],"collection":[{"href":"https:\/\/www.europesays.com\/fi\/wp-json\/wp\/v2\/posts"}],"about":[{"href":"https:\/\/www.europesays.com\/fi\/wp-json\/wp\/v2\/types\/post"}],"author":[{"embeddable":true,"href":"https:\/\/www.europesays.com\/fi\/wp-json\/wp\/v2\/users\/2"}],"replies":[{"embeddable":true,"href":"https:\/\/www.europesays.com\/fi\/wp-json\/wp\/v2\/comments?post=109483"}],"version-history":[{"count":0,"href":"https:\/\/www.europesays.com\/fi\/wp-json\/wp\/v2\/posts\/109483\/revisions"}],"wp:featuredmedia":[{"embeddable":true,"href":"https:\/\/www.europesays.com\/fi\/wp-json\/wp\/v2\/media\/109484"}],"wp:attachment":[{"href":"https:\/\/www.europesays.com\/fi\/wp-json\/wp\/v2\/media?parent=109483"}],"wp:term":[{"taxonomy":"category","embeddable":true,"href":"https:\/\/www.europesays.com\/fi\/wp-json\/wp\/v2\/categories?post=109483"},{"taxonomy":"post_tag","embeddable":true,"href":"https:\/\/www.europesays.com\/fi\/wp-json\/wp\/v2\/tags?post=109483"}],"curies":[{"name":"wp","href":"https:\/\/api.w.org\/{rel}","templated":true}]}}