{"id":109492,"date":"2025-12-06T19:21:10","date_gmt":"2025-12-06T19:21:10","guid":{"rendered":"https:\/\/www.europesays.com\/fi\/109492\/"},"modified":"2025-12-06T19:21:10","modified_gmt":"2025-12-06T19:21:10","slug":"martti-syrja-saapui-linnan-juhliin-toista-kertaa-yksi-asia-eroa","status":"publish","type":"post","link":"https:\/\/www.europesays.com\/fi\/109492\/","title":{"rendered":"Martti Syrj\u00e4 saapui Linnan juhliin toista kertaa \u2013 yksi asia eroa"},"content":{"rendered":"<p>Eppu Normaali -yhtye saapui koko poppoon voimin Linnan juhliin.<\/p>\n<p class=\"article-body mb-nof-24 px-nof-16\">Ensi vuonna uransa p\u00e4\u00e4tt\u00e4v\u00e4 Eppu Normaali -yhtye saapui Linnan juhliin koko porukalla.<\/p>\n<p class=\"article-body mb-nof-24 px-nof-16\">Yhtyeen laulajana tuttu<a class=\"article-personlink\" href=\"https:\/\/www.is.fi\/haku\/?query=%20Martti%20Syrj%C3%A4\" rel=\"nofollow noopener\" target=\"_blank\"> Martti Syrj\u00e4<\/a> kommentoi IS:lle, ett\u00e4 yhdess\u00e4 juhliin osallistuminen merkitsee paljon. Syrj\u00e4n seurana ovat siis kitaristi <a class=\"article-personlink\" href=\"https:\/\/www.is.fi\/haku\/?query=Mikko%20%E2%80%9DPantse%E2%80%9D%20Syrj%C3%A4\" rel=\"nofollow noopener\" target=\"_blank\">Mikko \u201dPantse\u201d Syrj\u00e4<\/a>, kitaristi <a class=\"article-personlink\" href=\"https:\/\/www.is.fi\/haku\/?query=Juha%20Torvinen\" rel=\"nofollow noopener\" target=\"_blank\">Juha Torvinen<\/a>, rumpali <a class=\"article-personlink\" href=\"https:\/\/www.is.fi\/haku\/?query=Aku%20Syrj%C3%A4\" rel=\"nofollow noopener\" target=\"_blank\">Aku Syrj\u00e4<\/a> sek\u00e4 basisti <a class=\"article-personlink\" href=\"https:\/\/www.is.fi\/haku\/?query=Sami%20Ruusukallio\" rel=\"nofollow noopener\" target=\"_blank\">Sami Ruusukallio<\/a>.<\/p>\n<p class=\"article-body mb-nof-24 px-nof-16\">Aikaisemmin Martti Syrj\u00e4 kertoo olleensa juhlissa vuonna 2004, jolloin h\u00e4n oli b\u00e4ndist\u00e4 ainoa kutsuttu.<\/p>\n<p class=\"article-body mb-nof-24 px-nof-16\">\u2013 Hyvinkin paljon. Ehk\u00e4 nykyinen presidenttimme <a class=\"article-personlink\" href=\"https:\/\/www.is.fi\/haku\/?query=Alexander%20Stubb\" rel=\"nofollow noopener\" target=\"_blank\">Alexander Stubb<\/a> ymm\u00e4rt\u00e4\u00e4, ett\u00e4 b\u00e4ndiin kuuluu muutakin kuin solisti ja sen takia on kutsunut koko b\u00e4ndin, h\u00e4n heitt\u00e4\u00e4.<\/p>\n<p class=\"article-body mb-nof-24 px-nof-16\">Eppu Normaali ilmoitti lopettamisp\u00e4\u00e4t\u00f6ksest\u00e4\u00e4n aiemmin t\u00e4n\u00e4 vuonna. Viimeinen keikka j\u00e4rjestet\u00e4\u00e4n elokuussa 2026.<\/p>\n<p><img decoding=\"async\" src=\"https:\/\/www.europesays.com\/fi\/wp-content\/uploads\/2025\/12\/1765048870_980_468.jpg\" alt=\"Syrj\u00e4 on ollut Linnan juhlissa kerran aikaisemmin.\" class=\"_Img_1rerz_1\" style=\"aspect-ratio:0.6666666666666666\" loading=\"eager\"\/><\/p>\n<p class=\"article-picture-caption\">Syrj\u00e4 on ollut Linnan juhlissa kerran aikaisemmin. Kuva:\u00a0Laura Talvitie \/ Aamulehti<\/p>\n<p class=\"article-body mb-nof-24 px-nof-16\">Syrj\u00e4 kertoo, ett\u00e4 lopettamiseen liittyy monenlaisia tunteita.<\/p>\n<p class=\"article-body mb-nof-24 px-nof-16\">\u2013 Haikealtahan se tuntuu. P\u00e4\u00e4t\u00f6sh\u00e4n ei ollut helppo, sit\u00e4 mietittiin pitk\u00e4\u00e4n. Helpottui vasta, kun se oli saatu suusta ulos.<\/p>\n<p class=\"article-body mb-nof-24 px-nof-16\">\u2013 Tunnelmat tulee olemaan aika uskomattomat, kun tajuaa itse, ett\u00e4 homma loppuu. En uskalla edes ajatella viel\u00e4, h\u00e4n kertoo.<\/p>\n<p class=\"article-body mb-nof-24 px-nof-16\">Toisaalta hommaan liittyy my\u00f6s positiivisia ajatuksia.<\/p>\n<p class=\"article-body mb-nof-24 px-nof-16\">\u2013 Mutta olen my\u00f6s innoissani, p\u00e4\u00e4see viel\u00e4 kerran tekem\u00e4\u00e4n mielihommaan ja esiintym\u00e4\u00e4n maailman parhaan b\u00e4ndin kanssa.<\/p>\n<p class=\"article-body mb-nof-24 px-nof-16\">Tarkkoja suunnitelmia Syrj\u00e4ll\u00e4 ei Eppujen j\u00e4lkeiselle ajalle viel\u00e4 ole. Ideoita on kuitenkin paljon.<\/p>\n<p class=\"article-body mb-nof-24 px-nof-16\">\u2013 Olen py\u00f6ritellyt kaikkea piirt\u00e4misest\u00e4 ja maalaamisesta jazzin laulamiseen ja muistelmien kirjoittamiseen. Kuka tiet\u00e4\u00e4.<\/p>\n","protected":false},"excerpt":{"rendered":"Eppu Normaali -yhtye saapui koko poppoon voimin Linnan juhliin. Ensi vuonna uransa p\u00e4\u00e4tt\u00e4v\u00e4 Eppu Normaali -yhtye saapui Linnan&hellip;\n","protected":false},"author":2,"featured_media":109493,"comment_status":"","ping_status":"","sticky":false,"template":"","format":"standard","meta":{"footnotes":""},"categories":[136],"tags":[407,137,33,31,30,34,408,32,109],"class_list":{"0":"post-109492","1":"post","2":"type-post","3":"status-publish","4":"format-standard","5":"has-post-thumbnail","7":"category-julkkikset","8":"tag-celebrities","9":"tag-entertainment","10":"tag-fi","11":"tag-finland","12":"tag-finnish","13":"tag-ilta-sanomat","14":"tag-julkkikset","15":"tag-suomi","16":"tag-viihde"},"share_on_mastodon":{"url":"https:\/\/pubeurope.com\/@fi\/115674250458969415","error":""},"_links":{"self":[{"href":"https:\/\/www.europesays.com\/fi\/wp-json\/wp\/v2\/posts\/109492","targetHints":{"allow":["GET"]}}],"collection":[{"href":"https:\/\/www.europesays.com\/fi\/wp-json\/wp\/v2\/posts"}],"about":[{"href":"https:\/\/www.europesays.com\/fi\/wp-json\/wp\/v2\/types\/post"}],"author":[{"embeddable":true,"href":"https:\/\/www.europesays.com\/fi\/wp-json\/wp\/v2\/users\/2"}],"replies":[{"embeddable":true,"href":"https:\/\/www.europesays.com\/fi\/wp-json\/wp\/v2\/comments?post=109492"}],"version-history":[{"count":0,"href":"https:\/\/www.europesays.com\/fi\/wp-json\/wp\/v2\/posts\/109492\/revisions"}],"wp:featuredmedia":[{"embeddable":true,"href":"https:\/\/www.europesays.com\/fi\/wp-json\/wp\/v2\/media\/109493"}],"wp:attachment":[{"href":"https:\/\/www.europesays.com\/fi\/wp-json\/wp\/v2\/media?parent=109492"}],"wp:term":[{"taxonomy":"category","embeddable":true,"href":"https:\/\/www.europesays.com\/fi\/wp-json\/wp\/v2\/categories?post=109492"},{"taxonomy":"post_tag","embeddable":true,"href":"https:\/\/www.europesays.com\/fi\/wp-json\/wp\/v2\/tags?post=109492"}],"curies":[{"name":"wp","href":"https:\/\/api.w.org\/{rel}","templated":true}]}}