{"id":109496,"date":"2025-12-06T19:29:09","date_gmt":"2025-12-06T19:29:09","guid":{"rendered":"https:\/\/www.europesays.com\/fi\/109496\/"},"modified":"2025-12-06T19:29:09","modified_gmt":"2025-12-06T19:29:09","slug":"katri-helena-oli-illan-ensimmainen-kattelija-kiva-saada-muistojen-helminauhaan-tallainen-juttu-uutissuomalainen","status":"publish","type":"post","link":"https:\/\/www.europesays.com\/fi\/109496\/","title":{"rendered":"Katri Helena oli illan ensimm\u00e4inen k\u00e4ttelij\u00e4 \u2013 &#8221;Kiva saada muistojen helminauhaan t\u00e4llainen juttu&#8221; | Uutissuomalainen"},"content":{"rendered":"<p>Laulajalegenda Katri Helena asteli punaista mattoa pitkin itsen\u00e4isyysp\u00e4iv\u00e4n juhliin ensimm\u00e4isen\u00e4 k\u00e4ttelem\u00e4\u00e4n presidentti Alexander Stubbia ja Suzanne Innes-Stubbia.<\/p>\n<p>Kumppaninsa Tommi Liimataisen kanssa juhliin saapunut Katri Helena kuvaili tilannetta hienoksi.<\/p>\n<p>&#8211;\u2009Hienoltahan se tuntui. Kun ovet aukesivat, ja n\u00e4in iloiset, valoisat hymyt presidentill\u00e4 ja rouvalla. Sinne oli helppo menn\u00e4 heit\u00e4 kohti, kertoi Katri Helena STT:lle.<\/p>\n<p>K\u00e4ttelyyn ensimm\u00e4isen\u00e4 p\u00e4\u00e4seminen tuli Katri Helenalle yll\u00e4tyksen\u00e4. H\u00e4n kertoo olleensa Linnassa vuosien varrella monesti, mutta t\u00e4m\u00e4 kerta saattaa j\u00e4\u00e4d\u00e4 viimeiseksi.<\/p>\n<p>\u2013\u2009Kiva saada muistojen helminauhaan t\u00e4llainen juttu.<\/p>\n<p>Elokuussa 80 vuotta t\u00e4ytt\u00e4nyt laulaja p\u00e4\u00e4tti uransa syntym\u00e4p\u00e4iv\u00e4ns\u00e4 aattona Olympiastadionilla. Konserttia oli kuulemassa 42\u2009000 ihmist\u00e4. Linnassa Katri Helenalla oli p\u00e4\u00e4ll\u00e4\u00e4n sama kultainen asu kuin j\u00e4\u00e4hyv\u00e4iskonsertissa.<\/p>\n<p>Katri Helena kertoo olevansa tyytyv\u00e4inen p\u00e4\u00e4t\u00f6kseens\u00e4 lopettaa pitk\u00e4 ura. Keikkailun lopettaminen ei ole tehnyt kalenteriin aukkoa.<\/p>\n<p>Koti-ihmiseksi tunnustautuva laulaja kertoo tekev\u00e4ns\u00e4 mielell\u00e4\u00e4n kotona aivan tavallisia asioita, joihin aiemmin ei ollut aikaa.<\/p>\n<p>\u2013\u2009Jos totta puhutaan, niin nyt t\u00e4ytyy korjata niit\u00e4 aiempia laiminly\u00f6ntej\u00e4. T\u00e4n\u00e4 syksyn\u00e4 mieluisinta on ollut nukkua aamulla pitk\u00e4n ja todeta, ett\u00e4 ei ole aikatauluja, Katri Helena naurahti.<\/p>\n<p>Mahdollisesti viimeiseksi j\u00e4\u00e4viin Linnan juhliin Katri Helenalla ei ollut muita odotuksia kuin nauttia ja olla hyv\u00e4ll\u00e4 mielell\u00e4.<\/p>\n<p>\u2013\u2009Teekuppi ja pala kakkua Tommin kanssa. Jos naiset viev\u00e4t Tommin tanssilattialle niin min\u00e4 katselen.<\/p>\n","protected":false},"excerpt":{"rendered":"Laulajalegenda Katri Helena asteli punaista mattoa pitkin itsen\u00e4isyysp\u00e4iv\u00e4n juhliin ensimm\u00e4isen\u00e4 k\u00e4ttelem\u00e4\u00e4n presidentti Alexander Stubbia ja Suzanne Innes-Stubbia. Kumppaninsa&hellip;\n","protected":false},"author":2,"featured_media":109497,"comment_status":"","ping_status":"","sticky":false,"template":"","format":"standard","meta":{"footnotes":""},"categories":[130],"tags":[3406,138,137,33,31,30,14062,47,141,32,484,109],"class_list":{"0":"post-109496","1":"post","2":"type-post","3":"status-publish","4":"format-standard","5":"has-post-thumbnail","7":"category-viihde","8":"tag-alexander-stubb","9":"tag-audio","10":"tag-entertainment","11":"tag-fi","12":"tag-finland","13":"tag-finnish","14":"tag-linnan-juhlat","15":"tag-musiikki","16":"tag-muusikot-bandit","17":"tag-suomi","18":"tag-taiteellinen-ilmaisu-ja-mediat","19":"tag-viihde"},"share_on_mastodon":{"url":"https:\/\/pubeurope.com\/@fi\/115674281701116052","error":""},"_links":{"self":[{"href":"https:\/\/www.europesays.com\/fi\/wp-json\/wp\/v2\/posts\/109496","targetHints":{"allow":["GET"]}}],"collection":[{"href":"https:\/\/www.europesays.com\/fi\/wp-json\/wp\/v2\/posts"}],"about":[{"href":"https:\/\/www.europesays.com\/fi\/wp-json\/wp\/v2\/types\/post"}],"author":[{"embeddable":true,"href":"https:\/\/www.europesays.com\/fi\/wp-json\/wp\/v2\/users\/2"}],"replies":[{"embeddable":true,"href":"https:\/\/www.europesays.com\/fi\/wp-json\/wp\/v2\/comments?post=109496"}],"version-history":[{"count":0,"href":"https:\/\/www.europesays.com\/fi\/wp-json\/wp\/v2\/posts\/109496\/revisions"}],"wp:featuredmedia":[{"embeddable":true,"href":"https:\/\/www.europesays.com\/fi\/wp-json\/wp\/v2\/media\/109497"}],"wp:attachment":[{"href":"https:\/\/www.europesays.com\/fi\/wp-json\/wp\/v2\/media?parent=109496"}],"wp:term":[{"taxonomy":"category","embeddable":true,"href":"https:\/\/www.europesays.com\/fi\/wp-json\/wp\/v2\/categories?post=109496"},{"taxonomy":"post_tag","embeddable":true,"href":"https:\/\/www.europesays.com\/fi\/wp-json\/wp\/v2\/tags?post=109496"}],"curies":[{"name":"wp","href":"https:\/\/api.w.org\/{rel}","templated":true}]}}