{"id":109502,"date":"2025-12-06T19:34:11","date_gmt":"2025-12-06T19:34:11","guid":{"rendered":"https:\/\/www.europesays.com\/fi\/109502\/"},"modified":"2025-12-06T19:34:11","modified_gmt":"2025-12-06T19:34:11","slug":"somessa-seurattu-pariskunta-ilmestyi-yllattaen-linnaan","status":"publish","type":"post","link":"https:\/\/www.europesays.com\/fi\/109502\/","title":{"rendered":"Somessa seurattu pariskunta ilmestyi yll\u00e4tt\u00e4en Linnaan"},"content":{"rendered":"<p>Jaakob Rissanen ja Rita Piironen kertoivat pari p\u00e4iv\u00e4\u00e4 sitten jotain sellaista, mik\u00e4 teki Linnaan saapumisesta ep\u00e4varmaa.<\/p>\n<p><img decoding=\"async\" class=\"image image-show image-preview\" src=\"https:\/\/www.europesays.com\/fi\/wp-content\/uploads\/2025\/12\/52a4ff4dc80bd6e79e0763110759196e25c0188fed0581ad80026990ae702d63.jpg\" alt=\"\"\/><img decoding=\"async\" class=\"image image-show\" src=\"https:\/\/www.europesays.com\/fi\/wp-content\/uploads\/2025\/12\/1765049650_659_52a4ff4dc80bd6e79e0763110759196e25c0188fed0581ad80026990ae702d63.jpg\" alt=\"\"\/><\/p>\n<p>Jaakob Rissanen ja Rita Piironen n\u00e4htiin Linnan juhlien k\u00e4ttelyjonossa. Roosa Br\u00f6ijer<\/p>\n<p><a href=\"https:\/\/www.iltalehti.fi\/kirjoittajat\/Sanna Salo\" rel=\"nofollow noopener\" target=\"_blank\"><img decoding=\"async\" class=\"author-image-img\" alt=\"Tekij\u00e4n kuva\" src=\"https:\/\/www.europesays.com\/fi\/wp-content\/uploads\/2025\/12\/dfbd1e7eb1ebfe6c704ae9a4eb1e57c0362066785609feef76b82fd74ef94f1e.png\"\/><\/a><a href=\"https:\/\/www.iltalehti.fi\/kirjoittajat\/Anne Salminen\" rel=\"nofollow noopener\" target=\"_blank\"><img decoding=\"async\" class=\"author-image-img\" alt=\"Tekij\u00e4n kuva\" src=\"https:\/\/www.europesays.com\/fi\/wp-content\/uploads\/2025\/09\/5785136f6f964120f24f5db3407e2b452c017c3c9ee470d35dd360b6c3468191.png\"\/><\/a><\/p>\n<p>T\u00e4n\u00e4\u00e4n klo 21:00 (p\u00e4ivitetty klo 21:29)<\/p>\n<p class=\"paragraph\">Somessa seurattu pariskunta yll\u00e4tti seuraajansa iloisesti.<\/p>\n<p class=\"paragraph\"><strong>Rita Piironen<\/strong> ja <strong>Jaakob Rissanen<\/strong> p\u00e4\u00e4siv\u00e4t Linnan juhliin. Lasta odottava pariskunta kertoi Instagramissa vain pari p\u00e4iv\u00e4\u00e4 sitten, ett\u00e4 synnytyksen hetki on l\u00e4hell\u00e4.<\/p>\n<p class=\"paragraph\">\u2013 T\u00e4\u00e4ll\u00e4 valmistaudutaan l\u00e4htem\u00e4\u00e4n sairaalaan. J\u00e4nnitt\u00e4\u00e4, kohta ehk\u00e4 saadaan meid\u00e4n tytt\u00f6 syliin, pariskunta <a href=\"https:\/\/www.instagram.com\/p\/DR2AG3vCONv\/\" target=\"_blank\" rel=\"noopener nofollow\">kirjoitti<\/a> julkaisunsa yhteydess\u00e4.<\/p>\n<p class=\"paragraph\">Moni kommentoija toivotti nuorelle parille onnea ja tsemppi\u00e4. Kommenttikent\u00e4ss\u00e4 pohdittiin, p\u00e4\u00e4sev\u00e4tk\u00f6 Piironen ja Rissanen Linnan juhliin.<\/p>\n<p class=\"paragraph\">Vastaus on my\u00f6nt\u00e4v\u00e4. Pariskunta n\u00e4htiin k\u00e4ttelem\u00e4ss\u00e4 tasavallan presidentti <a href=\"https:\/\/www.iltalehti.fi\/henkilot\/Alexander Stubb\" class=\"article-link-person-page\" rel=\"nofollow noopener\" target=\"_blank\">Alexander Stubbia<\/a> ja h\u00e4nen puolisoaan <a href=\"https:\/\/www.iltalehti.fi\/henkilot\/Suzanne Innes-Stubb\" class=\"article-link-person-page\" rel=\"nofollow noopener\" target=\"_blank\">Suzanne Innes-Stubbia<\/a>.<\/p>\n<p class=\"paragraph\">Rissanen ja Piironen jakoivat Instagramissa itsen\u00e4isyysp\u00e4iv\u00e4n\u00e4 my\u00f6s kuvan, jossa he poseeraavat juhla-asuissaan. Jos alla oleva upotus ei n\u00e4y, voit katsoa sen <a href=\"https:\/\/www.instagram.com\/p\/DR7epYFjL_M\/\" target=\"_blank\" rel=\"noopener nofollow\">painamalla t\u00e4st\u00e4<\/a>.<\/p>\n<p class=\"paragraph\">Kuvasta on innostuttu somessa. Pariskunnalle toivotetaan hyv\u00e4\u00e4 itsen\u00e4isyysp\u00e4iv\u00e4\u00e4 ja mukavaa iltaa.<\/p>\n<p class=\"paragraph\">\u2013 Olen niin j\u00e4nnitt\u00e4nyt, n\u00e4kyyk\u00f6 teit\u00e4, kertoo yksi kommentoija.<\/p>\n<p class=\"paragraph\">\u2013 Upea pari. Ihanaa, ett\u00e4 p\u00e4\u00e4sitte paikalle, kirjoittaa toinen.<\/p>\n<p class=\"paragraph\">\u2013 Olipa ilo n\u00e4hd\u00e4 teid\u00e4t k\u00e4ttelyjonossa! Luulin jo, ettette p\u00e4\u00e4se juhliin. Mutta vauva halusi selke\u00e4sti, ett\u00e4 p\u00e4\u00e4sette mukaan, kolmas kommentoi.<\/p>\n<p class=\"paragraph\">Pari <a href=\"https:\/\/www.instagram.com\/p\/DRe7XkqiNqQ\/?img_index=1\" target=\"_blank\" rel=\"noopener nofollow\">kertoi aiemmin<\/a> Instagramissa, ett\u00e4 vauvan laskettu aika oli keskiviikkona 26. marraskuuta.<\/p>\n<p class=\"paragraph\">Pohjois-Karjalassa asuvan parin Youtube-kanavalla on liki 48\u00a0000 seuraajaa. Rissasella on Instagramissa yli 44\u00a0000 ja Piirosella yli 29\u00a0000 seuraajaa.<\/p>\n<p class=\"paragraph\">Muokattu 6. joulukuuta 2025 klo 21.29: Lis\u00e4tty tieto vauvan lasketusta ajasta.<\/p>\n<p><script async src=\"\/\/www.instagram.com\/embed.js\"><\/script><\/p>\n","protected":false},"excerpt":{"rendered":"Jaakob Rissanen ja Rita Piironen kertoivat pari p\u00e4iv\u00e4\u00e4 sitten jotain sellaista, mik\u00e4 teki Linnaan saapumisesta ep\u00e4varmaa. Jaakob Rissanen&hellip;\n","protected":false},"author":2,"featured_media":109503,"comment_status":"","ping_status":"","sticky":false,"template":"","format":"standard","meta":{"footnotes":""},"categories":[12],"tags":[35,22,23,26,27,33,31,30,17,101,3674,99,100,24,25,28,29,15,18,21,98,32,19,20,16],"class_list":{"0":"post-109502","1":"post","2":"type-post","3":"status-publish","4":"format-standard","5":"has-post-thumbnail","7":"category-suomi","8":"tag-24h","9":"tag-breaking-news","10":"tag-breakingnews","11":"tag-featured-news","12":"tag-featurednews","13":"tag-fi","14":"tag-finland","15":"tag-finnish","16":"tag-headlines","17":"tag-ihmissuhteet","18":"tag-juhla-ja-vapaapaivat","19":"tag-lapset","20":"tag-lapset-ja-nuoret","21":"tag-latest-news","22":"tag-latestnews","23":"tag-main-news","24":"tag-mainnews","25":"tag-news","26":"tag-otsikot","27":"tag-paauutiset","28":"tag-perhe","29":"tag-suomi","30":"tag-top-stories","31":"tag-topstories","32":"tag-uutiset"},"share_on_mastodon":{"url":"https:\/\/pubeurope.com\/@fi\/115674301679897408","error":""},"_links":{"self":[{"href":"https:\/\/www.europesays.com\/fi\/wp-json\/wp\/v2\/posts\/109502","targetHints":{"allow":["GET"]}}],"collection":[{"href":"https:\/\/www.europesays.com\/fi\/wp-json\/wp\/v2\/posts"}],"about":[{"href":"https:\/\/www.europesays.com\/fi\/wp-json\/wp\/v2\/types\/post"}],"author":[{"embeddable":true,"href":"https:\/\/www.europesays.com\/fi\/wp-json\/wp\/v2\/users\/2"}],"replies":[{"embeddable":true,"href":"https:\/\/www.europesays.com\/fi\/wp-json\/wp\/v2\/comments?post=109502"}],"version-history":[{"count":0,"href":"https:\/\/www.europesays.com\/fi\/wp-json\/wp\/v2\/posts\/109502\/revisions"}],"wp:featuredmedia":[{"embeddable":true,"href":"https:\/\/www.europesays.com\/fi\/wp-json\/wp\/v2\/media\/109503"}],"wp:attachment":[{"href":"https:\/\/www.europesays.com\/fi\/wp-json\/wp\/v2\/media?parent=109502"}],"wp:term":[{"taxonomy":"category","embeddable":true,"href":"https:\/\/www.europesays.com\/fi\/wp-json\/wp\/v2\/categories?post=109502"},{"taxonomy":"post_tag","embeddable":true,"href":"https:\/\/www.europesays.com\/fi\/wp-json\/wp\/v2\/tags?post=109502"}],"curies":[{"name":"wp","href":"https:\/\/api.w.org\/{rel}","templated":true}]}}