{"id":109506,"date":"2025-12-06T19:47:11","date_gmt":"2025-12-06T19:47:11","guid":{"rendered":"https:\/\/www.europesays.com\/fi\/109506\/"},"modified":"2025-12-06T19:47:11","modified_gmt":"2025-12-06T19:47:11","slug":"se-on-vain-tana-iltana","status":"publish","type":"post","link":"https:\/\/www.europesays.com\/fi\/109506\/","title":{"rendered":"\u201dSe on vain t\u00e4n\u00e4 iltana\u201d"},"content":{"rendered":"<p class=\"article-ingress--medium\">Katri Helena ja Tommi Liimatainen kertovat Aamulehden haastattelussa olevansa tyytyv\u00e4isi\u00e4 el\u00e4m\u00e4\u00e4n viime kes\u00e4n j\u00e4\u00e4hyv\u00e4iskonsertin j\u00e4lkeen, kun nyt on my\u00f6s aikaa muille asioille. Onko yksi n\u00e4ist\u00e4 asioista avioliitto? N\u00e4in voisi arvuutella Helenan vasemman nimett\u00f6m\u00e4ss\u00e4 kimaltelevan sormuksen perusteella.<\/p>\n<p><img decoding=\"async\" src=\"https:\/\/www.europesays.com\/fi\/wp-content\/uploads\/2025\/12\/1765039512_629_468.jpg\" alt=\"Tarkkan\u00e4k\u00f6iset Linnan juhlien katselijat bongasivat n\u00e4ytt\u00e4v\u00e4n sormuksen Katri Helenan vasemmassa nimett\u00f6m\u00e4ss\u00e4. \" class=\"_Img_1rerz_1\" style=\"aspect-ratio:0.6666666666666666\" loading=\"eager\"\/><\/p>\n<p class=\"article-picture-caption\">Tarkkan\u00e4k\u00f6iset Linnan juhlien katselijat bongasivat n\u00e4ytt\u00e4v\u00e4n sormuksen Katri Helenan vasemmassa nimett\u00f6m\u00e4ss\u00e4.  Kuva:\u00a0Jussi Nukari<\/p>\n<p><a href=\"https:\/\/www.aamulehti.fi\/haku\/?query=Aliisa+Salminen\" rel=\"nofollow noopener\" target=\"_blank\"><\/p>\n<p>Aliisa Salminen<\/p>\n<p><\/a><\/p>\n<p>21:41<\/p>\n<p class=\"article-body mb-nof-24 px-nof-16\">Aamulehti<\/p>\n<p class=\"article-body mb-nof-24 px-nof-16\">Iskelm\u00e4legenda ja viime kes\u00e4n\u00e4 uransa p\u00e4\u00e4tt\u00e4nyt <a class=\"article-personlink\" href=\"https:\/\/www.aamulehti.fi\/haku\/?query=Katri%20Helena\" rel=\"nofollow noopener\" target=\"_blank\">Katri Helena<\/a> oli t\u00e4n\u00e4 vuonna Linnan juhlien ensimm\u00e4inen k\u00e4ttelij\u00e4. Mutta mik\u00e4 tarkalleen ottaen kimalteli h\u00e4nen toisessa k\u00e4dess\u00e4\u00e4n ja vasemman k\u00e4den nimett\u00f6m\u00e4ss\u00e4? Onko pitk\u00e4aikainen puoliso <a class=\"article-personlink\" href=\"https:\/\/www.aamulehti.fi\/haku\/?query=Tommi%20Liimatainen\" rel=\"nofollow noopener\" target=\"_blank\">Tommi Liimatainen<\/a> laskeutunut yhden polven varaan ja kosinut, tai onko pariskunta jopa mennyt salaa naimisiin?<\/p>\n<p>KommentoiIlmoita asiavirheest\u00e4KommentoiIlmoita asiavirheest\u00e4<\/p>\n","protected":false},"excerpt":{"rendered":"Katri Helena ja Tommi Liimatainen kertovat Aamulehden haastattelussa olevansa tyytyv\u00e4isi\u00e4 el\u00e4m\u00e4\u00e4n viime kes\u00e4n j\u00e4\u00e4hyv\u00e4iskonsertin j\u00e4lkeen, kun nyt on&hellip;\n","protected":false},"author":2,"featured_media":109507,"comment_status":"","ping_status":"","sticky":false,"template":"","format":"standard","meta":{"footnotes":""},"categories":[136],"tags":[157,407,137,33,31,30,408,32,109],"class_list":{"0":"post-109506","1":"post","2":"type-post","3":"status-publish","4":"format-standard","5":"has-post-thumbnail","7":"category-julkkikset","8":"tag-aamulehti","9":"tag-celebrities","10":"tag-entertainment","11":"tag-fi","12":"tag-finland","13":"tag-finnish","14":"tag-julkkikset","15":"tag-suomi","16":"tag-viihde"},"share_on_mastodon":{"url":"https:\/\/pubeurope.com\/@fi\/115674352657215094","error":""},"_links":{"self":[{"href":"https:\/\/www.europesays.com\/fi\/wp-json\/wp\/v2\/posts\/109506","targetHints":{"allow":["GET"]}}],"collection":[{"href":"https:\/\/www.europesays.com\/fi\/wp-json\/wp\/v2\/posts"}],"about":[{"href":"https:\/\/www.europesays.com\/fi\/wp-json\/wp\/v2\/types\/post"}],"author":[{"embeddable":true,"href":"https:\/\/www.europesays.com\/fi\/wp-json\/wp\/v2\/users\/2"}],"replies":[{"embeddable":true,"href":"https:\/\/www.europesays.com\/fi\/wp-json\/wp\/v2\/comments?post=109506"}],"version-history":[{"count":0,"href":"https:\/\/www.europesays.com\/fi\/wp-json\/wp\/v2\/posts\/109506\/revisions"}],"wp:featuredmedia":[{"embeddable":true,"href":"https:\/\/www.europesays.com\/fi\/wp-json\/wp\/v2\/media\/109507"}],"wp:attachment":[{"href":"https:\/\/www.europesays.com\/fi\/wp-json\/wp\/v2\/media?parent=109506"}],"wp:term":[{"taxonomy":"category","embeddable":true,"href":"https:\/\/www.europesays.com\/fi\/wp-json\/wp\/v2\/categories?post=109506"},{"taxonomy":"post_tag","embeddable":true,"href":"https:\/\/www.europesays.com\/fi\/wp-json\/wp\/v2\/tags?post=109506"}],"curies":[{"name":"wp","href":"https:\/\/api.w.org\/{rel}","templated":true}]}}