{"id":109510,"date":"2025-12-06T19:54:11","date_gmt":"2025-12-06T19:54:11","guid":{"rendered":"https:\/\/www.europesays.com\/fi\/109510\/"},"modified":"2025-12-06T19:54:11","modified_gmt":"2025-12-06T19:54:11","slug":"minja-koskelan-laukku-kiinnitti-huomion-linnan-juhlissa","status":"publish","type":"post","link":"https:\/\/www.europesays.com\/fi\/109510\/","title":{"rendered":"Minja Koskelan laukku kiinnitti huomion Linnan juhlissa"},"content":{"rendered":"<p><strong class=\"typography-bold\">Vasemmistoliiton puheenjohtaja Minja Koskelan laukku Linnan juhlissa liittyy suosittuun urheilulajiin.<\/strong><\/p>\n<p>Vasemmistoliiton puheenjohtaja\u00a0<a class=\"underline\" data-testid=\"internal-link\" role=\"link\" data-sentry-element=\"Link\" data-sentry-component=\"InternalLink\" data-sentry-source-file=\"InternalLink.tsx\" href=\"https:\/\/www.mtvuutiset.fi\/aihe\/minja-koskela\/8991326\" rel=\"nofollow noopener\" target=\"_blank\"><strong class=\"typography-bold\"> Minja Koskelalla <\/strong><\/a>n\u00e4hd\u00e4\u00e4n <a class=\"underline\" data-testid=\"internal-link\" role=\"link\" data-sentry-element=\"Link\" data-sentry-component=\"InternalLink\" data-sentry-source-file=\"InternalLink.tsx\" href=\"https:\/\/www.mtvuutiset.fi\/aihe\/linnan-juhlat\/2839424\" rel=\"nofollow noopener\" target=\"_blank\">Linnan juhlissa<\/a> jalkapallon muotoinen laukku. H\u00e4n on jakanut asusteestaan kuvan <a class=\"underline\" data-testid=\"external-link\" href=\"https:\/\/www.instagram.com\/p\/DR7UbmgjAr_\/?hl=fi \" rel=\"noopener noreferrer nofollow\" data-sentry-component=\"ExternalLink\" data-sentry-source-file=\"ExternalLink.tsx\" target=\"_blank\">Instagramissa<\/a> jo ennen Linnan juhlia.\u00a0<\/p>\n<p>\u00a0<\/p>\n<p>Jos julkaisu ei n\u00e4y, voit katsoa sen<a class=\"underline\" data-testid=\"external-link\" href=\"https:\/\/www.instagram.com\/p\/DR7UbmgjAr_\/?hl=fi \" rel=\"noopener noreferrer nofollow\" data-sentry-component=\"ExternalLink\" data-sentry-source-file=\"ExternalLink.tsx\" target=\"_blank\"> t\u00e4st\u00e4<\/a>.<\/p>\n<p>Kuvassa h\u00e4n on puolisonsa ex-jalkapalloilija ja kansanedustaja (vas.) <strong class=\"typography-bold\">Timo Furuholmin<\/strong> kanssa.\u00a0<\/p>\n<p><script async src=\"\/\/www.instagram.com\/embed.js\"><\/script><\/p>\n","protected":false},"excerpt":{"rendered":"Vasemmistoliiton puheenjohtaja Minja Koskelan laukku Linnan juhlissa liittyy suosittuun urheilulajiin. Vasemmistoliiton puheenjohtaja\u00a0 Minja Koskelalla n\u00e4hd\u00e4\u00e4n Linnan juhlissa jalkapallon&hellip;\n","protected":false},"author":2,"featured_media":109511,"comment_status":"","ping_status":"","sticky":false,"template":"","format":"standard","meta":{"footnotes":""},"categories":[158],"tags":[33,31,30,159,32,160],"class_list":{"0":"post-109510","1":"post","2":"type-post","3":"status-publish","4":"format-standard","5":"has-post-thumbnail","7":"category-urheilu","8":"tag-fi","9":"tag-finland","10":"tag-finnish","11":"tag-sports","12":"tag-suomi","13":"tag-urheilu"},"share_on_mastodon":{"url":"https:\/\/pubeurope.com\/@fi\/115674380091788958","error":""},"_links":{"self":[{"href":"https:\/\/www.europesays.com\/fi\/wp-json\/wp\/v2\/posts\/109510","targetHints":{"allow":["GET"]}}],"collection":[{"href":"https:\/\/www.europesays.com\/fi\/wp-json\/wp\/v2\/posts"}],"about":[{"href":"https:\/\/www.europesays.com\/fi\/wp-json\/wp\/v2\/types\/post"}],"author":[{"embeddable":true,"href":"https:\/\/www.europesays.com\/fi\/wp-json\/wp\/v2\/users\/2"}],"replies":[{"embeddable":true,"href":"https:\/\/www.europesays.com\/fi\/wp-json\/wp\/v2\/comments?post=109510"}],"version-history":[{"count":0,"href":"https:\/\/www.europesays.com\/fi\/wp-json\/wp\/v2\/posts\/109510\/revisions"}],"wp:featuredmedia":[{"embeddable":true,"href":"https:\/\/www.europesays.com\/fi\/wp-json\/wp\/v2\/media\/109511"}],"wp:attachment":[{"href":"https:\/\/www.europesays.com\/fi\/wp-json\/wp\/v2\/media?parent=109510"}],"wp:term":[{"taxonomy":"category","embeddable":true,"href":"https:\/\/www.europesays.com\/fi\/wp-json\/wp\/v2\/categories?post=109510"},{"taxonomy":"post_tag","embeddable":true,"href":"https:\/\/www.europesays.com\/fi\/wp-json\/wp\/v2\/tags?post=109510"}],"curies":[{"name":"wp","href":"https:\/\/api.w.org\/{rel}","templated":true}]}}