{"id":109521,"date":"2025-12-06T20:01:08","date_gmt":"2025-12-06T20:01:08","guid":{"rendered":"https:\/\/www.europesays.com\/fi\/109521\/"},"modified":"2025-12-06T20:01:08","modified_gmt":"2025-12-06T20:01:08","slug":"silminnakija-sttlle-naamioitunut-joukkio-tyonsi-ulkomaalaisen-naisen-katuun-toolontorilla-poliisi-ei-puuttunut-uutissuomalainen","status":"publish","type":"post","link":"https:\/\/www.europesays.com\/fi\/109521\/","title":{"rendered":"Silminn\u00e4kij\u00e4 STT:lle: Naamioitunut joukkio ty\u00f6nsi ulkomaalaisen naisen katuun T\u00f6\u00f6l\u00f6ntorilla, poliisi ei puuttunut | Uutissuomalainen"},"content":{"rendered":"<p>Silminn\u00e4kij\u00e4 kertoo STT:lle todistaneensa, kuinka naamioitunut joukkio t\u00f6n\u00e4isi ulkomaalaisen naisen katuun T\u00f6\u00f6l\u00f6ntorin kulmalla.<\/p>\n<p>Silminn\u00e4kij\u00e4 kertoi tilanteesta paikalla olleille poliiseille, mutta h\u00e4nen mukaansa n\u00e4m\u00e4 eiv\u00e4t puuttuneet asiaan, vaan ohjeistivat soittamaan h\u00e4t\u00e4keskukseen.<\/p>\n<p>Helsingin poliisin viestinn\u00e4st\u00e4 vahvistetaan silminn\u00e4kij\u00e4n kuvailema h\u00e4t\u00e4puhelu. Puuttumattomuus ei viestinn\u00e4n mukaan ole normaalia toimintaa.<\/p>\n<p>T\u00f6\u00f6l\u00f6ntorilla kokoontui \u00e4\u00e4rioikeistoa kokoava 612-soihtukulkue. Siihen osallistui naamioituneita nuoria miehi\u00e4, joilla oli \u00e4\u00e4rioikeistolaisen kamppailukerho Active Clubin tunnuksia.<\/p>\n<p>STT:n tiedossa ei ole, liittyv\u00e4tk\u00f6 t\u00f6n\u00e4isij\u00e4t Active Clubiin vai eiv\u00e4t.<\/p>\n","protected":false},"excerpt":{"rendered":"Silminn\u00e4kij\u00e4 kertoo STT:lle todistaneensa, kuinka naamioitunut joukkio t\u00f6n\u00e4isi ulkomaalaisen naisen katuun T\u00f6\u00f6l\u00f6ntorin kulmalla. Silminn\u00e4kij\u00e4 kertoi tilanteesta paikalla olleille&hellip;\n","protected":false},"author":2,"featured_media":109522,"comment_status":"","ping_status":"","sticky":false,"template":"","format":"standard","meta":{"footnotes":""},"categories":[5],"tags":[22,23,26,27,33,31,30,17,104,55,24,25,28,29,15,18,21,122,54,52,637,32,6695,19,20,16],"class_list":{"0":"post-109521","1":"post","2":"type-post","3":"status-publish","4":"format-standard","5":"has-post-thumbnail","7":"category-otsikot","8":"tag-breaking-news","9":"tag-breakingnews","10":"tag-featured-news","11":"tag-featurednews","12":"tag-fi","13":"tag-finland","14":"tag-finnish","15":"tag-headlines","16":"tag-helsinki","17":"tag-lainvalvonta","18":"tag-latest-news","19":"tag-latestnews","20":"tag-main-news","21":"tag-mainnews","22":"tag-news","23":"tag-otsikot","24":"tag-paauutiset","25":"tag-pelastaminen","26":"tag-pelastuspalvelut","27":"tag-poliisi","28":"tag-politiikka","29":"tag-suomi","30":"tag-toolo","31":"tag-top-stories","32":"tag-topstories","33":"tag-uutiset"},"share_on_mastodon":{"url":"https:\/\/pubeurope.com\/@fi\/115674407435060142","error":""},"_links":{"self":[{"href":"https:\/\/www.europesays.com\/fi\/wp-json\/wp\/v2\/posts\/109521","targetHints":{"allow":["GET"]}}],"collection":[{"href":"https:\/\/www.europesays.com\/fi\/wp-json\/wp\/v2\/posts"}],"about":[{"href":"https:\/\/www.europesays.com\/fi\/wp-json\/wp\/v2\/types\/post"}],"author":[{"embeddable":true,"href":"https:\/\/www.europesays.com\/fi\/wp-json\/wp\/v2\/users\/2"}],"replies":[{"embeddable":true,"href":"https:\/\/www.europesays.com\/fi\/wp-json\/wp\/v2\/comments?post=109521"}],"version-history":[{"count":0,"href":"https:\/\/www.europesays.com\/fi\/wp-json\/wp\/v2\/posts\/109521\/revisions"}],"wp:featuredmedia":[{"embeddable":true,"href":"https:\/\/www.europesays.com\/fi\/wp-json\/wp\/v2\/media\/109522"}],"wp:attachment":[{"href":"https:\/\/www.europesays.com\/fi\/wp-json\/wp\/v2\/media?parent=109521"}],"wp:term":[{"taxonomy":"category","embeddable":true,"href":"https:\/\/www.europesays.com\/fi\/wp-json\/wp\/v2\/categories?post=109521"},{"taxonomy":"post_tag","embeddable":true,"href":"https:\/\/www.europesays.com\/fi\/wp-json\/wp\/v2\/tags?post=109521"}],"curies":[{"name":"wp","href":"https:\/\/api.w.org\/{rel}","templated":true}]}}