{"id":109542,"date":"2025-12-06T20:40:08","date_gmt":"2025-12-06T20:40:08","guid":{"rendered":"https:\/\/www.europesays.com\/fi\/109542\/"},"modified":"2025-12-06T20:40:08","modified_gmt":"2025-12-06T20:40:08","slug":"maailman-korkein-rakennus-komeili-sinivalkoisena-uutissuomalainen","status":"publish","type":"post","link":"https:\/\/www.europesays.com\/fi\/109542\/","title":{"rendered":"Maailman korkein rakennus komeili sinivalkoisena | Uutissuomalainen"},"content":{"rendered":"<p>Maailman korkein rakennus, noin 830-metrinen Yhdistyneiss\u00e4 arabiemiraateissa sijaitseva Burj Khalifa valaistiin Suomen lipun v\u00e4reill\u00e4 itsen\u00e4isyysp\u00e4iv\u00e4mme kunniaksi lauantaina.<\/p>\n<p>Kuvan Dubaissa komeilevasta tornista on jakanut <a href=\"https:\/\/x.com\/TuulaYFIN\/status\/1997364444087902668\" rel=\"nofollow\">sosiaalisessa mediassa<\/a> Suomen Yhdistyneiden arabiemiraattien suurl\u00e4hettil\u00e4s <strong>Tuula Yrj\u00f6l\u00e4<\/strong>.<\/p>\n<p>Kuvassa rakennuksen sivustaan on heijastettu sinivalkoinen risti.<\/p>\n<p>Pilvenpiirt\u00e4j\u00e4n rakennusty\u00f6t alkoivat vuonna 2004. Burj Khalifa avattiin yleis\u00f6lle tammikuussa 2010.<\/p>\n","protected":false},"excerpt":{"rendered":"Maailman korkein rakennus, noin 830-metrinen Yhdistyneiss\u00e4 arabiemiraateissa sijaitseva Burj Khalifa valaistiin Suomen lipun v\u00e4reill\u00e4 itsen\u00e4isyysp\u00e4iv\u00e4mme kunniaksi lauantaina. Kuvan&hellip;\n","protected":false},"author":2,"featured_media":109543,"comment_status":"","ping_status":"","sticky":false,"template":"","format":"standard","meta":{"footnotes":""},"categories":[135],"tags":[389,387,388,390,137,33,31,30,148,32,394,393,391,392,487,109],"class_list":{"0":"post-109542","1":"post","2":"type-post","3":"status-publish","4":"format-standard","5":"has-post-thumbnail","7":"category-taiteet-ja-suunnittelu","8":"tag-arts","9":"tag-arts-and-design","10":"tag-artsanddesign","11":"tag-design","12":"tag-entertainment","13":"tag-fi","14":"tag-finland","15":"tag-finnish","16":"tag-internet","17":"tag-suomi","18":"tag-suunnittelu","19":"tag-taiteet","20":"tag-taiteet-ja-suunnittelu","21":"tag-taiteetsuunnittelu","22":"tag-teknologia-yleista","23":"tag-viihde"},"share_on_mastodon":{"url":"https:\/\/pubeurope.com\/@fi\/115674560831482833","error":""},"_links":{"self":[{"href":"https:\/\/www.europesays.com\/fi\/wp-json\/wp\/v2\/posts\/109542","targetHints":{"allow":["GET"]}}],"collection":[{"href":"https:\/\/www.europesays.com\/fi\/wp-json\/wp\/v2\/posts"}],"about":[{"href":"https:\/\/www.europesays.com\/fi\/wp-json\/wp\/v2\/types\/post"}],"author":[{"embeddable":true,"href":"https:\/\/www.europesays.com\/fi\/wp-json\/wp\/v2\/users\/2"}],"replies":[{"embeddable":true,"href":"https:\/\/www.europesays.com\/fi\/wp-json\/wp\/v2\/comments?post=109542"}],"version-history":[{"count":0,"href":"https:\/\/www.europesays.com\/fi\/wp-json\/wp\/v2\/posts\/109542\/revisions"}],"wp:featuredmedia":[{"embeddable":true,"href":"https:\/\/www.europesays.com\/fi\/wp-json\/wp\/v2\/media\/109543"}],"wp:attachment":[{"href":"https:\/\/www.europesays.com\/fi\/wp-json\/wp\/v2\/media?parent=109542"}],"wp:term":[{"taxonomy":"category","embeddable":true,"href":"https:\/\/www.europesays.com\/fi\/wp-json\/wp\/v2\/categories?post=109542"},{"taxonomy":"post_tag","embeddable":true,"href":"https:\/\/www.europesays.com\/fi\/wp-json\/wp\/v2\/tags?post=109542"}],"curies":[{"name":"wp","href":"https:\/\/api.w.org\/{rel}","templated":true}]}}