{"id":109562,"date":"2025-12-06T21:06:11","date_gmt":"2025-12-06T21:06:11","guid":{"rendered":"https:\/\/www.europesays.com\/fi\/109562\/"},"modified":"2025-12-06T21:06:11","modified_gmt":"2025-12-06T21:06:11","slug":"arkkitehtuurimaailman-supertahti-frank-gehry-on-kuollut-uutisia-lyhyesti","status":"publish","type":"post","link":"https:\/\/www.europesays.com\/fi\/109562\/","title":{"rendered":"Arkkitehtuurimaailman supert\u00e4hti Frank Gehry on kuollut | Uutisia lyhyesti"},"content":{"rendered":"<p class=\"aw-1gybjub aw-5vja16 kEtdKx kmuxyA yle__article__paragraph\">Gehrya pidet\u00e4\u00e4n yhten\u00e4 aikamme merkitt\u00e4vimmist\u00e4 arkkitehdeista, jonka k\u00e4denj\u00e4lki n\u00e4kyy kaupunkikuvissa eri puolilla maailmaa.<\/p>\n<p><img decoding=\"async\" alt=\"Arkkitehti Frank Gehry on kuollut 96-vuotiaana.\" src=\"https:\/\/www.europesays.com\/fi\/wp-content\/uploads\/2025\/12\/1765055170_991_39-1565233693346de1b684.jpeg\" class=\"aw-1l9m598 hKVVvP\"\/><\/p>\n<p>Avaa kuvien katselu<\/p>\n<p>Arkkitehti Frank Gehry on kuollut 96-vuotiaana. Kuva: Ander Gillenea\/ AFP <\/p>\n<p class=\"aw-1gybjub aw-1p7kakr kEtdKx cEmitX yle__article__paragraph\">Maailmankuulu kanadalaissyntyinen yhdysvaltalaisarkkitehti <strong class=\"aw-ak79eh KyCXm yle__article__strong\">Frank Gehry<\/strong> on kuollut 96-vuotiaana. Gehry menehtyi perjantaiaamuna kotonaan Kalifornian Santa Monicassa, h\u00e4nen edustajansa vahvistaa.<\/p>\n<p class=\"aw-1gybjub aw-1p7kakr kEtdKx cEmitX yle__article__paragraph\">Gehry tunnettiin erityisesti rohkeista ja leikkisist\u00e4 rakennuksistaan, muun muassa Espanjan Bilbaon Guggenheim-museosta sek\u00e4 Los Angelesin Walt Disney -konserttitalosta.<\/p>\n<p><img decoding=\"async\" alt=\"Bilbaon Guggenheim-museo.\" src=\"https:\/\/www.europesays.com\/fi\/wp-content\/uploads\/2025\/12\/17-4673556bc72735ed24.jpeg\" loading=\"lazy\" class=\"aw-1l9m598 hKVVvP\"\/><\/p>\n<p>Avaa kuvien katselu<\/p>\n<p>Gehryn suunnittelema Bilbaon Guggenheim-museo. Kuva: Andrea Ciambra<\/p>\n<p class=\"aw-1gybjub aw-1p7kakr kEtdKx cEmitX yle__article__paragraph\">H\u00e4nt\u00e4 pidet\u00e4\u00e4n yhten\u00e4 aikamme merkitt\u00e4vimmist\u00e4 arkkitehdeista, jonka k\u00e4denj\u00e4lki n\u00e4kyy kaupunkikuvissa eri puolilla maailmaa. Gehry palkittiin urallaan lukuisilla kansainv\u00e4lisill\u00e4 tunnustuksilla, muun muassa arvostetulla Pritzker-palkinnolla.<\/p>\n<p class=\"aw-1gybjub aw-1p7kakr kEtdKx cEmitX yle__article__paragraph\">H\u00e4n teki nykyarkkitehtuurista suositumpaa ja nousi ilmi\u00f6ksi siin\u00e4 m\u00e4\u00e4rin, ett\u00e4 h\u00e4n esiintyi jopa Simpsonit-sarjassa. Gehry itse korosti olevansa vain yksinkertainen rakennusten suunnittelija.<\/p>\n<p><img decoding=\"async\" alt=\"Frank Gehryn ja  Vlado Miluni\u0107in suunnittelema Tanssiva talo Prahassa.\" src=\"https:\/\/www.europesays.com\/fi\/wp-content\/uploads\/2025\/12\/39-15652436933658b35ffb.jpeg\" loading=\"lazy\" class=\"aw-1l9m598 hKVVvP\"\/><\/p>\n<p>Avaa kuvien katselu<\/p>\n<p>Frank Gehryn ja Vlado Miluni\u0107in suunnittelema Tanssiva talo Prahassa. Kuva: Oscar Gonzalez\/NurPhoto\/Shutterstock\/All Over Press<\/p>\n<p class=\"aw-1gybjub aw-1p7kakr kEtdKx cEmitX yle__article__paragraph\">L\u00e4hteet: AFP, Reuters<\/p>\n","protected":false},"excerpt":{"rendered":"Gehrya pidet\u00e4\u00e4n yhten\u00e4 aikamme merkitt\u00e4vimmist\u00e4 arkkitehdeista, jonka k\u00e4denj\u00e4lki n\u00e4kyy kaupunkikuvissa eri puolilla maailmaa. Avaa kuvien katselu Arkkitehti Frank&hellip;\n","protected":false},"author":2,"featured_media":108837,"comment_status":"","ping_status":"","sticky":false,"template":"","format":"standard","meta":{"footnotes":""},"categories":[135],"tags":[389,387,388,390,137,33,31,30,20449,108,32,394,393,391,392,109],"class_list":{"0":"post-109562","1":"post","2":"type-post","3":"status-publish","4":"format-standard","5":"has-post-thumbnail","7":"category-taiteet-ja-suunnittelu","8":"tag-arts","9":"tag-arts-and-design","10":"tag-artsanddesign","11":"tag-design","12":"tag-entertainment","13":"tag-fi","14":"tag-finland","15":"tag-finnish","16":"tag-frank-gehry","17":"tag-kulttuuri","18":"tag-suomi","19":"tag-suunnittelu","20":"tag-taiteet","21":"tag-taiteet-ja-suunnittelu","22":"tag-taiteetsuunnittelu","23":"tag-viihde"},"share_on_mastodon":{"url":"https:\/\/pubeurope.com\/@fi\/115674663149100627","error":""},"_links":{"self":[{"href":"https:\/\/www.europesays.com\/fi\/wp-json\/wp\/v2\/posts\/109562","targetHints":{"allow":["GET"]}}],"collection":[{"href":"https:\/\/www.europesays.com\/fi\/wp-json\/wp\/v2\/posts"}],"about":[{"href":"https:\/\/www.europesays.com\/fi\/wp-json\/wp\/v2\/types\/post"}],"author":[{"embeddable":true,"href":"https:\/\/www.europesays.com\/fi\/wp-json\/wp\/v2\/users\/2"}],"replies":[{"embeddable":true,"href":"https:\/\/www.europesays.com\/fi\/wp-json\/wp\/v2\/comments?post=109562"}],"version-history":[{"count":0,"href":"https:\/\/www.europesays.com\/fi\/wp-json\/wp\/v2\/posts\/109562\/revisions"}],"wp:featuredmedia":[{"embeddable":true,"href":"https:\/\/www.europesays.com\/fi\/wp-json\/wp\/v2\/media\/108837"}],"wp:attachment":[{"href":"https:\/\/www.europesays.com\/fi\/wp-json\/wp\/v2\/media?parent=109562"}],"wp:term":[{"taxonomy":"category","embeddable":true,"href":"https:\/\/www.europesays.com\/fi\/wp-json\/wp\/v2\/categories?post=109562"},{"taxonomy":"post_tag","embeddable":true,"href":"https:\/\/www.europesays.com\/fi\/wp-json\/wp\/v2\/tags?post=109562"}],"curies":[{"name":"wp","href":"https:\/\/api.w.org\/{rel}","templated":true}]}}