{"id":109567,"date":"2025-12-06T21:13:10","date_gmt":"2025-12-06T21:13:10","guid":{"rendered":"https:\/\/www.europesays.com\/fi\/109567\/"},"modified":"2025-12-06T21:13:10","modified_gmt":"2025-12-06T21:13:10","slug":"elli-haloo-ja-janne-rakas-presidentinlinnassa-katso-kuvat-raskausvatsasta","status":"publish","type":"post","link":"https:\/\/www.europesays.com\/fi\/109567\/","title":{"rendered":"Elli Haloo ja Janne-rakas Presidentinlinnassa &#8211; Katso kuvat raskausvatsasta!"},"content":{"rendered":"<p>            Matti Matikainen\n        <\/p>\n<p class=\"subtitle \">Haloo Helsingin solisti toi lapsensa is\u00e4n julkisuuteen.<\/p>\n<p class=\"article-content article-content-width !bg-background\">Haloo Helsinki! -yhtyeen keulakuva\u00a0tiedotti elokuussa olevansa raskaana. Yksityisel\u00e4m\u00e4st\u00e4\u00e4n tarkka Elli asteli itsen\u00e4isyysp\u00e4iv\u00e4n juhlavastaanotolle Presidentinlinnaan yhdess\u00e4 puolisonsa kanssa.<\/p>\n<p class=\"font-weight-bold m-font-weight-bold article-content article-content-width !bg-background\">Arkistovideo: Presidentti vitsaili Linnan juhlissa<\/p>\n<p class=\"article-content article-content-width !bg-background\">Ellin puoliso\u00a0on pysynyt erill\u00e4\u00e4n Ellin musiikkikuvioista, mutta Linnan juhlissa pariskunta k\u00e4veli tervehtim\u00e4\u00e4n presidenttipari\u00a0ja\u00a0yhdess\u00e4.<\/p>\n<p class=\"article-content article-content-width !bg-background\">Janne saapui Presidentinlinnaan siistiin pukuun pukeutuneena, ja antoi kumppaninsa loistaa asullaan.<\/p>\n<p>        <a itemprop=\"url\" href=\"https:\/\/www.seiska.fi\/kotimaa\/elli-haloolta-jattiuutinen\/1910387\" rel=\"nofollow noopener\" target=\"_blank\"><\/p>\n<p>\nElli Haloo\n<\/p>\n<p class=\"section-date\">\n        <strong class=\"article-section\" data-section=\"kotimaa\"><br \/>\n            kotimaa<br \/>\n        <\/strong><br \/>\n        26.8. 10:09\n    <\/p>\n<p>Elli Haloolta j\u00e4ttiuutinen!\n    <\/p>\n<p itemprop=\"description\" class=\"subtitle \">\n    Laulaja odottaa lasta.\n<\/p>\n<p>        <\/a><\/p>\n<p>                <img decoding=\"async\" src=\"https:\/\/www.europesays.com\/fi\/wp-content\/uploads\/2025\/12\/2013982.webp\" width=\"576\" height=\"322\" alt=\"Elli saapui iloisena Linnan juhliin.\" loading=\"lazy\" \/>            <\/p>\n<p>\n            Elli saapui iloisena Linnan juhliin.<br \/>\n            Timo Korhonen\n        <\/p>\n<p class=\"article-content article-content-width !bg-background\">Ellin raskausajan iltapuku oli liehuvaa sorttia; valkoinen, silkkisen\u00e4 hehkuva mekko sek\u00e4 n\u00e4ytt\u00e4vill\u00e4 yksityiskohdilla koristeltu viitta. Mustavalkoinen tyyli on toistunut my\u00f6s Haloo Helsingin keikka-asuissa.<\/p>\n<p class=\"article-content article-content-width !bg-background\">Ellin viittaa somistava kuviointi toistuu my\u00f6s h\u00e4nen kampauksessaan, ja musta laukkukin toistaa py\u00f6re\u00e4\u00e4 kuviota.<\/p>\n<p>                <img decoding=\"async\" src=\"https:\/\/www.europesays.com\/fi\/wp-content\/uploads\/2025\/12\/2013980.webp\" width=\"576\" height=\"720\" alt=\"Elli on kertonut lasketun ajan olevan loppuvuodesta.\" loading=\"lazy\" \/>            <\/p>\n<p>\n            Elli on kertonut lasketun ajan olevan loppuvuodesta.<br \/>\n            Timo Korhonen \/ AOP\n        <\/p>\n<p>Rakkautta ja vauvaonnea<\/p>\n<p class=\"article-content article-content-width !bg-background\">Janne ja Elli ovat pit\u00e4neet yht\u00e4 Hymy-lehden mukaan jo parin vuoden ajan.<\/p>\n<p class=\"article-content article-content-width !bg-background\">Ennen t\u00e4t\u00e4 Elli oli parisuhteessa JVG:n\u00a0kanssa. Parin suhde p\u00e4\u00e4ttyi vuonna 2013.<\/p>\n<p class=\"article-content article-content-width !bg-background\">Elli tiedotti raskaudestaan Instagram-julkaisussa, jossa piti b\u00e4ndins\u00e4 logolla koristettua bodya k\u00e4siss\u00e4\u00e4n.<\/p>\n<p class=\"article-content article-content-width !bg-background\">\u2013\u00a0HALOO! Mulla on onnellisin uutinen kerrottavana, sill\u00e4 musta tulee mutsi loppuvuonna!\u00a0h\u00e4n hehkutti.<\/p>\n<p class=\"article-content article-content-width !bg-background\">Samalla Haloo Helsingin syksyn kiertuetta lyk\u00e4ttiin kev\u00e4\u00e4lle.<\/p>\n<p>        <a itemprop=\"url\" href=\"https:\/\/www.seiska.fi\/kotimaa\/elli-haloo-kohotutti-kulmakarvoja-tavastialla-kuva\/1143691\" rel=\"nofollow noopener\" target=\"_blank\"><\/p>\n<p class=\"section-date\">\n        <strong class=\"article-section\" data-section=\"kotimaa\"><br \/>\n            kotimaa<br \/>\n        <\/strong><br \/>\n        23.9.2023 07:00\n    <\/p>\n<p>Elli Haloo kohotutti kulmakarvoja Tavastialla \u2013 kuva\n    <\/p>\n<p itemprop=\"description\" class=\"subtitle \">\n    Laulaja n\u00e4htiin yleis\u00f6n joukossa.\n<\/p>\n<p>        <\/a><\/p>\n","protected":false},"excerpt":{"rendered":"Matti Matikainen Haloo Helsingin solisti toi lapsensa is\u00e4n julkisuuteen. Haloo Helsinki! -yhtyeen keulakuva\u00a0tiedotti elokuussa olevansa raskaana. Yksityisel\u00e4m\u00e4st\u00e4\u00e4n tarkka&hellip;\n","protected":false},"author":2,"featured_media":109568,"comment_status":"","ping_status":"","sticky":false,"template":"","format":"standard","meta":{"footnotes":""},"categories":[130],"tags":[20451,137,33,31,30,6520,20450,19866,106,2443,32,2677,1461,109],"class_list":{"0":"post-109567","1":"post","2":"type-post","3":"status-publish","4":"format-standard","5":"has-post-thumbnail","7":"category-viihde","8":"tag-elli-haloo","9":"tag-entertainment","10":"tag-fi","11":"tag-finland","12":"tag-finnish","13":"tag-haloo-helsinki","14":"tag-janne-rakas","15":"tag-linnan-juhlat-2025","16":"tag-muoti","17":"tag-raskaus","18":"tag-suomi","19":"tag-tyyli","20":"tag-vauva","21":"tag-viihde"},"share_on_mastodon":{"url":"https:\/\/pubeurope.com\/@fi\/115674690900159340","error":""},"_links":{"self":[{"href":"https:\/\/www.europesays.com\/fi\/wp-json\/wp\/v2\/posts\/109567","targetHints":{"allow":["GET"]}}],"collection":[{"href":"https:\/\/www.europesays.com\/fi\/wp-json\/wp\/v2\/posts"}],"about":[{"href":"https:\/\/www.europesays.com\/fi\/wp-json\/wp\/v2\/types\/post"}],"author":[{"embeddable":true,"href":"https:\/\/www.europesays.com\/fi\/wp-json\/wp\/v2\/users\/2"}],"replies":[{"embeddable":true,"href":"https:\/\/www.europesays.com\/fi\/wp-json\/wp\/v2\/comments?post=109567"}],"version-history":[{"count":0,"href":"https:\/\/www.europesays.com\/fi\/wp-json\/wp\/v2\/posts\/109567\/revisions"}],"wp:featuredmedia":[{"embeddable":true,"href":"https:\/\/www.europesays.com\/fi\/wp-json\/wp\/v2\/media\/109568"}],"wp:attachment":[{"href":"https:\/\/www.europesays.com\/fi\/wp-json\/wp\/v2\/media?parent=109567"}],"wp:term":[{"taxonomy":"category","embeddable":true,"href":"https:\/\/www.europesays.com\/fi\/wp-json\/wp\/v2\/categories?post=109567"},{"taxonomy":"post_tag","embeddable":true,"href":"https:\/\/www.europesays.com\/fi\/wp-json\/wp\/v2\/tags?post=109567"}],"curies":[{"name":"wp","href":"https:\/\/api.w.org\/{rel}","templated":true}]}}