{"id":109578,"date":"2025-12-06T21:31:11","date_gmt":"2025-12-06T21:31:11","guid":{"rendered":"https:\/\/www.europesays.com\/fi\/109578\/"},"modified":"2025-12-06T21:31:11","modified_gmt":"2025-12-06T21:31:11","slug":"matti-myllyaho-ja-erika-vikman-juhlivat-yhdessa-pukuaanestyksen-karkisijojaan","status":"publish","type":"post","link":"https:\/\/www.europesays.com\/fi\/109578\/","title":{"rendered":"Matti Myllyaho ja Erika Vikman juhlivat yhdess\u00e4 puku\u00e4\u00e4nestyksen k\u00e4rkisijojaan"},"content":{"rendered":"<p>Videohaastattelu|HS:n puku\u00e4\u00e4nestyksen voittaja Matti Myllyaho viesti puvullaan, ett\u00e4 miehetkin voivat leikitell\u00e4 vaatteilla.<\/p>\n<p class=\"article-body mb-nof-24 px-nof-16\">HS tavoitti Presidentinlinnan k\u00e4yt\u00e4vilt\u00e4 <a class=\"article-genericlink\" href=\"https:\/\/www.hs.fi\/kulttuuri\/art-2000011672099.html\" rel=\"nofollow noopener\" target=\"_blank\">Linnan juhlien puku\u00e4\u00e4nestyksen <\/a>voittajan, showtuottaja ja tanssija <a class=\"article-personlink\" href=\"https:\/\/www.hs.fi\/haku\/?query=Matti%20Myllyahon.\" rel=\"nofollow noopener\" target=\"_blank\">Matti Myllyahon.<\/a> H\u00e4nell\u00e4 oli HS:n lukijoiden mielest\u00e4 Linnan upein asu.<\/p>\n<p class=\"article-body mb-nof-24 px-nof-16\">Myllyaho oli voitostaan silmin n\u00e4hden onnellinen.<\/p>\n<p class=\"article-body mb-nof-24 px-nof-16\">Toiseksi sijoittui <a class=\"article-personlink\" href=\"https:\/\/www.hs.fi\/haku\/?query=Erika%20Vikman\" rel=\"nofollow noopener\" target=\"_blank\">Erika Vikman<\/a>, jonka UMK-taustaguru Myllyaho oli. Myllyaho ja Vikman viettiv\u00e4t Linnassa aikaa yhdess\u00e4, kun showtuottaja kuuli kaksikon tuoreista tunnustuksista.<\/p>\n<p class=\"article-body mb-nof-24 px-nof-16\">\u201dIloitsimme yhdess\u00e4 t\u00e4st\u00e4, ett\u00e4 itseilmaisu on t\u00e4\u00e4ll\u00e4 voimissaan\u201d, Myllyaho sanoo.<\/p>\n<p class=\"article-body mb-nof-24 px-nof-16\">Myllyahon puvun suunnitteli <a class=\"article-personlink\" href=\"https:\/\/www.hs.fi\/haku\/?query=Teemu%20Muurim%C3%A4ki\" rel=\"nofollow noopener\" target=\"_blank\">Teemu Muurim\u00e4ki<\/a> ja toteutti vaatturimestari <a class=\"article-personlink\" href=\"https:\/\/www.hs.fi\/haku\/?query=Sonja%20Raassina\" rel=\"nofollow noopener\" target=\"_blank\">Sonja Raassina<\/a>.<\/p>\n<p class=\"article-body mb-nof-24 px-nof-16\">Frakin kankaassa on kultaisia ruusuja ja siihen on yhdistetty aito valkoinen ruusu, joka esiintyy kaulan kohdalla kuin mirrin\u00e4.<\/p>\n<p class=\"article-body mb-nof-24 px-nof-16\">\u201dT\u00e4m\u00e4 [ruusu] edustaa minulle herkkyytt\u00e4 ja itseilmaisua\u201d, Myllyaho sanoo.<\/p>\n<p class=\"article-body mb-nof-24 px-nof-16\">Showtuottaja ja suunnittelija halusivat puvulla tulkita miesten pukeutumista uudessa valossa.<\/p>\n<p class=\"article-body mb-nof-24 px-nof-16\">\u201dToivon, ett\u00e4 miehet uskaltaisivat yh\u00e4 rohkeammin kokeilla ja leikitell\u00e4 pukeutumisellaan\u201d, Myllyaho toteaa.<\/p>\n<p class=\"article-body mb-nof-24 px-nof-16\">HS:n Linnan juhlien muotiasiantuntija, suunnittelija <a class=\"article-personlink\" href=\"https:\/\/www.hs.fi\/haku\/?query=Miro%20H%C3%A4m%C3%A4l%C3%A4inen\" rel=\"nofollow noopener\" target=\"_blank\">Miro H\u00e4m\u00e4l\u00e4inen<\/a> kommentoi voittajapukua n\u00e4in:<\/p>\n<p class=\"article-body mb-nof-24 px-nof-16\">\u201dOnpas virkist\u00e4v\u00e4\u00e4, ett\u00e4 frakki voi puhutella niin paljon voittaakseen koko \u00e4\u00e4nestyksen.\u201d<\/p>\n<p class=\"article-body mb-nof-24 px-nof-16\">H\u00e4m\u00e4l\u00e4isen mukaan ruskealle pohjalle kudottu kultainen brokadi-kangas oli suosionsa huipulla Italian renessanssin aikaan. Myllyahon asu oli valkoisella ruusullaan p\u00e4ivitetty versio t\u00e4st\u00e4 vanhasta traditiosta.<\/p>\n<p class=\"article-body mb-nof-24 px-nof-16\">\u201dRuusu voi viitata niin uuteen alkuun kuin kuolevaisuuteenkin\u201d, H\u00e4m\u00e4l\u00e4inen sanoo.<\/p>\n<p class=\"article-body mb-nof-24 px-nof-16\">My\u00f6s Myllyahon geelikampaus oli selke\u00e4 historiallinen viittaus.<\/p>\n<p class=\"article-body mb-nof-24 px-nof-16\">\u201dT\u00e4m\u00e4 ei ollut edes illan ainoa viittaus 1920-luvulle. En voi olla miettim\u00e4tt\u00e4 sit\u00e4 railakasta juhlimista mit\u00e4 t\u00e4m\u00e4 viittausten kokonaisuus enteilee\u201d, H\u00e4m\u00e4l\u00e4inen toteaa.<\/p>\n","protected":false},"excerpt":{"rendered":"Videohaastattelu|HS:n puku\u00e4\u00e4nestyksen voittaja Matti Myllyaho viesti puvullaan, ett\u00e4 miehetkin voivat leikitell\u00e4 vaatteilla. HS tavoitti Presidentinlinnan k\u00e4yt\u00e4vilt\u00e4 Linnan juhlien&hellip;\n","protected":false},"author":2,"featured_media":109579,"comment_status":"","ping_status":"","sticky":false,"template":"","format":"standard","meta":{"footnotes":""},"categories":[136],"tags":[407,137,33,31,30,46,408,32,109],"class_list":{"0":"post-109578","1":"post","2":"type-post","3":"status-publish","4":"format-standard","5":"has-post-thumbnail","7":"category-julkkikset","8":"tag-celebrities","9":"tag-entertainment","10":"tag-fi","11":"tag-finland","12":"tag-finnish","13":"tag-helsingin-sanomat","14":"tag-julkkikset","15":"tag-suomi","16":"tag-viihde"},"share_on_mastodon":{"url":"https:\/\/pubeurope.com\/@fi\/115674761368825310","error":""},"_links":{"self":[{"href":"https:\/\/www.europesays.com\/fi\/wp-json\/wp\/v2\/posts\/109578","targetHints":{"allow":["GET"]}}],"collection":[{"href":"https:\/\/www.europesays.com\/fi\/wp-json\/wp\/v2\/posts"}],"about":[{"href":"https:\/\/www.europesays.com\/fi\/wp-json\/wp\/v2\/types\/post"}],"author":[{"embeddable":true,"href":"https:\/\/www.europesays.com\/fi\/wp-json\/wp\/v2\/users\/2"}],"replies":[{"embeddable":true,"href":"https:\/\/www.europesays.com\/fi\/wp-json\/wp\/v2\/comments?post=109578"}],"version-history":[{"count":0,"href":"https:\/\/www.europesays.com\/fi\/wp-json\/wp\/v2\/posts\/109578\/revisions"}],"wp:featuredmedia":[{"embeddable":true,"href":"https:\/\/www.europesays.com\/fi\/wp-json\/wp\/v2\/media\/109579"}],"wp:attachment":[{"href":"https:\/\/www.europesays.com\/fi\/wp-json\/wp\/v2\/media?parent=109578"}],"wp:term":[{"taxonomy":"category","embeddable":true,"href":"https:\/\/www.europesays.com\/fi\/wp-json\/wp\/v2\/categories?post=109578"},{"taxonomy":"post_tag","embeddable":true,"href":"https:\/\/www.europesays.com\/fi\/wp-json\/wp\/v2\/tags?post=109578"}],"curies":[{"name":"wp","href":"https:\/\/api.w.org\/{rel}","templated":true}]}}