{"id":109589,"date":"2025-12-06T21:43:07","date_gmt":"2025-12-06T21:43:07","guid":{"rendered":"https:\/\/www.europesays.com\/fi\/109589\/"},"modified":"2025-12-06T21:43:07","modified_gmt":"2025-12-06T21:43:07","slug":"karmiva-syyte-mies-hylkasi-tyttoystavansa-kuolemaan-jaiselle-vuorelle","status":"publish","type":"post","link":"https:\/\/www.europesays.com\/fi\/109589\/","title":{"rendered":"Karmiva syyte: Mies hylk\u00e4si tytt\u00f6yst\u00e4v\u00e4ns\u00e4 kuolemaan j\u00e4iselle vuorelle"},"content":{"rendered":"<p>Kerstin Gurtnerin tapaus j\u00e4rkytt\u00e4\u00e4.<\/p>\n<p class=\"article-body mb-nof-24 px-nof-16\">Kokenut kiipeilij\u00e4 <a class=\"article-personlink\" href=\"https:\/\/www.is.fi\/haku\/?query=Thomas%20Plamberger\" rel=\"nofollow noopener\" target=\"_blank\">Thomas Plamberger<\/a>, 36, on asetettu syytteeseen kuolemantuottamuksesta It\u00e4vallassa.<\/p>\n<p class=\"article-body mb-nof-24 px-nof-16\">Plamberger kiipesi It\u00e4vallan korkeinta vuorta, Glossglockneria, yhdess\u00e4 tytt\u00f6yst\u00e4v\u00e4ns\u00e4 <a class=\"article-personlink\" href=\"https:\/\/www.is.fi\/haku\/?query=Kertin%20Gurtnerin\" rel=\"nofollow noopener\" target=\"_blank\">Kertin Gurtnerin<\/a> kanssa viime tammikuussa. 33-vuotias Gurtner menehtyi l\u00e4hell\u00e4 vuoren huippua.<\/p>\n<p class=\"article-body mb-nof-24 px-nof-16\">Syytt\u00e4j\u00e4n mukaan pariskunta oli alle 50 metrin p\u00e4\u00e4ss\u00e4 huipusta, kun Gurtner romahti uupumuksen vuoksi, eik\u00e4 pystynyt en\u00e4\u00e4 jatkamaan.<\/p>\n<p class=\"article-body mb-nof-24 px-nof-16\">Plamberger p\u00e4\u00e4tti laskeutua hakeakseen apua. H\u00e4n oli kuitenkin poissa oli kuusi tuntia, ja tuona aikana Gurtner menehtyi.<\/p>\n<p class=\"article-body mb-nof-24 px-nof-16\">Brittilehti <a class=\"article-genericlink\" href=\"https:\/\/www.telegraph.co.uk\/world-news\/2025\/12\/05\/climber-left-girlfriend-die-austrian-mountain-webcam\/\" rel=\"nofollow noopener\" target=\"_blank\">Telegraphin<\/a> mukaan Plambergerin katsotaan tehneen useamman kohtalokkaan virheen nousun aikana.<\/p>\n<p class=\"article-body mb-nof-24 px-nof-16\">Nettikameroista julkaistut kuvat n\u00e4ytt\u00e4v\u00e4t kohtalokkaan nousun osia. Kaukaa kuvatuista kuvista n\u00e4kyy, miten kahden kiipeilij\u00e4n valot n\u00e4kyv\u00e4t vuorella alkuillasta 18. tammikuuta.<\/p>\n<p class=\"article-body mb-nof-24 px-nof-16\">Seuraavissa kuvissa noin kuusi tuntia my\u00f6hemmin n\u00e4kyy paljon himme\u00e4mpi valo, kun lamppujen teho alkaa Telegraphin mukaan heikenty\u00e4.<\/p>\n<p class=\"article-body mb-nof-24 px-nof-16\">Kolmannessa julkaistussa kuvassa n\u00e4kyy, miten poikayst\u00e4v\u00e4 suorittaa yksin laskua.<\/p>\n<p class=\"article-body mb-nof-24 px-nof-16\">Helikopterietsinn\u00e4t aloitettiin seuraavana aamuna seitsem\u00e4lt\u00e4. Etsinn\u00e4t jouduttiin keskeytt\u00e4m\u00e4\u00e4n kovan tuulen vuoksi. Kun pelastuspartio p\u00e4\u00e4si useita tunteja my\u00f6hemmin Gurtnerin luo, h\u00e4n oli jo menehtynyt.<\/p>\n<p class=\"article-body mb-nof-24 px-nof-16\">Jos Plamberger tuomitaan kuolemantuottamuksesta, h\u00e4n saattaa joutua telkien taakse jopa kolmeksi vuodeksi. Kaikkiaan Plamberger teki syytt\u00e4j\u00e4n mukaan yhdeks\u00e4n \u201dkardinaalivirhett\u00e4\u201d.<\/p>\n<p class=\"article-body mb-nof-24 px-nof-16\">\u2013\u2009Noin kahdelta aamulla syytetty j\u00e4tti tytt\u00f6yst\u00e4v\u00e4ns\u00e4 vailla suojaa, uupuneena, hypotermiasta k\u00e4rsiv\u00e4n\u00e4 ja sekavana 50 metri\u00e4 huipun alapuolelle Grossglocknerilla. Nainen j\u00e4\u00e4tyi kuoliaaksi. Mies oli kokenut kiipeilij\u00e4, toisin kuin h\u00e4nen tytt\u00f6yst\u00e4v\u00e4ns\u00e4. H\u00e4n suunnitteli nousun, ja h\u00e4n on vastuussa siit\u00e4, syytt\u00e4j\u00e4t sanoivat tiedotteessa.<\/p>\n<p class=\"article-body mb-nof-24 px-nof-16\">\u2013\u2009Kokemattomuudestaan huolimatta nainen, joka ei koskaan aiemmin ollut kiivennyt korkeaa vuorta tai n\u00e4in pitk\u00e4\u00e4 ja vaikeaa reitti\u00e4, vietiin vaativalle nousulle.<\/p>\n","protected":false},"excerpt":{"rendered":"Kerstin Gurtnerin tapaus j\u00e4rkytt\u00e4\u00e4. Kokenut kiipeilij\u00e4 Thomas Plamberger, 36, on asetettu syytteeseen kuolemantuottamuksesta It\u00e4vallassa. Plamberger kiipesi It\u00e4vallan korkeinta&hellip;\n","protected":false},"author":2,"featured_media":109590,"comment_status":"","ping_status":"","sticky":false,"template":"","format":"standard","meta":{"footnotes":""},"categories":[14],"tags":[22,23,26,27,33,31,30,17,34,24,25,28,29,15,18,21,32,19,20,56,16,59,60,61],"class_list":{"0":"post-109589","1":"post","2":"type-post","3":"status-publish","4":"format-standard","5":"has-post-thumbnail","7":"category-ulkomaat","8":"tag-breaking-news","9":"tag-breakingnews","10":"tag-featured-news","11":"tag-featurednews","12":"tag-fi","13":"tag-finland","14":"tag-finnish","15":"tag-headlines","16":"tag-ilta-sanomat","17":"tag-latest-news","18":"tag-latestnews","19":"tag-main-news","20":"tag-mainnews","21":"tag-news","22":"tag-otsikot","23":"tag-paauutiset","24":"tag-suomi","25":"tag-top-stories","26":"tag-topstories","27":"tag-ulkomaat","28":"tag-uutiset","29":"tag-world","30":"tag-world-news","31":"tag-worldnews"},"share_on_mastodon":{"url":"https:\/\/pubeurope.com\/@fi\/115674808617992006","error":""},"_links":{"self":[{"href":"https:\/\/www.europesays.com\/fi\/wp-json\/wp\/v2\/posts\/109589","targetHints":{"allow":["GET"]}}],"collection":[{"href":"https:\/\/www.europesays.com\/fi\/wp-json\/wp\/v2\/posts"}],"about":[{"href":"https:\/\/www.europesays.com\/fi\/wp-json\/wp\/v2\/types\/post"}],"author":[{"embeddable":true,"href":"https:\/\/www.europesays.com\/fi\/wp-json\/wp\/v2\/users\/2"}],"replies":[{"embeddable":true,"href":"https:\/\/www.europesays.com\/fi\/wp-json\/wp\/v2\/comments?post=109589"}],"version-history":[{"count":0,"href":"https:\/\/www.europesays.com\/fi\/wp-json\/wp\/v2\/posts\/109589\/revisions"}],"wp:featuredmedia":[{"embeddable":true,"href":"https:\/\/www.europesays.com\/fi\/wp-json\/wp\/v2\/media\/109590"}],"wp:attachment":[{"href":"https:\/\/www.europesays.com\/fi\/wp-json\/wp\/v2\/media?parent=109589"}],"wp:term":[{"taxonomy":"category","embeddable":true,"href":"https:\/\/www.europesays.com\/fi\/wp-json\/wp\/v2\/categories?post=109589"},{"taxonomy":"post_tag","embeddable":true,"href":"https:\/\/www.europesays.com\/fi\/wp-json\/wp\/v2\/tags?post=109589"}],"curies":[{"name":"wp","href":"https:\/\/api.w.org\/{rel}","templated":true}]}}