{"id":109594,"date":"2025-12-06T21:57:09","date_gmt":"2025-12-06T21:57:09","guid":{"rendered":"https:\/\/www.europesays.com\/fi\/109594\/"},"modified":"2025-12-06T21:57:09","modified_gmt":"2025-12-06T21:57:09","slug":"han-on-linnan-juhlien-paras-pukeutuja","status":"publish","type":"post","link":"https:\/\/www.europesays.com\/fi\/109594\/","title":{"rendered":"H\u00e4n on Linnan juhlien paras pukeutuja"},"content":{"rendered":"<p>Iltalehden lukijat ovat valinneet suosikkinsa.<\/p>\n<p><img decoding=\"async\" class=\"image image-show image-preview\" src=\"https:\/\/www.europesays.com\/fi\/wp-content\/uploads\/2025\/12\/bd10f5543590b747f3b912b59b07c8d9432a577144df39eea527d78cef0b285d.jpg\" alt=\"\"\/><img decoding=\"async\" class=\"image image-show\" src=\"https:\/\/www.europesays.com\/fi\/wp-content\/uploads\/2025\/12\/1765058229_926_bd10f5543590b747f3b912b59b07c8d9432a577144df39eea527d78cef0b285d.jpg\" alt=\"\"\/><\/p>\n<p>Iltalehden lukijat valitsivat suosikkinsa Linnan juhlien asuista. IL-ARKISTO<\/p>\n<p class=\"paragraph\">Iltalehden perinteisess\u00e4 Linnan juhlien \u00e4\u00e4nestyksess\u00e4 annettiin t\u00e4n\u00e4 vuonna 4 635 \u00e4\u00e4nt\u00e4.<\/p>\n<p class=\"paragraph\">Lukijoiden mielest\u00e4 salibandykapteeni <strong>Nico Salon<\/strong> puoliso <strong>Janniina Salo<\/strong> on Linnan juhlien paras pukeutuja. H\u00e4n sai 27 prosenttia annetuista \u00e4\u00e4nist\u00e4.<\/p>\n<p>Janniina Salo ja Nico Salo ker\u00e4siv\u00e4t huomiota Linnan juhlissa. Roosa Br\u00f6ijer<\/p>\n<p class=\"paragraph\">Salon asu oli koristeltu kukkakuvioilla. R\u00f6yhel\u00f6inen asu muistutti kukkien ter\u00e4lehti\u00e4. Asun on suunnitellut <strong>Sabina Eklund<\/strong>. Salo kirjoitti Instagramissa, ett\u00e4 asukokonaisuuteen valitut keng\u00e4t ja laukku ovat jo vuodelta 2019, kun h\u00e4n oli viimeksi Linnan juhlissa.<\/p>\n<p class=\"paragraph\">Tiukasti toiselle sijalle j\u00e4i t\u00e4n\u00e4 vuonna laulaja <a href=\"https:\/\/www.iltalehti.fi\/henkilot\/Jenni Vartiainen\" class=\"article-link-person-page\" rel=\"nofollow noopener\" target=\"_blank\">Jenni Vartiainen<\/a> 22 prosentin \u00e4\u00e4nisaaliilla. Valkoinen puku on <strong>Katri Niskasen<\/strong> k\u00e4sialaa.<\/p>\n<p>Jenni Vartiainen hehkui valkoisessa iltapuvussa. Roosa Br\u00f6ijer<\/p>\n<p class=\"paragraph\">\u2013 Puku on oodi ateljeety\u00f6lle, jossa materiaalin kaunis ty\u00f6st\u00f6 ja laatu korostuvat vaaleassa materiaalissa. Puku on tehty mattapintaisesta marocainesilkist\u00e4, jota pukuun on k\u00e4ytetty per\u00e4ti 15 metri\u00e4, Niskanen kertoi tiedotteessa.<\/p>\n<p class=\"paragraph\">Kolmanneksi eniten \u00e4\u00e4ni\u00e4 sai Linnan em\u00e4nt\u00e4, <strong>Suzanne Innes-Stubb<\/strong>. H\u00e4n sai 9 prosenttia \u00e4\u00e4nist\u00e4. Hopeisen asun on suunnitellut, kaavoittanut ja ommellut Liina Studion vaatesuunnittelija ja taiteellinen johtaja <strong>Kaisa Turunen<\/strong>.<\/p>\n<p>Suzanne Innes-Stubb luotti hopeiseen asuun. Roosa Br\u00f6ijer<\/p>\n<p class=\"paragraph\">Tyyliasiantuntija <strong>Mirva Saukkola<\/strong> arvioi asua Iltalehdelle lauantai-iltana.<\/p>\n<p class=\"paragraph\">\u2013 Se oli hyvin hillitty, h\u00e4nen tyylins\u00e4 mukainen. Veistoksellinen. Suomalainen suunnittelija on my\u00f6s h\u00e4nelle tyypillinen valinta. Koko sen ajan, kun h\u00e4nen puolisonsa on ollut presidentti, h\u00e4n on suosinut suomalaisia suunnittelijoita.<\/p>\n<p class=\"paragraph\">Nelj\u00e4nneksi sijoittui ex-p\u00e4\u00e4ministeri <a href=\"https:\/\/www.iltalehti.fi\/henkilot\/Sanna Marin\" class=\"article-link-person-page\" rel=\"nofollow noopener\" target=\"_blank\">Sanna Marin<\/a>, joka loisti <strong>Anne-Mari Pahkalan<\/strong> suunnittelemassa iltapuvussa. Marin sai 8 prosenttia \u00e4\u00e4nist\u00e4.<\/p>\n<p>Sanna Marin kiirehti Linnan juhliin.<\/p>\n<p> Timo Korhonen, AOP<\/p>\n<p>LUE MY\u00d6S<\/p>\n<p class=\"paragraph\"><strong>Tulokset<\/strong><\/p>\n<p class=\"paragraph\">1. Janniina Salo: 1238 \u00e4\u00e4nt\u00e4<\/p>\n<p class=\"paragraph\">2. Jenni Vartiainen: 1002 \u00e4\u00e4nt\u00e4<\/p>\n<p class=\"paragraph\">3. Suzanne Innes-Stubb: 417 \u00e4\u00e4nt\u00e4<\/p>\n<p class=\"paragraph\">4. Sanna Marin: 351 \u00e4\u00e4nt\u00e4<\/p>\n<p class=\"paragraph\">5. Aura Ansaharju: 328 \u00e4\u00e4nt\u00e4<\/p>\n<p class=\"paragraph\">6. Erika Vikman: 220 \u00e4\u00e4nt\u00e4<\/p>\n<p class=\"paragraph\">7. Seela Sella: 220 \u00e4\u00e4nt\u00e4<\/p>\n<p class=\"paragraph\">8. Maria Guzenina: 208 \u00e4\u00e4nt\u00e4<\/p>\n<p class=\"paragraph\">9. Katri Helena: 112 \u00e4\u00e4nt\u00e4<\/p>\n<p class=\"paragraph\">10. Anu Kantola: 109 \u00e4\u00e4nt\u00e4<\/p>\n<p class=\"paragraph\">11. Idil Hussein: 94 \u00e4\u00e4nt\u00e4<\/p>\n<p class=\"paragraph\">12. Jasmine Pajari: 94 \u00e4\u00e4nt\u00e4<\/p>\n<p class=\"paragraph\">13. Fatim Diarra: 68 \u00e4\u00e4nt\u00e4<\/p>\n<p class=\"paragraph\">14. Elli Haloo: 57 \u00e4\u00e4nt\u00e4<\/p>\n<p class=\"paragraph\">15. Robin Packalen: 45 \u00e4\u00e4nt\u00e4<\/p>\n<p class=\"paragraph\">16. Rita Piironen: 37 \u00e4\u00e4nt\u00e4<\/p>\n<p class=\"paragraph\">17. Pirkko Mannola: 37 \u00e4\u00e4nt\u00e4<\/p>\n","protected":false},"excerpt":{"rendered":"Iltalehden lukijat ovat valinneet suosikkinsa. Iltalehden lukijat valitsivat suosikkinsa Linnan juhlien asuista. IL-ARKISTO Iltalehden perinteisess\u00e4 Linnan juhlien \u00e4\u00e4nestyksess\u00e4&hellip;\n","protected":false},"author":2,"featured_media":109595,"comment_status":"","ping_status":"","sticky":false,"template":"","format":"standard","meta":{"footnotes":""},"categories":[136],"tags":[35,407,137,33,31,30,408,142,637,886,888,887,32,109],"class_list":{"0":"post-109594","1":"post","2":"type-post","3":"status-publish","4":"format-standard","5":"has-post-thumbnail","7":"category-julkkikset","8":"tag-24h","9":"tag-celebrities","10":"tag-entertainment","11":"tag-fi","12":"tag-finland","13":"tag-finnish","14":"tag-julkkikset","15":"tag-poliitikot","16":"tag-politiikka","17":"tag-puolueet","18":"tag-suomalaiset-poliitikot","19":"tag-suomen-politiikka","20":"tag-suomi","21":"tag-viihde"},"share_on_mastodon":{"url":"https:\/\/pubeurope.com\/@fi\/115674863780297402","error":""},"_links":{"self":[{"href":"https:\/\/www.europesays.com\/fi\/wp-json\/wp\/v2\/posts\/109594","targetHints":{"allow":["GET"]}}],"collection":[{"href":"https:\/\/www.europesays.com\/fi\/wp-json\/wp\/v2\/posts"}],"about":[{"href":"https:\/\/www.europesays.com\/fi\/wp-json\/wp\/v2\/types\/post"}],"author":[{"embeddable":true,"href":"https:\/\/www.europesays.com\/fi\/wp-json\/wp\/v2\/users\/2"}],"replies":[{"embeddable":true,"href":"https:\/\/www.europesays.com\/fi\/wp-json\/wp\/v2\/comments?post=109594"}],"version-history":[{"count":0,"href":"https:\/\/www.europesays.com\/fi\/wp-json\/wp\/v2\/posts\/109594\/revisions"}],"wp:featuredmedia":[{"embeddable":true,"href":"https:\/\/www.europesays.com\/fi\/wp-json\/wp\/v2\/media\/109595"}],"wp:attachment":[{"href":"https:\/\/www.europesays.com\/fi\/wp-json\/wp\/v2\/media?parent=109594"}],"wp:term":[{"taxonomy":"category","embeddable":true,"href":"https:\/\/www.europesays.com\/fi\/wp-json\/wp\/v2\/categories?post=109594"},{"taxonomy":"post_tag","embeddable":true,"href":"https:\/\/www.europesays.com\/fi\/wp-json\/wp\/v2\/tags?post=109594"}],"curies":[{"name":"wp","href":"https:\/\/api.w.org\/{rel}","templated":true}]}}