{"id":109597,"date":"2025-12-06T22:04:08","date_gmt":"2025-12-06T22:04:08","guid":{"rendered":"https:\/\/www.europesays.com\/fi\/109597\/"},"modified":"2025-12-06T22:04:08","modified_gmt":"2025-12-06T22:04:08","slug":"coloradon-necas-ja-mackinnon-olivat-tehovireessa-nhlssa-urheilua-lyhyesti","status":"publish","type":"post","link":"https:\/\/www.europesays.com\/fi\/109597\/","title":{"rendered":"Coloradon Necas ja MacKinnon olivat tehovireess\u00e4 NHL:ss\u00e4 | Urheilua lyhyesti"},"content":{"rendered":"<p class=\"aw-1gybjub aw-5vja16 kEtdKx kmuxyA yle__article__paragraph\">Colorado Avalanche nappasi j\u00e4\u00e4kiekon NHL:ss\u00e4 3-2-jatkoaikavoiton kotijoukkue New York Rangersista.<\/p>\n<p><img decoding=\"async\" alt=\"Nathan MacKinnon fr\u00e5n Colorado Avalanche i full utrustning.\" src=\"https:\/\/www.europesays.com\/fi\/wp-content\/uploads\/2025\/12\/39-1381074673841885c05e.jpeg\" class=\"aw-1l9m598 hKVVvP\"\/><\/p>\n<p>Avaa kuvien katselu<\/p>\n<p>Nathan MacKinnon johtaa NHL:n pistep\u00f6rssi\u00e4 tehoin 22+24=46. Kuva: Isaiah J. Downing \/ AOP<\/p>\n<p class=\"aw-1gybjub aw-1p7kakr kEtdKx cEmitX yle__article__paragraph\">Suomen aikaa lauantai-iltana pelatun ottelun ykk\u00f6st\u00e4hti oli Coloradon <strong class=\"aw-ak79eh KyCXm yle__article__strong\">Nathan MacKinnon<\/strong>, joka teki kaksi maalia. MacKinnon viimeisteli jatkoajalla ratkaisun komean kuljetuksensa p\u00e4\u00e4tteeksi.<\/p>\n<p class=\"aw-1gybjub aw-1p7kakr kEtdKx cEmitX yle__article__paragraph\">Ottelussa eniten pisteit\u00e4 rohmusi Coloradon <strong class=\"aw-ak79eh KyCXm yle__article__strong\">Martin Necas,<\/strong> joka ker\u00e4si kolme sy\u00f6tt\u00f6pistett\u00e4. Coloradosta tuli samalla ensimm\u00e4inen joukkue t\u00e4m\u00e4n kauden NHL:ss\u00e4, joka on rikkonut 20 voiton rajan.<\/p>\n<p class=\"aw-1gybjub aw-1p7kakr kEtdKx cEmitX yle__article__paragraph\">MacKinnon johtaa sek\u00e4 NHL:n piste- ett\u00e4 maalip\u00f6rssi\u00e4.<\/p>\n<p class=\"aw-1gybjub aw-1p7kakr kEtdKx cEmitX yle__article__paragraph\">Coloradon suomalaishy\u00f6kk\u00e4\u00e4j\u00e4t <strong class=\"aw-ak79eh KyCXm yle__article__strong\">Artturi Lehkonen<\/strong> ja <strong class=\"aw-ak79eh KyCXm yle__article__strong\">Joel Kiviranta<\/strong> j\u00e4iv\u00e4t ottelussa tehopisteitt\u00e4. Rangersin <strong class=\"aw-ak79eh KyCXm yle__article__strong\">Urho Vaakanainen<\/strong> ei ollut kokoonpanossa.<\/p>\n","protected":false},"excerpt":{"rendered":"Colorado Avalanche nappasi j\u00e4\u00e4kiekon NHL:ss\u00e4 3-2-jatkoaikavoiton kotijoukkue New York Rangersista. Avaa kuvien katselu Nathan MacKinnon johtaa NHL:n pistep\u00f6rssi\u00e4&hellip;\n","protected":false},"author":2,"featured_media":109598,"comment_status":"","ping_status":"","sticky":false,"template":"","format":"standard","meta":{"footnotes":""},"categories":[158],"tags":[14227,33,31,30,1143,19236,1697,159,32,160],"class_list":{"0":"post-109597","1":"post","2":"type-post","3":"status-publish","4":"format-standard","5":"has-post-thumbnail","7":"category-urheilu","8":"tag-colorado-avalanche","9":"tag-fi","10":"tag-finland","11":"tag-finnish","12":"tag-jaakiekko","13":"tag-new-york-rangers","14":"tag-nhl","15":"tag-sports","16":"tag-suomi","17":"tag-urheilu"},"share_on_mastodon":{"url":"https:\/\/pubeurope.com\/@fi\/115674891372597999","error":""},"_links":{"self":[{"href":"https:\/\/www.europesays.com\/fi\/wp-json\/wp\/v2\/posts\/109597","targetHints":{"allow":["GET"]}}],"collection":[{"href":"https:\/\/www.europesays.com\/fi\/wp-json\/wp\/v2\/posts"}],"about":[{"href":"https:\/\/www.europesays.com\/fi\/wp-json\/wp\/v2\/types\/post"}],"author":[{"embeddable":true,"href":"https:\/\/www.europesays.com\/fi\/wp-json\/wp\/v2\/users\/2"}],"replies":[{"embeddable":true,"href":"https:\/\/www.europesays.com\/fi\/wp-json\/wp\/v2\/comments?post=109597"}],"version-history":[{"count":0,"href":"https:\/\/www.europesays.com\/fi\/wp-json\/wp\/v2\/posts\/109597\/revisions"}],"wp:featuredmedia":[{"embeddable":true,"href":"https:\/\/www.europesays.com\/fi\/wp-json\/wp\/v2\/media\/109598"}],"wp:attachment":[{"href":"https:\/\/www.europesays.com\/fi\/wp-json\/wp\/v2\/media?parent=109597"}],"wp:term":[{"taxonomy":"category","embeddable":true,"href":"https:\/\/www.europesays.com\/fi\/wp-json\/wp\/v2\/categories?post=109597"},{"taxonomy":"post_tag","embeddable":true,"href":"https:\/\/www.europesays.com\/fi\/wp-json\/wp\/v2\/tags?post=109597"}],"curies":[{"name":"wp","href":"https:\/\/api.w.org\/{rel}","templated":true}]}}