{"id":109603,"date":"2025-12-06T22:09:10","date_gmt":"2025-12-06T22:09:10","guid":{"rendered":"https:\/\/www.europesays.com\/fi\/109603\/"},"modified":"2025-12-06T22:09:10","modified_gmt":"2025-12-06T22:09:10","slug":"nain-suomalaiset-eroavat-kaikista-muista-eurooppalaisista","status":"publish","type":"post","link":"https:\/\/www.europesays.com\/fi\/109603\/","title":{"rendered":"N\u00e4in suomalaiset eroavat kaikista muista eurooppalaisista"},"content":{"rendered":"<p>Suomalainen autokanta on yksi Euroopan vanhimmista, mutta silti suomalaiset vaikuttavat vaihtavan autoa tiuhempaan kuin muut eurooppalaiset.<\/p>\n<p><img decoding=\"async\" class=\"image image-show image-preview\" src=\"https:\/\/www.europesays.com\/fi\/wp-content\/uploads\/2025\/12\/c837967e8d4dc2394bd3ecb6f42ff1ad43cdf9a9d7c16bd2c89d1b30ec6cee15.jpg\" alt=\"\"\/><img decoding=\"async\" class=\"image image-show\" src=\"https:\/\/www.europesays.com\/fi\/wp-content\/uploads\/2025\/12\/1765058950_650_c837967e8d4dc2394bd3ecb6f42ff1ad43cdf9a9d7c16bd2c89d1b30ec6cee15.jpg\" alt=\"\"\/><\/p>\n<p>Suomalaiset pit\u00e4v\u00e4t autoa yll\u00e4tt\u00e4v\u00e4n lyhyen ajan. Karoliina Vuorenm\u00e4ki<\/p>\n<p class=\"paragraph\">Suomalainen autokanta on keskim\u00e4\u00e4rin i\u00e4k\u00e4st\u00e4, eik\u00e4 nuorene yht\u00e4\u00e4n t\u00e4m\u00e4nhetkisell\u00e4 uusien autojen myyntim\u00e4\u00e4r\u00e4ll\u00e4.<\/p>\n<p class=\"paragraph\">T\u00e4ll\u00e4 on alan ja sen puolestapuhujien mukaan oma vaikutuksensa liikenneturvallisuuteen ja esimerkiksi p\u00e4\u00e4st\u00f6tavoitteisiin p\u00e4\u00e4semiseen, vaikka toisaalta hiljattain on uutisoitu h\u00e4mm\u00e4stytt\u00e4v\u00e4st\u00e4 tiedosta, ett\u00e4 k\u00e4ytettyn\u00e4 maahan tuotavien autojen keskim\u00e4\u00e4r\u00e4iset p\u00e4\u00e4st\u00f6t ovat pienempi\u00e4 kuin uutena Suomessa myytyjen.<\/p>\n<p class=\"paragraph\">Mutta miss\u00e4 vaiheessa suomalainen autoilija keskim\u00e4\u00e4rin vaihtaa autoa? T\u00e4st\u00e4 on nyt olemassa tutkimustietoa.<\/p>\n<p>Keskiarvoa tihe\u00e4mmin<\/p>\n<p class=\"paragraph\">Autotietoyritys Carvertical on tehnyt tutkimuksen siit\u00e4, miten pitk\u00e4\u00e4n eurooppalaiset autoilijat keskim\u00e4\u00e4rin ajavat samalla autolla ennen vaihtamista uuteen tai uudempaan.<\/p>\n<p class=\"paragraph\">Tutkimus perustuu tietysti yrityksen omaan dataan, mutta antaa silti mielenkiintoisen kulman asiaan koska lukuarvoja voi vertailla kesken\u00e4\u00e4n. Yritys on siis ker\u00e4nnyt tiedot sellaisista autoista, joiden historiatietoja silt\u00e4 on haettu.<\/p>\n<p class=\"paragraph\">Tutkimuksen mukaan Suomessa yksitt\u00e4inen autonomistaja ajaa keskim\u00e4\u00e4rin 65\u00a0470 kilometri\u00e4 ennen kuin vaihtaa tai luopuu autosta.<\/p>\n<p>T\u00e4lt\u00e4 n\u00e4ytti suomalainen, keskim\u00e4\u00e4r\u00e4isen ik\u00e4inen auto uutena. VILLE RINNE<\/p>\n<p class=\"paragraph\">Eurooppalainen keskiarvo on reilusti enemm\u00e4n, 75 928 kilometri\u00e4.<\/p>\n<p class=\"paragraph\">Eniten ajokilometrej\u00e4 ennen autonvaihtoa kertyy Puolassa (112\u00a0977 km), Slovakiassa (109\u00a0044 km) ja Portugalissa (108\u00a0256 km).<\/p>\n<p class=\"paragraph\">V\u00e4hiten samalla autolla ennen vaihtoa maltetaan puolestaan ajaa Serbiassa (18\u00a0807 km), Ukrainassa (22\u00a0580 km) ja Unkarissa (47\u00a0845 km).<\/p>\n<p class=\"paragraph\">Lukuarvot eiv\u00e4t kuitenkaan kerro Carverticalin mukaan vuotuisista ajokilometreist\u00e4 mit\u00e4\u00e4n, vaan siit\u00e4, miten paljon kukin autonomistaja ajaa autoaan ennen vaihtoa.<\/p>\n<p class=\"paragraph\">Carverticalin mukaan suomalaisten keskim\u00e4\u00e4r\u00e4inen vuotuinen ajokilometrim\u00e4\u00e4r\u00e4 on 21 213 km.<\/p>\n<p class=\"paragraph\">Tieto on tosin ristiriidassa esimerkiksi Tilastokeskukselta ja Autoalan Tiedotuskeskukselta saatavien tietojen kanssa. N\u00e4iden l\u00e4hteiden mukaan Suomessa ajetaan keskim\u00e4\u00e4rin noin 14 000 km vuodessa.<\/p>\n<p>Kolme vuotta ja vaihtoon<\/p>\n<p class=\"paragraph\">Laskennallisesti suomalaiset autoilijat vaihtavat autoa siis 3,1 vuoden v\u00e4lein. Aika on puolestaan yksi tutkimuksen lyhyimpi\u00e4. Carverticalin mukaan esimerkiksi portugalilaiset pit\u00e4v\u00e4t saman auton 7,1 vuotta, puolalaiset 6,1 vuotta ja liettualaiset 5,5 vuotta ennen vaihtoa.<\/p>\n<p class=\"paragraph\">Saksalaisten autoilijoiden keskim\u00e4\u00e4r\u00e4inen vaihtotahti on 4,8 vuotta.<\/p>\n<p class=\"paragraph\">Aktiivisimpia autonvaihtajia ovat tutkimuksen mukaan serbialaiset ja ukrainalaiset, joilla auto l\u00e4htee vaihtoon keskim\u00e4\u00e4rin 1,1 vuoden v\u00e4lein.<\/p>\n","protected":false},"excerpt":{"rendered":"Suomalainen autokanta on yksi Euroopan vanhimmista, mutta silti suomalaiset vaikuttavat vaihtavan autoa tiuhempaan kuin muut eurooppalaiset. Suomalaiset pit\u00e4v\u00e4t&hellip;\n","protected":false},"author":2,"featured_media":109604,"comment_status":"","ping_status":"","sticky":false,"template":"","format":"standard","meta":{"footnotes":""},"categories":[14],"tags":[35,648,22,23,26,27,33,31,30,17,24,25,121,1048,28,29,82,15,18,21,32,128,19,20,56,16,59,60,61],"class_list":{"0":"post-109603","1":"post","2":"type-post","3":"status-publish","4":"format-standard","5":"has-post-thumbnail","7":"category-ulkomaat","8":"tag-24h","9":"tag-autot","10":"tag-breaking-news","11":"tag-breakingnews","12":"tag-featured-news","13":"tag-featurednews","14":"tag-fi","15":"tag-finland","16":"tag-finnish","17":"tag-headlines","18":"tag-latest-news","19":"tag-latestnews","20":"tag-liikenne-ja-kuljetus","21":"tag-maakulkuneuvot","22":"tag-main-news","23":"tag-mainnews","24":"tag-moottoriajoneuvot","25":"tag-news","26":"tag-otsikot","27":"tag-paauutiset","28":"tag-suomi","29":"tag-tieliikenne","30":"tag-top-stories","31":"tag-topstories","32":"tag-ulkomaat","33":"tag-uutiset","34":"tag-world","35":"tag-world-news","36":"tag-worldnews"},"share_on_mastodon":{"url":"https:\/\/pubeurope.com\/@fi\/115674910891339329","error":""},"_links":{"self":[{"href":"https:\/\/www.europesays.com\/fi\/wp-json\/wp\/v2\/posts\/109603","targetHints":{"allow":["GET"]}}],"collection":[{"href":"https:\/\/www.europesays.com\/fi\/wp-json\/wp\/v2\/posts"}],"about":[{"href":"https:\/\/www.europesays.com\/fi\/wp-json\/wp\/v2\/types\/post"}],"author":[{"embeddable":true,"href":"https:\/\/www.europesays.com\/fi\/wp-json\/wp\/v2\/users\/2"}],"replies":[{"embeddable":true,"href":"https:\/\/www.europesays.com\/fi\/wp-json\/wp\/v2\/comments?post=109603"}],"version-history":[{"count":0,"href":"https:\/\/www.europesays.com\/fi\/wp-json\/wp\/v2\/posts\/109603\/revisions"}],"wp:featuredmedia":[{"embeddable":true,"href":"https:\/\/www.europesays.com\/fi\/wp-json\/wp\/v2\/media\/109604"}],"wp:attachment":[{"href":"https:\/\/www.europesays.com\/fi\/wp-json\/wp\/v2\/media?parent=109603"}],"wp:term":[{"taxonomy":"category","embeddable":true,"href":"https:\/\/www.europesays.com\/fi\/wp-json\/wp\/v2\/categories?post=109603"},{"taxonomy":"post_tag","embeddable":true,"href":"https:\/\/www.europesays.com\/fi\/wp-json\/wp\/v2\/tags?post=109603"}],"curies":[{"name":"wp","href":"https:\/\/api.w.org\/{rel}","templated":true}]}}