{"id":109614,"date":"2025-12-06T22:31:10","date_gmt":"2025-12-06T22:31:10","guid":{"rendered":"https:\/\/www.europesays.com\/fi\/109614\/"},"modified":"2025-12-06T22:31:10","modified_gmt":"2025-12-06T22:31:10","slug":"robin-packalen-toi-kihlattunsa-linnaan-uutissuomalainen","status":"publish","type":"post","link":"https:\/\/www.europesays.com\/fi\/109614\/","title":{"rendered":"Robin Packalen toi kihlattunsa Linnaan | Uutissuomalainen"},"content":{"rendered":"<p>Laulaja <strong>Robin Packalen<\/strong> saapui Linnan juhliin kihlattunsa <strong>Aura Ansaharjun <\/strong>kanssa. <\/p>\n<p>Pari on ollut yhdess\u00e4 jo pitk\u00e4\u00e4n. Yksyitysel\u00e4m\u00e4st\u00e4\u00e4n vaitonainen Packalen kertoi julkisuudessa t\u00e4n\u00e4 vuonna olevansa kihloissa. H\u00e4n on useissa haastatteluissa antanut kuitenkin ymm\u00e4rt\u00e4\u00e4, ett\u00e4 h\u00e4iden ajankohtaa ei olisi viel\u00e4 p\u00e4\u00e4tetty.<\/p>\n<p>Marraskuun lopulla <a href=\"https:\/\/www.mtv.fi\/video\/ff7b0bafb609cf237f63\/sunnuntaina-23-marraskuuta\" rel=\"nofollow noopener\" target=\"_blank\">Huomenta Suomessa<\/a> antamassaan haastattelussa laulaja ei viel\u00e4 kertonut, aikooko h\u00e4n osallistua Linnan juhliin seuralaisen kanssa.<\/p>\n<p>Ensimm\u00e4isen kerran Packalen n\u00e4htiin Linnassa vuonna 2016. Packalen kertoo <a href=\"https:\/\/www.instagram.com\/p\/DR6UdBhDArI\/?utm_source=ig_web_button_share_sheet&amp;igsh=MzRlODBiNWFlZA%3D%3D\" rel=\"nofollow noopener\" target=\"_blank\">Instagramissa<\/a>, ettei olisi silloin 18-vuotiaana nuorukaisena osannut edes kuvitella, ett\u00e4 saisi vastaavanlaisen kutsun yhdeks\u00e4n vuotta my\u00f6hemmin.<\/p>\n<p>\u2013\u2009T\u00e4m\u00e4 olkoon taas todiste siit\u00e4, ett\u00e4 el\u00e4m\u00e4 on pitk\u00e4 peli, jonka jokainen vuosi osaa yll\u00e4tt\u00e4\u00e4 tavalla, jota ei pysty ennustamaan.<\/p>\n<p>\t\t\t\t\t<img class=\"diks-card__image\" src=\"https:\/\/www.europesays.com\/fi\/wp-content\/uploads\/2025\/12\/11188916.jpg\"   loading=\"lazy\" decoding=\"sync\" alt=\"\"\/><\/p>\n<p>\t\t\t\t\t\t\t\t<script async src=\"\/\/www.instagram.com\/embed.js\"><\/script><\/p>\n","protected":false},"excerpt":{"rendered":"Laulaja Robin Packalen saapui Linnan juhliin kihlattunsa Aura Ansaharjun kanssa. Pari on ollut yhdess\u00e4 jo pitk\u00e4\u00e4n. Yksyitysel\u00e4m\u00e4st\u00e4\u00e4n vaitonainen&hellip;\n","protected":false},"author":2,"featured_media":109615,"comment_status":"","ping_status":"","sticky":false,"template":"","format":"standard","meta":{"footnotes":""},"categories":[130],"tags":[138,1074,137,33,31,30,2675,14062,47,98,32,484,109],"class_list":{"0":"post-109614","1":"post","2":"type-post","3":"status-publish","4":"format-standard","5":"has-post-thumbnail","7":"category-viihde","8":"tag-audio","9":"tag-avioliitto-ja-parisuhde","10":"tag-entertainment","11":"tag-fi","12":"tag-finland","13":"tag-finnish","14":"tag-instagram","15":"tag-linnan-juhlat","16":"tag-musiikki","17":"tag-perhe","18":"tag-suomi","19":"tag-taiteellinen-ilmaisu-ja-mediat","20":"tag-viihde"},"share_on_mastodon":{"url":"https:\/\/pubeurope.com\/@fi\/115674997391573836","error":""},"_links":{"self":[{"href":"https:\/\/www.europesays.com\/fi\/wp-json\/wp\/v2\/posts\/109614","targetHints":{"allow":["GET"]}}],"collection":[{"href":"https:\/\/www.europesays.com\/fi\/wp-json\/wp\/v2\/posts"}],"about":[{"href":"https:\/\/www.europesays.com\/fi\/wp-json\/wp\/v2\/types\/post"}],"author":[{"embeddable":true,"href":"https:\/\/www.europesays.com\/fi\/wp-json\/wp\/v2\/users\/2"}],"replies":[{"embeddable":true,"href":"https:\/\/www.europesays.com\/fi\/wp-json\/wp\/v2\/comments?post=109614"}],"version-history":[{"count":0,"href":"https:\/\/www.europesays.com\/fi\/wp-json\/wp\/v2\/posts\/109614\/revisions"}],"wp:featuredmedia":[{"embeddable":true,"href":"https:\/\/www.europesays.com\/fi\/wp-json\/wp\/v2\/media\/109615"}],"wp:attachment":[{"href":"https:\/\/www.europesays.com\/fi\/wp-json\/wp\/v2\/media?parent=109614"}],"wp:term":[{"taxonomy":"category","embeddable":true,"href":"https:\/\/www.europesays.com\/fi\/wp-json\/wp\/v2\/categories?post=109614"},{"taxonomy":"post_tag","embeddable":true,"href":"https:\/\/www.europesays.com\/fi\/wp-json\/wp\/v2\/tags?post=109614"}],"curies":[{"name":"wp","href":"https:\/\/api.w.org\/{rel}","templated":true}]}}