{"id":109620,"date":"2025-12-06T22:36:12","date_gmt":"2025-12-06T22:36:12","guid":{"rendered":"https:\/\/www.europesays.com\/fi\/109620\/"},"modified":"2025-12-06T22:36:12","modified_gmt":"2025-12-06T22:36:12","slug":"nama-olivat-linnan-juhlien-puhutuimmat-pariskunnat","status":"publish","type":"post","link":"https:\/\/www.europesays.com\/fi\/109620\/","title":{"rendered":"N\u00e4m\u00e4 olivat Linnan juhlien puhutuimmat pariskunnat"},"content":{"rendered":"<p>Linnan juhlissa n\u00e4htiin t\u00e4n\u00e4 vuonna kauniita pareja ja kuultiin useampi vauvauutinen.<\/p>\n<p>6.12. 23:43<\/p>\n<p class=\"article-body mb-nof-24 px-nof-16\">Linnan juhlissa n\u00e4htiin t\u00e4n\u00e4 vuonna monia pareja, jotka kiinnittiv\u00e4t katsojien huomion.<\/p>\n<p class=\"article-body mb-nof-24 px-nof-16\">Yksi keskeisimmist\u00e4 pareista oli tietysti presidentti <a class=\"article-personlink\" href=\"https:\/\/www.is.fi\/haku\/?query=Alexander%20Stubb\" rel=\"nofollow noopener\" target=\"_blank\">Alexander Stubb<\/a> sek\u00e4 <a class=\"article-personlink\" href=\"https:\/\/www.is.fi\/haku\/?query=Suzanne%20Innes-Stubb\" rel=\"nofollow noopener\" target=\"_blank\">Suzanne Innes-Stubb<\/a>. Presidenttipari oli varsin n\u00e4ytt\u00e4v\u00e4 ja etenkin Innes-Stubbin vaalea asu kiinnitti katseita.<\/p>\n<p class=\"article-body mb-nof-24 px-nof-16\">Illan mittaan sosiaalisessa mediassa ihasteltiin sit\u00e4, kuinka rakastuneelta pariskunta vaikutti. Muutakaan j\u00e4nnityst\u00e4 ei ainakaan p\u00e4\u00e4lle p\u00e4in vaikuttanut olevan ja meininki vaikutti kokonaisuudessaan rennolta.<\/p>\n<p class=\"article-body mb-nof-24 px-nof-16\">Kenties yksi illan puhutuin pariskunta olivat <a class=\"article-personlink\" href=\"https:\/\/www.is.fi\/haku\/?query=Robin%20Packalen\" rel=\"nofollow noopener\" target=\"_blank\">Robin Packalen<\/a> ja h\u00e4nen kihlattunsa <a class=\"article-personlink\" href=\"https:\/\/www.is.fi\/haku\/?query=Aura%20Ansaharju\" rel=\"nofollow noopener\" target=\"_blank\">Aura Ansaharju<\/a>. Linnan juhlat olivat ensimm\u00e4inen tilaisuus, miss\u00e4 pariskunta edusti yhdess\u00e4 ja miss\u00e4 Ansaharju esiintyi julkisuudessa. H\u00e4nen yll\u00e4\u00e4n n\u00e4htiin kaunis vaaleansininen iltapuku.<\/p>\n<p><img decoding=\"async\" src=\"https:\/\/www.europesays.com\/fi\/wp-content\/uploads\/2025\/12\/1765060570_737_468.jpg\" alt=\"Stubbit tanssivat ensimm\u00e4isen valssin Jenni Vartiaisen Miss\u00e4 muruseni on -kappaleen tahtiin.\" class=\"_Img_1rerz_1\" style=\"aspect-ratio:1.5\" loading=\"eager\"\/><\/p>\n<p class=\"article-picture-caption\">Stubbit tanssivat ensimm\u00e4isen valssin Jenni Vartiaisen Miss\u00e4 muruseni on -kappaleen tahtiin. Kuva:\u00a0Aleksi Jalava \/ IS<\/p>\n<p><img decoding=\"async\" src=\"https:\/\/www.europesays.com\/fi\/wp-content\/uploads\/2025\/12\/1765060570_255_468.jpg\" alt=\"\" class=\"_Img_1rerz_1\" style=\"aspect-ratio:0.6666666666666666\" loading=\"eager\"\/><\/p>\n<p class=\"article-picture-caption\">Kuva:\u00a0Aleksi Jalava \/ IS<\/p>\n<p><img decoding=\"async\" src=\"https:\/\/www.europesays.com\/fi\/wp-content\/uploads\/2025\/12\/1765044970_202_468.jpg\" alt=\"Rita Piironen synnytti puolitoista p\u00e4iv\u00e4\u00e4 ennen Linnan juhlia. H\u00e4n ja Jaakob Rissanen saapuivat Linnaan sanojensa mukaan vauvakuplassa.\" class=\"_Img_1rerz_1\" style=\"aspect-ratio:0.6666666666666666\" loading=\"eager\"\/><\/p>\n<p class=\"article-picture-caption\">Rita Piironen synnytti puolitoista p\u00e4iv\u00e4\u00e4 ennen Linnan juhlia. H\u00e4n ja Jaakob Rissanen saapuivat Linnaan sanojensa mukaan vauvakuplassa. Kuva:\u00a0Aleksi Jalava \/ IS<\/p>\n<p class=\"article-body mb-nof-24 px-nof-16\"><a class=\"article-personlink\" href=\"https:\/\/www.is.fi\/haku\/?query=Jaakob%20Rissanen\" rel=\"nofollow noopener\" target=\"_blank\">Jaakob Rissanen<\/a> ja <a class=\"article-personlink\" href=\"https:\/\/www.is.fi\/haku\/?query=Rita%20Piironen\" rel=\"nofollow noopener\" target=\"_blank\">Rita Piironen<\/a> olivat yll\u00e4tt\u00e4vimpi\u00e4 vieraita. Vain reilu vuorokausi aikaisemmin Piironen nimitt\u00e4in synnytti pariskunnalle lapsen. Synnytys oli pariskunnan mukaan sujunut oikein hyvin.<\/p>\n<p class=\"article-body mb-nof-24 px-nof-16\">\u2013 Ei t\u00e4ss\u00e4 nyt lenkille viel\u00e4 l\u00e4het\u00e4, mutta t\u00e4\u00e4ll\u00e4 voi k\u00e4vell\u00e4, Piironen kuvailee vointiaan.<\/p>\n<p class=\"article-body mb-nof-24 px-nof-16\">Piirosen mekko oli suunniteltu niin, ett\u00e4 h\u00e4nell\u00e4 olisi ollut raskausmaha. Vaate saikin kokea muodonmuutoksen hyvin lyhyell\u00e4 varoajalla, kun synnytys sitten ehtikin tapahtua.<\/p>\n<p class=\"article-body mb-nof-24 px-nof-16\">\u2013 Eilen kavennettiin niin, istuu kuitenkin p\u00e4\u00e4lle hyvin, h\u00e4n kertoi.<\/p>\n<p class=\"article-body mb-nof-24 px-nof-16\">Muitakin vauvauutisia ehdittiin illan aikana kuulemaan. KAJ-yhtyeen <a class=\"article-personlink\" href=\"https:\/\/www.is.fi\/haku\/?query=Kevin%20Holmstr%C3%B6min\" rel=\"nofollow noopener\" target=\"_blank\">Kevin Holmstr\u00f6min <\/a>puoliso <a class=\"article-personlink\" href=\"https:\/\/www.is.fi\/haku\/?query=Lina%20Raunio\" rel=\"nofollow noopener\" target=\"_blank\">Lina Raunio<\/a> on raskaana.<\/p>\n<p class=\"article-body mb-nof-24 px-nof-16\">Asiasta ei ollut aikaisemmin kerrottu julkisuuteen.<\/p>\n<p class=\"article-body mb-nof-24 px-nof-16\">\u2013 T\u00e4m\u00e4 on ollut meid\u00e4n oma juttu. Mutta nyt t\u00e4m\u00e4 jo n\u00e4kyy, niin nyt se on t\u00e4ss\u00e4, Raunio kertoi IS:lle.<\/p>\n<p><img decoding=\"async\" src=\"https:\/\/www.europesays.com\/fi\/wp-content\/uploads\/2025\/12\/1765060572_370_468.jpg\" alt=\"Katri Helena sai kunnian olla ensimm\u00e4inen, joka k\u00e4tteli Stubbia. H\u00e4n edusti Linnassa pitk\u00e4aikaisen kumppaninsa ja entisen managerinsa Tommi Liimataisen kanssa.\" class=\"_Img_1rerz_1\" style=\"aspect-ratio:1.5\" loading=\"eager\"\/><\/p>\n<p class=\"article-picture-caption\">Katri Helena sai kunnian olla ensimm\u00e4inen, joka k\u00e4tteli Stubbia. H\u00e4n edusti Linnassa pitk\u00e4aikaisen kumppaninsa ja entisen managerinsa Tommi Liimataisen kanssa. Kuva:\u00a0Aleksi Jalava \/ IS<\/p>\n<p><img decoding=\"async\" src=\"https:\/\/www.europesays.com\/fi\/wp-content\/uploads\/2025\/12\/1765060572_572_468.jpg\" alt=\"Kevin Holmstr\u00f6m ja h\u00e4nen puolisonsa Lina Raunio k\u00e4ttelev\u00e4t presidentti\u00e4.\" class=\"_Img_1rerz_1\" style=\"aspect-ratio:0.6666666666666666\" loading=\"eager\"\/><\/p>\n<p class=\"article-picture-caption\">Kevin Holmstr\u00f6m ja h\u00e4nen puolisonsa Lina Raunio k\u00e4ttelev\u00e4t presidentti\u00e4. Kuva:\u00a0Timo Korhonen \/ All Over Press<\/p>\n<p><img decoding=\"async\" src=\"https:\/\/www.europesays.com\/fi\/wp-content\/uploads\/2025\/12\/1765060572_678_468.jpg\" alt=\"Minja Koskela ja Timo Furuholm edustivat onnellisissa tunnelmissa.\" class=\"_Img_1rerz_1\" style=\"aspect-ratio:0.6666666666666666\" loading=\"eager\"\/><\/p>\n<p class=\"article-picture-caption\">Minja Koskela ja Timo Furuholm edustivat onnellisissa tunnelmissa. Kuva:\u00a0Aleksi Jalava \/ IS<\/p>\n<p class=\"article-body mb-nof-24 px-nof-16\"><a class=\"article-personlink\" href=\"https:\/\/www.is.fi\/haku\/?query=Katri%20Helena\" rel=\"nofollow noopener\" target=\"_blank\">Katri Helena<\/a> ja <a class=\"article-personlink\" href=\"https:\/\/www.is.fi\/haku\/?query=Tommi%20Liimatainen\" rel=\"nofollow noopener\" target=\"_blank\">Tommi Liimatainen<\/a> edustivat niin ik\u00e4\u00e4n yhdess\u00e4 Presidentinlinnassa. Katri Helena oli ensimm\u00e4inen vieras, joka k\u00e4tteli presidentti Stubbia.<\/p>\n<p class=\"article-body mb-nof-24 px-nof-16\">Katrin ja Tommin v\u00e4lill\u00e4 n\u00e4htiin my\u00f6s leikillist\u00e4 kommentointia, kun IS kysyi, aikooko Tommi Liimatainen moikata Presidentinlinnassa <a class=\"article-personlink\" href=\"https:\/\/www.is.fi\/haku\/?query=Riikka%20Purraa\" rel=\"nofollow noopener\" target=\"_blank\">Riikka Purraa<\/a>.<\/p>\n<p class=\"article-body mb-nof-24 px-nof-16\">\u2013 Ilman muuta moikataan, jos vastaan tulee, ja toivotan hyv\u00e4\u00e4 itsen\u00e4isyysp\u00e4iv\u00e4\u00e4, varmaan Katri Helenan luvalla, h\u00e4n letkautti.<\/p>\n<p class=\"article-body mb-nof-24 px-nof-16\">\u2013 Kyll\u00e4, ja min\u00e4kin toivotan hyv\u00e4\u00e4 itsen\u00e4isyysp\u00e4iv\u00e4\u00e4, Katri Helena kommentoi.<\/p>\n<p class=\"article-body mb-nof-24 px-nof-16\">Hell\u00e4t hetket olivat l\u00e4sn\u00e4 my\u00f6s tanssilattialla. Poliitikko <a class=\"article-personlink\" href=\"https:\/\/www.is.fi\/haku\/?query=Minja%20Koskela\" rel=\"nofollow noopener\" target=\"_blank\">Minja Koskela<\/a> ja h\u00e4nen kansanedustajakumppaninsa <a class=\"article-personlink\" href=\"https:\/\/www.is.fi\/haku\/?query=Timo%20Furuholm\" rel=\"nofollow noopener\" target=\"_blank\">Timo Furuholm<\/a> tanssivat l\u00e4heisiss\u00e4 tunnelmissa, kun <a class=\"article-personlink\" href=\"https:\/\/www.is.fi\/haku\/?query=Jenni%20Vartiainen\" rel=\"nofollow noopener\" target=\"_blank\">Jenni Vartiainen<\/a> lauloi Min\u00e4 sinua vaan -hitti\u00e4\u00e4n. Pariskunta vaihtoi kesken\u00e4\u00e4n pitk\u00e4n suudelman samalla kun he tanssivat.<\/p>\n","protected":false},"excerpt":{"rendered":"Linnan juhlissa n\u00e4htiin t\u00e4n\u00e4 vuonna kauniita pareja ja kuultiin useampi vauvauutinen. 6.12. 23:43 Linnan juhlissa n\u00e4htiin t\u00e4n\u00e4 vuonna&hellip;\n","protected":false},"author":2,"featured_media":109621,"comment_status":"","ping_status":"","sticky":false,"template":"","format":"standard","meta":{"footnotes":""},"categories":[12],"tags":[22,23,26,27,33,31,30,17,34,24,25,28,29,15,18,21,32,19,20,16],"class_list":{"0":"post-109620","1":"post","2":"type-post","3":"status-publish","4":"format-standard","5":"has-post-thumbnail","7":"category-suomi","8":"tag-breaking-news","9":"tag-breakingnews","10":"tag-featured-news","11":"tag-featurednews","12":"tag-fi","13":"tag-finland","14":"tag-finnish","15":"tag-headlines","16":"tag-ilta-sanomat","17":"tag-latest-news","18":"tag-latestnews","19":"tag-main-news","20":"tag-mainnews","21":"tag-news","22":"tag-otsikot","23":"tag-paauutiset","24":"tag-suomi","25":"tag-top-stories","26":"tag-topstories","27":"tag-uutiset"},"share_on_mastodon":{"url":"https:\/\/pubeurope.com\/@fi\/115675017078813044","error":""},"_links":{"self":[{"href":"https:\/\/www.europesays.com\/fi\/wp-json\/wp\/v2\/posts\/109620","targetHints":{"allow":["GET"]}}],"collection":[{"href":"https:\/\/www.europesays.com\/fi\/wp-json\/wp\/v2\/posts"}],"about":[{"href":"https:\/\/www.europesays.com\/fi\/wp-json\/wp\/v2\/types\/post"}],"author":[{"embeddable":true,"href":"https:\/\/www.europesays.com\/fi\/wp-json\/wp\/v2\/users\/2"}],"replies":[{"embeddable":true,"href":"https:\/\/www.europesays.com\/fi\/wp-json\/wp\/v2\/comments?post=109620"}],"version-history":[{"count":0,"href":"https:\/\/www.europesays.com\/fi\/wp-json\/wp\/v2\/posts\/109620\/revisions"}],"wp:featuredmedia":[{"embeddable":true,"href":"https:\/\/www.europesays.com\/fi\/wp-json\/wp\/v2\/media\/109621"}],"wp:attachment":[{"href":"https:\/\/www.europesays.com\/fi\/wp-json\/wp\/v2\/media?parent=109620"}],"wp:term":[{"taxonomy":"category","embeddable":true,"href":"https:\/\/www.europesays.com\/fi\/wp-json\/wp\/v2\/categories?post=109620"},{"taxonomy":"post_tag","embeddable":true,"href":"https:\/\/www.europesays.com\/fi\/wp-json\/wp\/v2\/tags?post=109620"}],"curies":[{"name":"wp","href":"https:\/\/api.w.org\/{rel}","templated":true}]}}