{"id":109623,"date":"2025-12-06T22:49:10","date_gmt":"2025-12-06T22:49:10","guid":{"rendered":"https:\/\/www.europesays.com\/fi\/109623\/"},"modified":"2025-12-06T22:49:10","modified_gmt":"2025-12-06T22:49:10","slug":"pitkaan-hiljaiseloa-viettanyt-riina-maija-palander-astui-esiin-nayttava-jatkoasu","status":"publish","type":"post","link":"https:\/\/www.europesays.com\/fi\/109623\/","title":{"rendered":"Pitk\u00e4\u00e4n hiljaiseloa viett\u00e4nyt Riina-Maija Palander astui esiin \u2013 N\u00e4ytt\u00e4v\u00e4 jatkoasu"},"content":{"rendered":"<p>Riina-Maija Palander oli alkuvuodesta erikoisen avioeroprosessin py\u00f6rteiss\u00e4. <\/p>\n<p class=\"paragraph\">Pitk\u00e4\u00e4n poissa julkisuudesta ollut <a href=\"https:\/\/www.iltalehti.fi\/henkilot\/Riina-Maija Palander\" class=\"article-link-person-page\" rel=\"nofollow noopener\" target=\"_blank\">Riina-Maija Palander<\/a> astui esiin Iltalehden suorassa l\u00e4hetyksess\u00e4, kun h\u00e4n saapui Hotel K\u00e4mpiin Linnan juhlien jatkoille.<\/p>\n<p class=\"paragraph\">Palander edusti n\u00e4ytt\u00e4v\u00e4ss\u00e4 glittermekossa. H\u00e4n kertoi hankkineensa asun virolaisesta vintageliikkeest\u00e4.<\/p>\n<p class=\"paragraph\">\u2013 Haluan olla Tuhkimo, haluan ison mekon ja leikki\u00e4 prinsessaa, Palander kuvaili.<\/p>\n<p class=\"paragraph\">Palander kertoi, ett\u00e4 h\u00e4nelle kuuluu hyv\u00e4\u00e4, mutta kiirett\u00e4 on pit\u00e4nyt.<\/p>\n<p class=\"paragraph\">\u2013 Olen ollut koko syksyn Virossa ja keskittynyt taas vaihteeksi hevosurheiluun, Palander kertoo suorassa l\u00e4hetyksess\u00e4.<\/p>\n<p class=\"paragraph\">Puuhastelua on riitt\u00e4nyt muun muassa kes\u00e4ll\u00e4 syntyneiden varsojen kanssa.<\/p>\n<p><img decoding=\"async\" class=\"image image-show image-preview\" src=\"https:\/\/www.europesays.com\/fi\/wp-content\/uploads\/2025\/12\/0fb8b5bae233a771da7689c7e346755ba46930f69627e9157e48f57e5a74284a.jpg\" alt=\"\"\/><img decoding=\"async\" class=\"image image-show\" src=\"https:\/\/www.europesays.com\/fi\/wp-content\/uploads\/2025\/12\/1765061349_730_0fb8b5bae233a771da7689c7e346755ba46930f69627e9157e48f57e5a74284a.jpg\" alt=\"\"\/><\/p>\n<p>Riina-Maija Palander juhlii itsen\u00e4isyysp\u00e4iv\u00e4\u00e4 Suomessa.  Atte Kajova<\/p>\n<p class=\"paragraph\">Palanderia ei olla n\u00e4hty julkisuudessa sen j\u00e4lkeen, kun <a href=\"https:\/\/www.iltalehti.fi\/viihdeuutiset\/51dd6d62-b36b-43a8-aa38-5cc561fc9bf2\" rel=\"nofollow noopener\" target=\"_blank\">alkuvuodesta uutisoitiin<\/a>, ett\u00e4 h\u00e4nen aviopuolisonsa, entinen alppihiiht\u00e4j\u00e4 <a href=\"https:\/\/www.iltalehti.fi\/henkilot\/Kalle Palander\" class=\"article-link-person-page\" rel=\"nofollow noopener\" target=\"_blank\">Kalle Palander<\/a> haki yksin avioeroa tammikuussa.<\/p>\n<p class=\"paragraph\"><a href=\"https:\/\/www.iltalehti.fi\/viihdeuutiset\/696d3557-261a-47ad-ac9d-b4018556997f\" rel=\"nofollow noopener\" target=\"_blank\">Toukokuussa L\u00e4nsi-Uudenmaan k\u00e4r\u00e4j\u00e4oikeus kuitenkin p\u00e4\u00e4tti<\/a>, ett\u00e4 avioerohakemus on p\u00e4\u00e4tetty j\u00e4tt\u00e4\u00e4 tutkimatta. Palanderit joutuvat siis aloittamaan prosessin alusta, mik\u00e4li he haluavat yh\u00e4 hakea avioeroa.<\/p>\n<p class=\"paragraph\">Parin avioeroprosessi oli pitk\u00e4\u00e4n jumissa, sill\u00e4 erohakemusta ei saatu annettua tiedoksi Riina-Maijalle. Asialle laitettiin haastemies, joka ei kuitenkaan onnistunut tavoittamaan  Riina-Maija Palanderia.<\/p>\n<p class=\"paragraph\">Riina-Maija perusteli hiljaiseloaan <a href=\"https:\/\/www.iltalehti.fi\/viihdeuutiset\/a83545b9-eb2b-4e3d-863b-d63af591aca9\" rel=\"nofollow noopener\" target=\"_blank\">Instagramissa syksyll\u00e4<\/a>.<\/p>\n<p class=\"paragraph\">\u2013 Olen ollut yli puoli vuotta t\u00e4ysin hiljaa n\u00e4kem\u00e4tt\u00e4 yht\u00e4 ainoaa yst\u00e4v\u00e4\u00e4 Viron maaseudulla. Koin tarpeelliseksi suojata itse\u00e4ni ja vet\u00e4ydyin hiljaisuuden retriittiin, Palander avaa.<\/p>\n<p>Riina-Maija Palander pukeutui n\u00e4ytt\u00e4v\u00e4\u00e4n glitterasuun.  Atte Kajova<\/p>\n<p class=\"paragraph\">Eilen perjantaina Palander juhli Vanajanlinnassa, jossa h\u00e4n kommentoi avioeroasiaa <a href=\"https:\/\/www.is.fi\/viihde\/art-2000011672569.html\" rel=\"noopener nofollow\" target=\"_blank\">Ilta-Sanomien<\/a> haastattelussa.<\/p>\n<p class=\"paragraph\">\u2013 No, pit\u00e4isik\u00f6h\u00e4n sit\u00e4 kysy\u00e4 h\u00e4nelt\u00e4 (Kallelta) varmaan, h\u00e4n sanoi.<\/p>\n<p class=\"paragraph\">Pariskunnalla on pitk\u00e4 yhteinen taival takana. Palander kertoi IS:lle, kuinka siihen on mahtunut erilaisia vaiheita.<\/p>\n<p class=\"paragraph\">\u2013 Meill\u00e4 on ollut hetki\u00e4, jolloin olemme ajatelleet, ett\u00e4 nyt on aika l\u00e4hte\u00e4 erilleen. Ihmiset kasvavat tietyll\u00e4 tapaa erilleen.<\/p>\n<p class=\"paragraph\">Palander sanoi heid\u00e4n olevan yh\u00e4 naimisissa, mutta he eiv\u00e4t asu tiiviisti yhdess\u00e4. He kuitenkin ovat tiiviisti yhteyksiss\u00e4.<\/p>\n","protected":false},"excerpt":{"rendered":"Riina-Maija Palander oli alkuvuodesta erikoisen avioeroprosessin py\u00f6rteiss\u00e4. Pitk\u00e4\u00e4n poissa julkisuudesta ollut Riina-Maija Palander astui esiin Iltalehden suorassa l\u00e4hetyksess\u00e4,&hellip;\n","protected":false},"author":2,"featured_media":109624,"comment_status":"","ping_status":"","sticky":false,"template":"","format":"standard","meta":{"footnotes":""},"categories":[136],"tags":[35,1075,1074,407,137,33,31,30,2096,408,923,32,109],"class_list":{"0":"post-109623","1":"post","2":"type-post","3":"status-publish","4":"format-standard","5":"has-post-thumbnail","7":"category-julkkikset","8":"tag-24h","9":"tag-avioliitto","10":"tag-avioliitto-ja-parisuhde","11":"tag-celebrities","12":"tag-entertainment","13":"tag-fi","14":"tag-finland","15":"tag-finnish","16":"tag-hiihtolajit","17":"tag-julkkikset","18":"tag-matkustaminen","19":"tag-suomi","20":"tag-viihde"},"share_on_mastodon":{"url":"https:\/\/pubeurope.com\/@fi\/115675068242751448","error":""},"_links":{"self":[{"href":"https:\/\/www.europesays.com\/fi\/wp-json\/wp\/v2\/posts\/109623","targetHints":{"allow":["GET"]}}],"collection":[{"href":"https:\/\/www.europesays.com\/fi\/wp-json\/wp\/v2\/posts"}],"about":[{"href":"https:\/\/www.europesays.com\/fi\/wp-json\/wp\/v2\/types\/post"}],"author":[{"embeddable":true,"href":"https:\/\/www.europesays.com\/fi\/wp-json\/wp\/v2\/users\/2"}],"replies":[{"embeddable":true,"href":"https:\/\/www.europesays.com\/fi\/wp-json\/wp\/v2\/comments?post=109623"}],"version-history":[{"count":0,"href":"https:\/\/www.europesays.com\/fi\/wp-json\/wp\/v2\/posts\/109623\/revisions"}],"wp:featuredmedia":[{"embeddable":true,"href":"https:\/\/www.europesays.com\/fi\/wp-json\/wp\/v2\/media\/109624"}],"wp:attachment":[{"href":"https:\/\/www.europesays.com\/fi\/wp-json\/wp\/v2\/media?parent=109623"}],"wp:term":[{"taxonomy":"category","embeddable":true,"href":"https:\/\/www.europesays.com\/fi\/wp-json\/wp\/v2\/categories?post=109623"},{"taxonomy":"post_tag","embeddable":true,"href":"https:\/\/www.europesays.com\/fi\/wp-json\/wp\/v2\/tags?post=109623"}],"curies":[{"name":"wp","href":"https:\/\/api.w.org\/{rel}","templated":true}]}}