{"id":109627,"date":"2025-12-06T22:56:10","date_gmt":"2025-12-06T22:56:10","guid":{"rendered":"https:\/\/www.europesays.com\/fi\/109627\/"},"modified":"2025-12-06T22:56:10","modified_gmt":"2025-12-06T22:56:10","slug":"valioliigan-jateille-kavi-kylmat","status":"publish","type":"post","link":"https:\/\/www.europesays.com\/fi\/109627\/","title":{"rendered":"Valioliigan j\u00e4teille k\u00e4vi kylm\u00e4t"},"content":{"rendered":"<p>Sarjan k\u00e4rki tiivistyi.<\/p>\n<p><img decoding=\"async\" class=\"image image-show image-preview\" src=\"https:\/\/www.europesays.com\/fi\/wp-content\/uploads\/2025\/12\/12b69024db12dd5b274691c7dcd79a09750a36ffeac5df4e19230b7267cb82bb.jpg\" alt=\"\"\/><img decoding=\"async\" class=\"image image-show\" src=\"https:\/\/www.europesays.com\/fi\/wp-content\/uploads\/2025\/12\/1765061768_63_12b69024db12dd5b274691c7dcd79a09750a36ffeac5df4e19230b7267cb82bb.jpg\" alt=\"\"\/><\/p>\n<p>Leedsin Jaka Bijol otti yhteen Liverpoolin Hugo Ekitiken kanssa. EPA \/ AOP<\/p>\n<p class=\"paragraph\">Arsenal ja Liverpool kompuroivat pahasti Valioliigan lauantain kierroksella.<\/p>\n<p class=\"paragraph\">Sarjak\u00e4rki Arsenal h\u00e4visi heti iltap\u00e4iv\u00e4n aluksi Aston Villalle 1\u20132. Ratkaisu syntyi dramaattisesti lis\u00e4ajalla, kun <a href=\"https:\/\/www.iltalehti.fi\/henkilot\/Emiliano Buendia\" class=\"article-link-person-page\" rel=\"nofollow noopener\" target=\"_blank\">Emiliano Buendia<\/a> laukoi pallon 95. minuutilla verkkoon. Tilannetta edelsi valtava s\u00e4hellys rangaistusalueella.<\/p>\n<p class=\"paragraph\">Kierroksen viimeisess\u00e4 ottelussa Liverpool joutui tyytym\u00e4\u00e4n pistejakoon Leedsin vieraana. Liverpool johti ottelua viel\u00e4 73. minuutilla 2\u20130, mutta romahti lopussa 3\u20133-tasapeliin.<\/p>\n<p class=\"paragraph\">Leedsin viimeisen maalin laukoi kulmapotkun j\u00e4lkeen japanilainen <a href=\"https:\/\/www.iltalehti.fi\/henkilot\/Ao Tanaka\" class=\"article-link-person-page\" rel=\"nofollow noopener\" target=\"_blank\">Ao Tanaka<\/a>. Pelikellossa oli tuolloin 96 minuuttia.<\/p>\n<p class=\"paragraph\">Arsenalin kontattua Manchester Citylle ja Chelsealle tarjottiin saumaa ottaa Tykkimiehi\u00e4 sarjataulukossa kiinni. City onnistui kaatamalla Sunderlandin 3\u20130, mutta Chelsea j\u00e4i 0\u20130-tasapeliin Bournemouthin vieraana.<\/p>\n<p class=\"paragraph\">Arsenalin sarjajohto on nyt kutistunut kahteen pisteeseen. City vaanii kakkosena.<\/p>\n<p><a href=\"https:\/\/www.iltalehti.fi\/telkku\/valioliiga?utm_source=iltalehti.fi&amp;utm_medium=almainternal&amp;utm_campaign=Valioliiga_artikkelibanneri&amp;utm_content=banner_612_a\" rel=\"nofollow noopener\" target=\"_blank\"><img decoding=\"async\" src=\"https:\/\/www.europesays.com\/fi\/wp-content\/uploads\/2025\/08\/6164524b824fbb392d3dffa965091e0cadf62b6aeaa856f842add11928a7bc73.png\" alt=\"Siirry Telkkuun\"\/><\/a><\/p>\n","protected":false},"excerpt":{"rendered":"Sarjan k\u00e4rki tiivistyi. Leedsin Jaka Bijol otti yhteen Liverpoolin Hugo Ekitiken kanssa. EPA \/ AOP Arsenal ja Liverpool&hellip;\n","protected":false},"author":2,"featured_media":109628,"comment_status":"","ping_status":"","sticky":false,"template":"","format":"standard","meta":{"footnotes":""},"categories":[158],"tags":[35,1924,531,33,31,30,43,42,41,159,32,160],"class_list":{"0":"post-109627","1":"post","2":"type-post","3":"status-publish","4":"format-standard","5":"has-post-thumbnail","7":"category-urheilu","8":"tag-24h","9":"tag-brittien-jalkapallo","10":"tag-englannin-valioliiga","11":"tag-fi","12":"tag-finland","13":"tag-finnish","14":"tag-jalkapallo","15":"tag-jalkapalloon-perustuvat-lajit","16":"tag-liikunta-ja-urheilu","17":"tag-sports","18":"tag-suomi","19":"tag-urheilu"},"share_on_mastodon":{"url":"https:\/\/pubeurope.com\/@fi\/115675095865116950","error":""},"_links":{"self":[{"href":"https:\/\/www.europesays.com\/fi\/wp-json\/wp\/v2\/posts\/109627","targetHints":{"allow":["GET"]}}],"collection":[{"href":"https:\/\/www.europesays.com\/fi\/wp-json\/wp\/v2\/posts"}],"about":[{"href":"https:\/\/www.europesays.com\/fi\/wp-json\/wp\/v2\/types\/post"}],"author":[{"embeddable":true,"href":"https:\/\/www.europesays.com\/fi\/wp-json\/wp\/v2\/users\/2"}],"replies":[{"embeddable":true,"href":"https:\/\/www.europesays.com\/fi\/wp-json\/wp\/v2\/comments?post=109627"}],"version-history":[{"count":0,"href":"https:\/\/www.europesays.com\/fi\/wp-json\/wp\/v2\/posts\/109627\/revisions"}],"wp:featuredmedia":[{"embeddable":true,"href":"https:\/\/www.europesays.com\/fi\/wp-json\/wp\/v2\/media\/109628"}],"wp:attachment":[{"href":"https:\/\/www.europesays.com\/fi\/wp-json\/wp\/v2\/media?parent=109627"}],"wp:term":[{"taxonomy":"category","embeddable":true,"href":"https:\/\/www.europesays.com\/fi\/wp-json\/wp\/v2\/categories?post=109627"},{"taxonomy":"post_tag","embeddable":true,"href":"https:\/\/www.europesays.com\/fi\/wp-json\/wp\/v2\/tags?post=109627"}],"curies":[{"name":"wp","href":"https:\/\/api.w.org\/{rel}","templated":true}]}}