{"id":109639,"date":"2025-12-06T23:15:08","date_gmt":"2025-12-06T23:15:08","guid":{"rendered":"https:\/\/www.europesays.com\/fi\/109639\/"},"modified":"2025-12-06T23:15:08","modified_gmt":"2025-12-06T23:15:08","slug":"johannes-mollbergin-linnan-juhlien-puvun-hihoissa-komeilivat-viki-ja-kopi","status":"publish","type":"post","link":"https:\/\/www.europesays.com\/fi\/109639\/","title":{"rendered":"Johannes Mollbergin Linnan juhlien puvun hihoissa komeilivat Viki ja K\u00f6pi"},"content":{"rendered":"<p><strong class=\"typography-bold\">Juontaja Johannes Mollberg kunnioitti kollegoitaan Viki\u00e4 ja K\u00f6pi\u00e4 Linnan juhlissa.<\/strong><\/p>\n<p>Juontaja-k\u00e4sikirjoittaja <strong class=\"typography-bold\">Johannes Mollberg<\/strong> ihastutti <a class=\"underline\" data-testid=\"internal-link\" role=\"link\" data-sentry-element=\"Link\" data-sentry-component=\"InternalLink\" data-sentry-source-file=\"InternalLink.tsx\" href=\"https:\/\/www.mtvuutiset.fi\/aihe\/linnan-juhlat\/2839424\" rel=\"nofollow noopener\" target=\"_blank\">Linnan juhlissa<\/a> Viki ja K\u00f6pi -kalvosinnapeillaan, jotka mukailevat Viki ja K\u00f6pi Show&#8217;sta tunnettujen <a class=\"underline\" data-testid=\"internal-link\" role=\"link\" data-sentry-element=\"Link\" data-sentry-component=\"InternalLink\" data-sentry-source-file=\"InternalLink.tsx\" href=\"https:\/\/www.mtvuutiset.fi\/aihe\/viki-eerikkila\/7684066\" rel=\"nofollow noopener\" target=\"_blank\"><strong class=\"typography-bold\">Ville &#8221;Viki&#8221; Eerikkil\u00e4n<\/strong><\/a> ja<strong class=\"typography-bold\"> <\/strong><a class=\"underline\" data-testid=\"internal-link\" role=\"link\" data-sentry-element=\"Link\" data-sentry-component=\"InternalLink\" data-sentry-source-file=\"InternalLink.tsx\" href=\"https:\/\/www.mtvuutiset.fi\/aihe\/kopi-kallio\/8275484\" rel=\"nofollow noopener\" target=\"_blank\"><strong class=\"typography-bold\">Juuso &#8221;K\u00f6pi&#8221; Kallion<\/strong><\/a> kasvoja. Napit on suunnitellut ja valmistanut <strong class=\"typography-bold\">Pinja Gr\u00f6n<\/strong>.<\/p>\n<p>\u2013 He eiv\u00e4t valitettavasti saaneet t\u00e4n\u00e4 vuonna kutsua Linnaan, koska teemana on sivistys. Mutta he ovat n\u00e4in hengess\u00e4 mukana, Mollberg vitsaili <a class=\"underline\" data-testid=\"external-link\" href=\"https:\/\/www.mtv.fi\/video\/fcc7569bebb51cd008dd\/jakso-1-linnan-juhlat \" rel=\"noopener noreferrer nofollow\" data-sentry-component=\"ExternalLink\" data-sentry-source-file=\"ExternalLink.tsx\" target=\"_blank\">MTV Uutisten erikoisl\u00e4hetyksess\u00e4<\/a>.\u00a0<\/p>\n","protected":false},"excerpt":{"rendered":"Juontaja Johannes Mollberg kunnioitti kollegoitaan Viki\u00e4 ja K\u00f6pi\u00e4 Linnan juhlissa. Juontaja-k\u00e4sikirjoittaja Johannes Mollberg ihastutti Linnan juhlissa Viki ja&hellip;\n","protected":false},"author":2,"featured_media":109640,"comment_status":"","ping_status":"","sticky":false,"template":"","format":"standard","meta":{"footnotes":""},"categories":[136],"tags":[407,137,33,31,30,408,32,109],"class_list":{"0":"post-109639","1":"post","2":"type-post","3":"status-publish","4":"format-standard","5":"has-post-thumbnail","7":"category-julkkikset","8":"tag-celebrities","9":"tag-entertainment","10":"tag-fi","11":"tag-finland","12":"tag-finnish","13":"tag-julkkikset","14":"tag-suomi","15":"tag-viihde"},"share_on_mastodon":{"url":"https:\/\/pubeurope.com\/@fi\/115675170296978058","error":""},"_links":{"self":[{"href":"https:\/\/www.europesays.com\/fi\/wp-json\/wp\/v2\/posts\/109639","targetHints":{"allow":["GET"]}}],"collection":[{"href":"https:\/\/www.europesays.com\/fi\/wp-json\/wp\/v2\/posts"}],"about":[{"href":"https:\/\/www.europesays.com\/fi\/wp-json\/wp\/v2\/types\/post"}],"author":[{"embeddable":true,"href":"https:\/\/www.europesays.com\/fi\/wp-json\/wp\/v2\/users\/2"}],"replies":[{"embeddable":true,"href":"https:\/\/www.europesays.com\/fi\/wp-json\/wp\/v2\/comments?post=109639"}],"version-history":[{"count":0,"href":"https:\/\/www.europesays.com\/fi\/wp-json\/wp\/v2\/posts\/109639\/revisions"}],"wp:featuredmedia":[{"embeddable":true,"href":"https:\/\/www.europesays.com\/fi\/wp-json\/wp\/v2\/media\/109640"}],"wp:attachment":[{"href":"https:\/\/www.europesays.com\/fi\/wp-json\/wp\/v2\/media?parent=109639"}],"wp:term":[{"taxonomy":"category","embeddable":true,"href":"https:\/\/www.europesays.com\/fi\/wp-json\/wp\/v2\/categories?post=109639"},{"taxonomy":"post_tag","embeddable":true,"href":"https:\/\/www.europesays.com\/fi\/wp-json\/wp\/v2\/tags?post=109639"}],"curies":[{"name":"wp","href":"https:\/\/api.w.org\/{rel}","templated":true}]}}