{"id":109647,"date":"2025-12-06T23:27:10","date_gmt":"2025-12-06T23:27:10","guid":{"rendered":"https:\/\/www.europesays.com\/fi\/109647\/"},"modified":"2025-12-06T23:27:10","modified_gmt":"2025-12-06T23:27:10","slug":"zelenskyi-seuraavista-askelista-usan-kanssa-sovittu","status":"publish","type":"post","link":"https:\/\/www.europesays.com\/fi\/109647\/","title":{"rendered":"Zelenskyi: Seuraavista askelista USA:n kanssa sovittu"},"content":{"rendered":"<p><strong class=\"typography-bold\">Ukrainan presidentin Volodymyr Zelenskyin mukaan Ukraina ja USA ovat sopineet seuraavista askelista rauhan saamiseksi Ukrainaan.<\/strong><\/p>\n<p><strong class=\"typography-bold\">Volodymyr Zelenskyi <\/strong>sanoi t\u00e4n\u00e4\u00e4n lauantaina alkuillasta Suomen aikaa, ett\u00e4 Ukraina on p\u00e4\u00e4tt\u00e4nyt jatkaa yhteisty\u00f6t\u00e4 Yhdysvaltain kanssa &#8221;todellisen rauhan saavuttamiseksi&#8221;.<\/p>\n<p>Zelenskyi sanoi puhuneensa &#8221;pitk\u00e4n ja asiallisen&#8221; puhelun Yhdysvaltain erityisl\u00e4hettil\u00e4\u00e4n<strong class=\"typography-bold\"> Steve Witkoffin<\/strong> ja presidentti <strong class=\"typography-bold\">Donald Trumpin<\/strong> v\u00e4vyn <strong class=\"typography-bold\">Jared Kushnerin<\/strong> kanssa.<\/p>\n<p>H\u00e4n kertoi asiasta viestipalvelu X:ss\u00e4.<\/p>\n<p>Yhdysvaltain ja Ukrainan edustajat ovat keskustelleet rauhansuunnitelman edist\u00e4misest\u00e4 Miamissa jo kahden p\u00e4iv\u00e4n ajan.<\/p>\n<p>Perjantainen tapaaminen oli jo kuudes laatuaan kahden viikon sis\u00e4ll\u00e4.<\/p>\n<p>Ukrainaa Miamissa ovat edustaneet p\u00e4\u00e4neuvottelija <strong class=\"typography-bold\">Rustem Umjerov<\/strong> ja yleisesikunnan p\u00e4\u00e4llikk\u00f6 <strong class=\"typography-bold\">Andri Hnatov<\/strong>.<\/p>\n<p>\u2013\u2009Umjerov vahvisti, ett\u00e4 Ukrainan prioriteetti on varmistaa sopimus, joka turvaa sen itsen\u00e4isyytt\u00e4 ja itsem\u00e4\u00e4r\u00e4\u00e4misoikeutta, varmistaa ukrainalaisten turvallisuuden sek\u00e4 tarjoaa vakaan perustan vauraalle demokraattiselle tulevaisuudelle, lausunnossa sanotaan.<\/p>\n<p><strong class=\"typography-bold\">Keskustelivat Witkoffin ja Putinin tapaamisesta<\/strong><\/p>\n<p>Osapuolet kertovat keskustelleensa Yhdysvaltain ja Ven\u00e4j\u00e4n tuoreen tapaamisen tuloksista sek\u00e4 toimista, jotka voisivat johtaa sodan p\u00e4\u00e4ttymiseen.\u00a0<\/p>\n<p>Lausunnossa ei kuitenkaan avattu tarkemmin, mit\u00e4 Miamissa aiheesta puhuttiin.<\/p>\n<p>Witkoff ja Kushner tapasivat tiistaina Ven\u00e4j\u00e4n presidentin <strong class=\"typography-bold\">Vladimir Putinin <\/strong>Moskovassa.\u00a0<\/p>\n<p>Tapaaminen ei kuitenkaan tuottanut l\u00e4pimurtoa rauhansuunnitelman edist\u00e4misess\u00e4.\u00a0<\/p>\n<p>T\u00e4st\u00e4 huolimatta presidentti Trump sanoi keskiviikkona uskovansa, ett\u00e4 Putin haluaa tosissaan lopettaa Ukrainan sodan.<\/p>\n<p>Lausunnon mukaan maiden edustajat ovat yht\u00e4 mielt\u00e4 siit\u00e4, ett\u00e4 todellinen edistys on kiinni Ven\u00e4j\u00e4n valmiudesta osoittaa sitoumustaan pitk\u00e4kestoiseen rauhaan. T\u00e4h\u00e4n lukeutuvat muun muassa askeleet kohti tilanteen lievent\u00e4mist\u00e4 sek\u00e4 tappamisen lopettaminen.<\/p>\n<p><strong class=\"typography-bold\">Puhetta my\u00f6s j\u00e4lleenrakennuksesta<\/strong><\/p>\n<p>Yhdysvallat ja Ukraina sopivat Miamissa my\u00f6s turvallisuusj\u00e4rjestelyjen kehyksest\u00e4 ja keskustelivat kest\u00e4v\u00e4n rauhan yll\u00e4pit\u00e4miseksi tarvittavista pelotekyvyist\u00e4.<\/p>\n<p>\u2013\u2009Osapuolet tarkastelivat my\u00f6s erikseen tulevaisuuden vaurausohjelmaa, jonka tavoitteena on tukea Ukrainan sodanj\u00e4lkeist\u00e4 j\u00e4lleenrakennusta, Yhdysvaltojen ja Ukrainan yhteisi\u00e4 talousaloitteita sek\u00e4 pitk\u00e4n aikav\u00e4lin elvytyshankkeita, lausunnossa lis\u00e4t\u00e4\u00e4n.<\/p>\n<p>Ven\u00e4j\u00e4 aloitti t\u00e4ysimittaisen hy\u00f6kk\u00e4yssotansa Ukrainassa vuoden 2022 helmikuussa.<\/p>\n<p><strong class=\"typography-bold\">Euroopan johtajat tapaavat maanantaina<\/strong><\/p>\n<p>Britannian p\u00e4\u00e4ministeri <strong class=\"typography-bold\">Keir Starmer <\/strong>tapaa maanantaina Lontoossa Volodymyr Zelenskyin, Ranskan presidentin <strong class=\"typography-bold\">Emmanuel Macronin<\/strong> ja Saksan liittokanslerin <strong class=\"typography-bold\">Friedrich Merzin<\/strong>.<\/p>\n<p>Asiasta kertoi Macron lauantaina. H\u00e4nen mukaansa tapaamisen tarkoituksena on arvioida Yhdysvaltojen vet\u00e4mi\u00e4 neuvotteluja.<\/p>\n","protected":false},"excerpt":{"rendered":"Ukrainan presidentin Volodymyr Zelenskyin mukaan Ukraina ja USA ovat sopineet seuraavista askelista rauhan saamiseksi Ukrainaan. Volodymyr Zelenskyi sanoi&hellip;\n","protected":false},"author":2,"featured_media":93281,"comment_status":"","ping_status":"","sticky":false,"template":"","format":"standard","meta":{"footnotes":""},"categories":[14],"tags":[22,23,26,27,33,31,30,17,24,25,28,29,15,18,21,32,19,20,56,16,59,60,61],"class_list":{"0":"post-109647","1":"post","2":"type-post","3":"status-publish","4":"format-standard","5":"has-post-thumbnail","7":"category-ulkomaat","8":"tag-breaking-news","9":"tag-breakingnews","10":"tag-featured-news","11":"tag-featurednews","12":"tag-fi","13":"tag-finland","14":"tag-finnish","15":"tag-headlines","16":"tag-latest-news","17":"tag-latestnews","18":"tag-main-news","19":"tag-mainnews","20":"tag-news","21":"tag-otsikot","22":"tag-paauutiset","23":"tag-suomi","24":"tag-top-stories","25":"tag-topstories","26":"tag-ulkomaat","27":"tag-uutiset","28":"tag-world","29":"tag-world-news","30":"tag-worldnews"},"share_on_mastodon":{"url":"https:\/\/pubeurope.com\/@fi\/115675217553312862","error":""},"_links":{"self":[{"href":"https:\/\/www.europesays.com\/fi\/wp-json\/wp\/v2\/posts\/109647","targetHints":{"allow":["GET"]}}],"collection":[{"href":"https:\/\/www.europesays.com\/fi\/wp-json\/wp\/v2\/posts"}],"about":[{"href":"https:\/\/www.europesays.com\/fi\/wp-json\/wp\/v2\/types\/post"}],"author":[{"embeddable":true,"href":"https:\/\/www.europesays.com\/fi\/wp-json\/wp\/v2\/users\/2"}],"replies":[{"embeddable":true,"href":"https:\/\/www.europesays.com\/fi\/wp-json\/wp\/v2\/comments?post=109647"}],"version-history":[{"count":0,"href":"https:\/\/www.europesays.com\/fi\/wp-json\/wp\/v2\/posts\/109647\/revisions"}],"wp:featuredmedia":[{"embeddable":true,"href":"https:\/\/www.europesays.com\/fi\/wp-json\/wp\/v2\/media\/93281"}],"wp:attachment":[{"href":"https:\/\/www.europesays.com\/fi\/wp-json\/wp\/v2\/media?parent=109647"}],"wp:term":[{"taxonomy":"category","embeddable":true,"href":"https:\/\/www.europesays.com\/fi\/wp-json\/wp\/v2\/categories?post=109647"},{"taxonomy":"post_tag","embeddable":true,"href":"https:\/\/www.europesays.com\/fi\/wp-json\/wp\/v2\/tags?post=109647"}],"curies":[{"name":"wp","href":"https:\/\/api.w.org\/{rel}","templated":true}]}}